{"id":9553,"date":"2023-01-20T12:52:56","date_gmt":"2023-01-20T20:52:56","guid":{"rendered":"https:\/\/www.itaipbc.org.mx\/itaipBC-2019\/?p=9553"},"modified":"2023-01-24T00:59:45","modified_gmt":"2023-01-24T08:59:45","slug":"itaipbc-inai-y-ayuntamiento-de-tijuana-promueven-transparencia-en-fiesta-de-la-verdad","status":"publish","type":"post","link":"https:\/\/www.itaipbc.org.mx\/itaipBC-2019\/itaipbc-inai-y-ayuntamiento-de-tijuana-promueven-transparencia-en-fiesta-de-la-verdad\/","title":{"rendered":"ITAIPBC, INAI Y AYUNTAMIENTO DE TIJUANA PROMUEVEN TRANSPARENCIA EN \u201cFIESTA DE LA VERDAD\u201d"},"content":{"rendered":"<p><img loading=\"lazy\" decoding=\"async\" class=\"alignnone size-medium wp-image-9557\" src=\"https:\/\/www.itaipbc.org.mx\/itaipBC-2019\/wp-content\/uploads\/2023\/01\/portada-450x248.jpg\" alt=\"\" width=\"450\" height=\"248\" srcset=\"https:\/\/www.itaipbc.org.mx\/itaipBC-2019\/wp-content\/uploads\/2023\/01\/portada-450x248.jpg 450w, https:\/\/www.itaipbc.org.mx\/itaipBC-2019\/wp-content\/uploads\/2023\/01\/portada-768x424.jpg 768w, https:\/\/www.itaipbc.org.mx\/itaipBC-2019\/wp-content\/uploads\/2023\/01\/portada.jpg 846w\" sizes=\"auto, (max-width: 450px) 100vw, 450px\" \/><\/p>\n<p><strong>ITAIPBC, INAI Y AYUNTAMIENTO DE TIJUANA PROMUEVEN TRANSPARENCIA EN \u201cFIESTA DE LA VERDAD\u201d<\/strong><\/p>\n<p><strong>Tijuana, Baja California.-<\/strong> El Instituto de Transparencia, Acceso a la Informaci\u00f3n P\u00fablica y Protecci\u00f3n de Datos Personales del Estado de Baja California (ITAIPBC) en colaboraci\u00f3n con el Instituto Nacional de Transparencia, Acceso a la Informaci\u00f3n y Protecci\u00f3n de Datos Personales (INAI) y el Ayuntamiento de Tijuana llevaron a cabo la \u201cFiesta de la Verdad\u201d en las instalaciones del Parque Morelos de la ciudad.<img loading=\"lazy\" decoding=\"async\" class=\"alignnone size-medium wp-image-9555\" src=\"https:\/\/www.itaipbc.org.mx\/itaipBC-2019\/wp-content\/uploads\/2023\/01\/3-450x300.jpg\" alt=\"\" width=\"450\" height=\"300\" srcset=\"https:\/\/www.itaipbc.org.mx\/itaipBC-2019\/wp-content\/uploads\/2023\/01\/3-450x300.jpg 450w, https:\/\/www.itaipbc.org.mx\/itaipBC-2019\/wp-content\/uploads\/2023\/01\/3-768x512.jpg 768w, https:\/\/www.itaipbc.org.mx\/itaipBC-2019\/wp-content\/uploads\/2023\/01\/3.jpg 1024w\" sizes=\"auto, (max-width: 450px) 100vw, 450px\" \/><\/p>\n<p>La feria cont\u00f3 con la participaci\u00f3n de 3 mil asistentes entre los que destacan ni\u00f1as, ni\u00f1os, j\u00f3venes estudiantes de diversas escuelas primarias y secundarias municipales, as\u00ed como ciudadan\u00eda en general. Su principal objetivo fue promover entre la poblaci\u00f3n el conocimiento de la transparencia, la difusi\u00f3n del derecho de acceso a la informaci\u00f3n y el cuidado en el tratamiento de la protecci\u00f3n de datos personales.<\/p>\n<p>La \u201cFiesta de la Verdad\u201d es un modelo que busca el trabajo colaborativo entre el INAI, los \u00d3rganos Garantes Locales y autoridades de gobierno municipal y estatal con el objetivo de generar la participaci\u00f3n social, aunado a actividades culturales, l\u00fadicas y recreativas.<\/p>\n<p><img loading=\"lazy\" decoding=\"async\" class=\"alignnone size-medium wp-image-9554\" src=\"https:\/\/www.itaipbc.org.mx\/itaipBC-2019\/wp-content\/uploads\/2023\/01\/7-450x338.jpg\" alt=\"\" width=\"450\" height=\"338\" srcset=\"https:\/\/www.itaipbc.org.mx\/itaipBC-2019\/wp-content\/uploads\/2023\/01\/7-450x338.jpg 450w, https:\/\/www.itaipbc.org.mx\/itaipBC-2019\/wp-content\/uploads\/2023\/01\/7-768x576.jpg 768w, https:\/\/www.itaipbc.org.mx\/itaipBC-2019\/wp-content\/uploads\/2023\/01\/7-400x300.jpg 400w, https:\/\/www.itaipbc.org.mx\/itaipBC-2019\/wp-content\/uploads\/2023\/01\/7-800x600.jpg 800w, https:\/\/www.itaipbc.org.mx\/itaipBC-2019\/wp-content\/uploads\/2023\/01\/7.jpg 1024w\" sizes=\"auto, (max-width: 450px) 100vw, 450px\" \/><\/p>\n<p>La din\u00e1mica consta de 17 m\u00f3dulos con actividades y juegos relacionadas a los temas, en los cuales las y los participantes reciben fichas por cada m\u00f3dulo en el que participen, las cuales son intercambiadas entre m\u00e1s de 9 mil premios en el \u201cCentro de Canje\u201d del INAI.<\/p>\n<p>Durante el acto protocolario de inauguraci\u00f3n, el Comisionado Presidente del ITAIPBC, Jos\u00e9 Rodolfo Mu\u00f1oz Garc\u00eda, coment\u00f3 que para el Instituto es de suma importancia difundir estos valores entre las nuevas generaciones para materializar una cultura por la transparencia, el acceso a la informaci\u00f3n y la protecci\u00f3n de los datos personales.<\/p>\n<p>\u201cCreemos sinceramente que la participaci\u00f3n de INAI, el Municipio y el Instituto de Transparencia, creemos que podemos hacer una simbiosis, simplemente necesaria y esencial para poder construir una mejor sociedad\u201d, dijo.<\/p>\n<p>&nbsp;<\/p>\n<p><img loading=\"lazy\" decoding=\"async\" class=\"alignnone size-medium wp-image-9556\" src=\"https:\/\/www.itaipbc.org.mx\/itaipBC-2019\/wp-content\/uploads\/2023\/01\/10-450x338.jpg\" alt=\"\" width=\"450\" height=\"338\" srcset=\"https:\/\/www.itaipbc.org.mx\/itaipBC-2019\/wp-content\/uploads\/2023\/01\/10-450x338.jpg 450w, https:\/\/www.itaipbc.org.mx\/itaipBC-2019\/wp-content\/uploads\/2023\/01\/10-768x576.jpg 768w, https:\/\/www.itaipbc.org.mx\/itaipBC-2019\/wp-content\/uploads\/2023\/01\/10-400x300.jpg 400w, https:\/\/www.itaipbc.org.mx\/itaipBC-2019\/wp-content\/uploads\/2023\/01\/10-800x600.jpg 800w, https:\/\/www.itaipbc.org.mx\/itaipBC-2019\/wp-content\/uploads\/2023\/01\/10.jpg 1024w\" sizes=\"auto, (max-width: 450px) 100vw, 450px\" \/><\/p>\n<p>Cabe resaltar que, desde 2015, Zacatecas, Durango, Hidalgo, Nuevo Le\u00f3n, entre otros estados han sido sede de esta fiesta. Baja California, inici\u00f3 con las festividades de este 2023.<\/p>\n<p>Luego del corte de list\u00f3n durante la ceremonia de inauguraci\u00f3n, las autoridades presentes, hicieron un recorrido por los m\u00f3dulos que integraron la actividad.<\/p>\n<p>El evento fue encabezado por la Alcaldesa del XXIV Ayuntamiento de Tijuana, Monserrat Caballero Ram\u00edrez; las Comisionadas del INAI, Norma Julieta del R\u00edo Venegas, Josefina Rom\u00e1n Vergara; los Comisionados Nacionales, Francisco Javier Acu\u00f1a Llamas y Adri\u00e1n Alcal\u00e1 M\u00e9ndez; el Coordinador de Organismos Garantes del Sistema Nacional de Transparencia, Abraham Montes Maga\u00f1a; la Coordinadora de la Regi\u00f3n Norte, Alma Cristina L\u00f3pez de la Torre; el Secretario Municipal de Gobierno, Jes\u00fas Garc\u00eda Castro; el Oficial Mayor, Marcelo de Jes\u00fas Machain Serv\u00edn; el Regidor David Ruvalcaba Flores; el Director General de Transparencia del Ayuntamiento de Tijuana, Conrado Jes\u00fas Macfarland Valenzuela.<\/p>\n<p>Asimismo, se cont\u00f3 con la presencia de la Comisionada Propietaria del ITAIPBC, Luc\u00eda Ariana Miranda G\u00f3mez; el Comisionado Propietario, Jes\u00fas Alberto Sandoval Franco; el Comisionado Presidente de la CEAIP Sinaloa, Jos\u00e9 Luis Moreno L\u00f3pez; Las Comisionadas del INFOEM, Guadalupe Ram\u00edrez Pe\u00f1a y Mar\u00eda del Rosario Mej\u00eda Ayala; el Consejero de INFONL, Bernardo Sierra G\u00f3mez y la Secretaria Ejecutiva del ITAIPBC, Jimena Jim\u00e9nez Mena.<\/p>\n","protected":false},"excerpt":{"rendered":"<p>ITAIPBC, INAI Y AYUNTAMIENTO DE TIJUANA PROMUEVEN TRANSPARENCIA EN \u201cFIESTA DE LA VERDAD\u201d Tijuana, Baja California.- El Instituto de Transparencia, Acceso a la Informaci\u00f3n P\u00fablica y Protecci\u00f3n de Datos Personales del Estado de Baja California (ITAIPBC) en colaboraci\u00f3n con el Instituto Nacional de Transparencia, Acceso a la Informaci\u00f3n y Protecci\u00f3n de Datos Personales (INAI) y [&hellip;]<\/p>\n","protected":false},"author":8,"featured_media":9557,"comment_status":"open","ping_status":"open","sticky":false,"template":"","format":"standard","meta":{"footnotes":""},"categories":[1],"tags":[155],"class_list":["post-9553","post","type-post","status-publish","format-standard","has-post-thumbnail","hentry","category-noticias","tag-itaipbc-transparencia-datos-personales-inai-feria-de-la-verdad"],"yoast_head":"<!-- This site is optimized with the Yoast SEO plugin v26.5 - https:\/\/yoast.com\/wordpress\/plugins\/seo\/ -->\n<title>ITAIPBC, INAI Y AYUNTAMIENTO DE TIJUANA PROMUEVEN TRANSPARENCIA EN \u201cFIESTA DE LA VERDAD\u201d - ItaipBC<\/title>\n<meta name=\"robots\" content=\"index, follow, max-snippet:-1, max-image-preview:large, max-video-preview:-1\" \/>\n<link rel=\"canonical\" href=\"https:\/\/www.itaipbc.org.mx\/itaipBC-2019\/itaipbc-inai-y-ayuntamiento-de-tijuana-promueven-transparencia-en-fiesta-de-la-verdad\/\" \/>\n<meta property=\"og:locale\" content=\"es_ES\" \/>\n<meta property=\"og:type\" content=\"article\" \/>\n<meta property=\"og:title\" content=\"ITAIPBC, INAI Y AYUNTAMIENTO DE TIJUANA PROMUEVEN TRANSPARENCIA EN \u201cFIESTA DE LA VERDAD\u201d - ItaipBC\" \/>\n<meta property=\"og:description\" content=\"ITAIPBC, INAI Y AYUNTAMIENTO DE TIJUANA PROMUEVEN TRANSPARENCIA EN \u201cFIESTA DE LA VERDAD\u201d Tijuana, Baja California.- El Instituto de Transparencia, Acceso a la Informaci\u00f3n P\u00fablica y Protecci\u00f3n de Datos Personales del Estado de Baja California (ITAIPBC) en colaboraci\u00f3n con el Instituto Nacional de Transparencia, Acceso a la Informaci\u00f3n y Protecci\u00f3n de Datos Personales (INAI) y [&hellip;]\" \/>\n<meta property=\"og:url\" content=\"https:\/\/www.itaipbc.org.mx\/itaipBC-2019\/itaipbc-inai-y-ayuntamiento-de-tijuana-promueven-transparencia-en-fiesta-de-la-verdad\/\" \/>\n<meta property=\"og:site_name\" content=\"ItaipBC\" \/>\n<meta property=\"article:published_time\" content=\"2023-01-20T20:52:56+00:00\" \/>\n<meta property=\"article:modified_time\" content=\"2023-01-24T08:59:45+00:00\" \/>\n<meta property=\"og:image\" content=\"https:\/\/www.itaipbc.org.mx\/itaipBC-2019\/wp-content\/uploads\/2023\/01\/portada.jpg\" \/>\n\t<meta property=\"og:image:width\" content=\"846\" \/>\n\t<meta property=\"og:image:height\" content=\"467\" \/>\n\t<meta property=\"og:image:type\" content=\"image\/jpeg\" \/>\n<meta name=\"author\" content=\"Anahi Prescencion\" \/>\n<meta name=\"twitter:card\" content=\"summary_large_image\" \/>\n<meta name=\"twitter:label1\" content=\"Escrito por\" \/>\n\t<meta name=\"twitter:data1\" content=\"Anahi Prescencion\" \/>\n\t<meta name=\"twitter:label2\" content=\"Tiempo de lectura\" \/>\n\t<meta name=\"twitter:data2\" content=\"4 minutos\" \/>\n<script type=\"application\/ld+json\" class=\"yoast-schema-graph\">{\"@context\":\"https:\/\/schema.org\",\"@graph\":[{\"@type\":\"Article\",\"@id\":\"https:\/\/www.itaipbc.org.mx\/itaipBC-2019\/itaipbc-inai-y-ayuntamiento-de-tijuana-promueven-transparencia-en-fiesta-de-la-verdad\/#article\",\"isPartOf\":{\"@id\":\"https:\/\/www.itaipbc.org.mx\/itaipBC-2019\/itaipbc-inai-y-ayuntamiento-de-tijuana-promueven-transparencia-en-fiesta-de-la-verdad\/\"},\"author\":{\"name\":\"Anahi Prescencion\",\"@id\":\"https:\/\/www.itaipbc.org.mx\/itaipBC-2019\/#\/schema\/person\/fe0517b8be1919f7dd71c9d01a6cdb08\"},\"headline\":\"ITAIPBC, INAI Y AYUNTAMIENTO DE TIJUANA PROMUEVEN TRANSPARENCIA EN \u201cFIESTA DE LA VERDAD\u201d\",\"datePublished\":\"2023-01-20T20:52:56+00:00\",\"dateModified\":\"2023-01-24T08:59:45+00:00\",\"mainEntityOfPage\":{\"@id\":\"https:\/\/www.itaipbc.org.mx\/itaipBC-2019\/itaipbc-inai-y-ayuntamiento-de-tijuana-promueven-transparencia-en-fiesta-de-la-verdad\/\"},\"wordCount\":586,\"commentCount\":0,\"publisher\":{\"@id\":\"https:\/\/www.itaipbc.org.mx\/itaipBC-2019\/#organization\"},\"image\":{\"@id\":\"https:\/\/www.itaipbc.org.mx\/itaipBC-2019\/itaipbc-inai-y-ayuntamiento-de-tijuana-promueven-transparencia-en-fiesta-de-la-verdad\/#primaryimage\"},\"thumbnailUrl\":\"https:\/\/www.itaipbc.org.mx\/itaipBC-2019\/wp-content\/uploads\/2023\/01\/portada.jpg\",\"keywords\":[\"ITAIPBC TRANSPARENCIA DATOS PERSONALES INAI FERIA DE LA VERDAD\"],\"articleSection\":[\"Noticias\"],\"inLanguage\":\"es\",\"potentialAction\":[{\"@type\":\"CommentAction\",\"name\":\"Comment\",\"target\":[\"https:\/\/www.itaipbc.org.mx\/itaipBC-2019\/itaipbc-inai-y-ayuntamiento-de-tijuana-promueven-transparencia-en-fiesta-de-la-verdad\/#respond\"]}]},{\"@type\":\"WebPage\",\"@id\":\"https:\/\/www.itaipbc.org.mx\/itaipBC-2019\/itaipbc-inai-y-ayuntamiento-de-tijuana-promueven-transparencia-en-fiesta-de-la-verdad\/\",\"url\":\"https:\/\/www.itaipbc.org.mx\/itaipBC-2019\/itaipbc-inai-y-ayuntamiento-de-tijuana-promueven-transparencia-en-fiesta-de-la-verdad\/\",\"name\":\"ITAIPBC, INAI Y AYUNTAMIENTO DE TIJUANA PROMUEVEN TRANSPARENCIA EN \u201cFIESTA DE LA VERDAD\u201d - ItaipBC\",\"isPartOf\":{\"@id\":\"https:\/\/www.itaipbc.org.mx\/itaipBC-2019\/#website\"},\"primaryImageOfPage\":{\"@id\":\"https:\/\/www.itaipbc.org.mx\/itaipBC-2019\/itaipbc-inai-y-ayuntamiento-de-tijuana-promueven-transparencia-en-fiesta-de-la-verdad\/#primaryimage\"},\"image\":{\"@id\":\"https:\/\/www.itaipbc.org.mx\/itaipBC-2019\/itaipbc-inai-y-ayuntamiento-de-tijuana-promueven-transparencia-en-fiesta-de-la-verdad\/#primaryimage\"},\"thumbnailUrl\":\"https:\/\/www.itaipbc.org.mx\/itaipBC-2019\/wp-content\/uploads\/2023\/01\/portada.jpg\",\"datePublished\":\"2023-01-20T20:52:56+00:00\",\"dateModified\":\"2023-01-24T08:59:45+00:00\",\"breadcrumb\":{\"@id\":\"https:\/\/www.itaipbc.org.mx\/itaipBC-2019\/itaipbc-inai-y-ayuntamiento-de-tijuana-promueven-transparencia-en-fiesta-de-la-verdad\/#breadcrumb\"},\"inLanguage\":\"es\",\"potentialAction\":[{\"@type\":\"ReadAction\",\"target\":[\"https:\/\/www.itaipbc.org.mx\/itaipBC-2019\/itaipbc-inai-y-ayuntamiento-de-tijuana-promueven-transparencia-en-fiesta-de-la-verdad\/\"]}]},{\"@type\":\"ImageObject\",\"inLanguage\":\"es\",\"@id\":\"https:\/\/www.itaipbc.org.mx\/itaipBC-2019\/itaipbc-inai-y-ayuntamiento-de-tijuana-promueven-transparencia-en-fiesta-de-la-verdad\/#primaryimage\",\"url\":\"https:\/\/www.itaipbc.org.mx\/itaipBC-2019\/wp-content\/uploads\/2023\/01\/portada.jpg\",\"contentUrl\":\"https:\/\/www.itaipbc.org.mx\/itaipBC-2019\/wp-content\/uploads\/2023\/01\/portada.jpg\",\"width\":846,\"height\":467},{\"@type\":\"BreadcrumbList\",\"@id\":\"https:\/\/www.itaipbc.org.mx\/itaipBC-2019\/itaipbc-inai-y-ayuntamiento-de-tijuana-promueven-transparencia-en-fiesta-de-la-verdad\/#breadcrumb\",\"itemListElement\":[{\"@type\":\"ListItem\",\"position\":1,\"name\":\"Portada\",\"item\":\"https:\/\/www.itaipbc.org.mx\/itaipBC-2019\/\"},{\"@type\":\"ListItem\",\"position\":2,\"name\":\"ITAIPBC, INAI Y AYUNTAMIENTO DE TIJUANA PROMUEVEN TRANSPARENCIA EN \u201cFIESTA DE LA VERDAD\u201d\"}]},{\"@type\":\"WebSite\",\"@id\":\"https:\/\/www.itaipbc.org.mx\/itaipBC-2019\/#website\",\"url\":\"https:\/\/www.itaipbc.org.mx\/itaipBC-2019\/\",\"name\":\"ItaipBC\",\"description\":\"\",\"publisher\":{\"@id\":\"https:\/\/www.itaipbc.org.mx\/itaipBC-2019\/#organization\"},\"potentialAction\":[{\"@type\":\"SearchAction\",\"target\":{\"@type\":\"EntryPoint\",\"urlTemplate\":\"https:\/\/www.itaipbc.org.mx\/itaipBC-2019\/?s={search_term_string}\"},\"query-input\":{\"@type\":\"PropertyValueSpecification\",\"valueRequired\":true,\"valueName\":\"search_term_string\"}}],\"inLanguage\":\"es\"},{\"@type\":\"Organization\",\"@id\":\"https:\/\/www.itaipbc.org.mx\/itaipBC-2019\/#organization\",\"name\":\"Instituto de Transparencia Baja California\",\"url\":\"https:\/\/www.itaipbc.org.mx\/itaipBC-2019\/\",\"logo\":{\"@type\":\"ImageObject\",\"inLanguage\":\"es\",\"@id\":\"https:\/\/www.itaipbc.org.mx\/itaipBC-2019\/#\/schema\/logo\/image\/\",\"url\":\"http:\/\/www.itaipbc.org.mx\/itaipBC-2019\/wp-content\/uploads\/2020\/01\/ITAIPBC-Completo.png\",\"contentUrl\":\"http:\/\/www.itaipbc.org.mx\/itaipBC-2019\/wp-content\/uploads\/2020\/01\/ITAIPBC-Completo.png\",\"width\":750,\"height\":174,\"caption\":\"Instituto de Transparencia Baja California\"},\"image\":{\"@id\":\"https:\/\/www.itaipbc.org.mx\/itaipBC-2019\/#\/schema\/logo\/image\/\"}},{\"@type\":\"Person\",\"@id\":\"https:\/\/www.itaipbc.org.mx\/itaipBC-2019\/#\/schema\/person\/fe0517b8be1919f7dd71c9d01a6cdb08\",\"name\":\"Anahi Prescencion\",\"image\":{\"@type\":\"ImageObject\",\"inLanguage\":\"es\",\"@id\":\"https:\/\/www.itaipbc.org.mx\/itaipBC-2019\/#\/schema\/person\/image\/\",\"url\":\"https:\/\/secure.gravatar.com\/avatar\/2f6176908986880d9eb812e72116ebc8b491e070cabea8a491a62c7deac9b784?s=96&d=mm&r=g\",\"contentUrl\":\"https:\/\/secure.gravatar.com\/avatar\/2f6176908986880d9eb812e72116ebc8b491e070cabea8a491a62c7deac9b784?s=96&d=mm&r=g\",\"caption\":\"Anahi Prescencion\"},\"url\":\"https:\/\/www.itaipbc.org.mx\/itaipBC-2019\/author\/aimeemoran\/\"}]}<\/script>\n<!-- \/ Yoast SEO plugin. -->","yoast_head_json":{"title":"ITAIPBC, INAI Y AYUNTAMIENTO DE TIJUANA PROMUEVEN TRANSPARENCIA EN \u201cFIESTA DE LA VERDAD\u201d - ItaipBC","robots":{"index":"index","follow":"follow","max-snippet":"max-snippet:-1","max-image-preview":"max-image-preview:large","max-video-preview":"max-video-preview:-1"},"canonical":"https:\/\/www.itaipbc.org.mx\/itaipBC-2019\/itaipbc-inai-y-ayuntamiento-de-tijuana-promueven-transparencia-en-fiesta-de-la-verdad\/","og_locale":"es_ES","og_type":"article","og_title":"ITAIPBC, INAI Y AYUNTAMIENTO DE TIJUANA PROMUEVEN TRANSPARENCIA EN \u201cFIESTA DE LA VERDAD\u201d - ItaipBC","og_description":"ITAIPBC, INAI Y AYUNTAMIENTO DE TIJUANA PROMUEVEN TRANSPARENCIA EN \u201cFIESTA DE LA VERDAD\u201d Tijuana, Baja California.- El Instituto de Transparencia, Acceso a la Informaci\u00f3n P\u00fablica y Protecci\u00f3n de Datos Personales del Estado de Baja California (ITAIPBC) en colaboraci\u00f3n con el Instituto Nacional de Transparencia, Acceso a la Informaci\u00f3n y Protecci\u00f3n de Datos Personales (INAI) y [&hellip;]","og_url":"https:\/\/www.itaipbc.org.mx\/itaipBC-2019\/itaipbc-inai-y-ayuntamiento-de-tijuana-promueven-transparencia-en-fiesta-de-la-verdad\/","og_site_name":"ItaipBC","article_published_time":"2023-01-20T20:52:56+00:00","article_modified_time":"2023-01-24T08:59:45+00:00","og_image":[{"width":846,"height":467,"url":"https:\/\/www.itaipbc.org.mx\/itaipBC-2019\/wp-content\/uploads\/2023\/01\/portada.jpg","type":"image\/jpeg"}],"author":"Anahi Prescencion","twitter_card":"summary_large_image","twitter_misc":{"Escrito por":"Anahi Prescencion","Tiempo de lectura":"4 minutos"},"schema":{"@context":"https:\/\/schema.org","@graph":[{"@type":"Article","@id":"https:\/\/www.itaipbc.org.mx\/itaipBC-2019\/itaipbc-inai-y-ayuntamiento-de-tijuana-promueven-transparencia-en-fiesta-de-la-verdad\/#article","isPartOf":{"@id":"https:\/\/www.itaipbc.org.mx\/itaipBC-2019\/itaipbc-inai-y-ayuntamiento-de-tijuana-promueven-transparencia-en-fiesta-de-la-verdad\/"},"author":{"name":"Anahi Prescencion","@id":"https:\/\/www.itaipbc.org.mx\/itaipBC-2019\/#\/schema\/person\/fe0517b8be1919f7dd71c9d01a6cdb08"},"headline":"ITAIPBC, INAI Y AYUNTAMIENTO DE TIJUANA PROMUEVEN TRANSPARENCIA EN \u201cFIESTA DE LA VERDAD\u201d","datePublished":"2023-01-20T20:52:56+00:00","dateModified":"2023-01-24T08:59:45+00:00","mainEntityOfPage":{"@id":"https:\/\/www.itaipbc.org.mx\/itaipBC-2019\/itaipbc-inai-y-ayuntamiento-de-tijuana-promueven-transparencia-en-fiesta-de-la-verdad\/"},"wordCount":586,"commentCount":0,"publisher":{"@id":"https:\/\/www.itaipbc.org.mx\/itaipBC-2019\/#organization"},"image":{"@id":"https:\/\/www.itaipbc.org.mx\/itaipBC-2019\/itaipbc-inai-y-ayuntamiento-de-tijuana-promueven-transparencia-en-fiesta-de-la-verdad\/#primaryimage"},"thumbnailUrl":"https:\/\/www.itaipbc.org.mx\/itaipBC-2019\/wp-content\/uploads\/2023\/01\/portada.jpg","keywords":["ITAIPBC TRANSPARENCIA DATOS PERSONALES INAI FERIA DE LA VERDAD"],"articleSection":["Noticias"],"inLanguage":"es","potentialAction":[{"@type":"CommentAction","name":"Comment","target":["https:\/\/www.itaipbc.org.mx\/itaipBC-2019\/itaipbc-inai-y-ayuntamiento-de-tijuana-promueven-transparencia-en-fiesta-de-la-verdad\/#respond"]}]},{"@type":"WebPage","@id":"https:\/\/www.itaipbc.org.mx\/itaipBC-2019\/itaipbc-inai-y-ayuntamiento-de-tijuana-promueven-transparencia-en-fiesta-de-la-verdad\/","url":"https:\/\/www.itaipbc.org.mx\/itaipBC-2019\/itaipbc-inai-y-ayuntamiento-de-tijuana-promueven-transparencia-en-fiesta-de-la-verdad\/","name":"ITAIPBC, INAI Y AYUNTAMIENTO DE TIJUANA PROMUEVEN TRANSPARENCIA EN \u201cFIESTA DE LA VERDAD\u201d - ItaipBC","isPartOf":{"@id":"https:\/\/www.itaipbc.org.mx\/itaipBC-2019\/#website"},"primaryImageOfPage":{"@id":"https:\/\/www.itaipbc.org.mx\/itaipBC-2019\/itaipbc-inai-y-ayuntamiento-de-tijuana-promueven-transparencia-en-fiesta-de-la-verdad\/#primaryimage"},"image":{"@id":"https:\/\/www.itaipbc.org.mx\/itaipBC-2019\/itaipbc-inai-y-ayuntamiento-de-tijuana-promueven-transparencia-en-fiesta-de-la-verdad\/#primaryimage"},"thumbnailUrl":"https:\/\/www.itaipbc.org.mx\/itaipBC-2019\/wp-content\/uploads\/2023\/01\/portada.jpg","datePublished":"2023-01-20T20:52:56+00:00","dateModified":"2023-01-24T08:59:45+00:00","breadcrumb":{"@id":"https:\/\/www.itaipbc.org.mx\/itaipBC-2019\/itaipbc-inai-y-ayuntamiento-de-tijuana-promueven-transparencia-en-fiesta-de-la-verdad\/#breadcrumb"},"inLanguage":"es","potentialAction":[{"@type":"ReadAction","target":["https:\/\/www.itaipbc.org.mx\/itaipBC-2019\/itaipbc-inai-y-ayuntamiento-de-tijuana-promueven-transparencia-en-fiesta-de-la-verdad\/"]}]},{"@type":"ImageObject","inLanguage":"es","@id":"https:\/\/www.itaipbc.org.mx\/itaipBC-2019\/itaipbc-inai-y-ayuntamiento-de-tijuana-promueven-transparencia-en-fiesta-de-la-verdad\/#primaryimage","url":"https:\/\/www.itaipbc.org.mx\/itaipBC-2019\/wp-content\/uploads\/2023\/01\/portada.jpg","contentUrl":"https:\/\/www.itaipbc.org.mx\/itaipBC-2019\/wp-content\/uploads\/2023\/01\/portada.jpg","width":846,"height":467},{"@type":"BreadcrumbList","@id":"https:\/\/www.itaipbc.org.mx\/itaipBC-2019\/itaipbc-inai-y-ayuntamiento-de-tijuana-promueven-transparencia-en-fiesta-de-la-verdad\/#breadcrumb","itemListElement":[{"@type":"ListItem","position":1,"name":"Portada","item":"https:\/\/www.itaipbc.org.mx\/itaipBC-2019\/"},{"@type":"ListItem","position":2,"name":"ITAIPBC, INAI Y AYUNTAMIENTO DE TIJUANA PROMUEVEN TRANSPARENCIA EN \u201cFIESTA DE LA VERDAD\u201d"}]},{"@type":"WebSite","@id":"https:\/\/www.itaipbc.org.mx\/itaipBC-2019\/#website","url":"https:\/\/www.itaipbc.org.mx\/itaipBC-2019\/","name":"ItaipBC","description":"","publisher":{"@id":"https:\/\/www.itaipbc.org.mx\/itaipBC-2019\/#organization"},"potentialAction":[{"@type":"SearchAction","target":{"@type":"EntryPoint","urlTemplate":"https:\/\/www.itaipbc.org.mx\/itaipBC-2019\/?s={search_term_string}"},"query-input":{"@type":"PropertyValueSpecification","valueRequired":true,"valueName":"search_term_string"}}],"inLanguage":"es"},{"@type":"Organization","@id":"https:\/\/www.itaipbc.org.mx\/itaipBC-2019\/#organization","name":"Instituto de Transparencia Baja California","url":"https:\/\/www.itaipbc.org.mx\/itaipBC-2019\/","logo":{"@type":"ImageObject","inLanguage":"es","@id":"https:\/\/www.itaipbc.org.mx\/itaipBC-2019\/#\/schema\/logo\/image\/","url":"http:\/\/www.itaipbc.org.mx\/itaipBC-2019\/wp-content\/uploads\/2020\/01\/ITAIPBC-Completo.png","contentUrl":"http:\/\/www.itaipbc.org.mx\/itaipBC-2019\/wp-content\/uploads\/2020\/01\/ITAIPBC-Completo.png","width":750,"height":174,"caption":"Instituto de Transparencia Baja California"},"image":{"@id":"https:\/\/www.itaipbc.org.mx\/itaipBC-2019\/#\/schema\/logo\/image\/"}},{"@type":"Person","@id":"https:\/\/www.itaipbc.org.mx\/itaipBC-2019\/#\/schema\/person\/fe0517b8be1919f7dd71c9d01a6cdb08","name":"Anahi Prescencion","image":{"@type":"ImageObject","inLanguage":"es","@id":"https:\/\/www.itaipbc.org.mx\/itaipBC-2019\/#\/schema\/person\/image\/","url":"https:\/\/secure.gravatar.com\/avatar\/2f6176908986880d9eb812e72116ebc8b491e070cabea8a491a62c7deac9b784?s=96&d=mm&r=g","contentUrl":"https:\/\/secure.gravatar.com\/avatar\/2f6176908986880d9eb812e72116ebc8b491e070cabea8a491a62c7deac9b784?s=96&d=mm&r=g","caption":"Anahi Prescencion"},"url":"https:\/\/www.itaipbc.org.mx\/itaipBC-2019\/author\/aimeemoran\/"}]}},"_links":{"self":[{"href":"https:\/\/www.itaipbc.org.mx\/itaipBC-2019\/wp-json\/wp\/v2\/posts\/9553","targetHints":{"allow":["GET"]}}],"collection":[{"href":"https:\/\/www.itaipbc.org.mx\/itaipBC-2019\/wp-json\/wp\/v2\/posts"}],"about":[{"href":"https:\/\/www.itaipbc.org.mx\/itaipBC-2019\/wp-json\/wp\/v2\/types\/post"}],"author":[{"embeddable":true,"href":"https:\/\/www.itaipbc.org.mx\/itaipBC-2019\/wp-json\/wp\/v2\/users\/8"}],"replies":[{"embeddable":true,"href":"https:\/\/www.itaipbc.org.mx\/itaipBC-2019\/wp-json\/wp\/v2\/comments?post=9553"}],"version-history":[{"count":1,"href":"https:\/\/www.itaipbc.org.mx\/itaipBC-2019\/wp-json\/wp\/v2\/posts\/9553\/revisions"}],"predecessor-version":[{"id":9558,"href":"https:\/\/www.itaipbc.org.mx\/itaipBC-2019\/wp-json\/wp\/v2\/posts\/9553\/revisions\/9558"}],"wp:featuredmedia":[{"embeddable":true,"href":"https:\/\/www.itaipbc.org.mx\/itaipBC-2019\/wp-json\/wp\/v2\/media\/9557"}],"wp:attachment":[{"href":"https:\/\/www.itaipbc.org.mx\/itaipBC-2019\/wp-json\/wp\/v2\/media?parent=9553"}],"wp:term":[{"taxonomy":"category","embeddable":true,"href":"https:\/\/www.itaipbc.org.mx\/itaipBC-2019\/wp-json\/wp\/v2\/categories?post=9553"},{"taxonomy":"post_tag","embeddable":true,"href":"https:\/\/www.itaipbc.org.mx\/itaipBC-2019\/wp-json\/wp\/v2\/tags?post=9553"}],"curies":[{"name":"wp","href":"https:\/\/api.w.org\/{rel}","templated":true}]}}