{"id":9270,"date":"2022-11-24T16:02:35","date_gmt":"2022-11-25T00:02:35","guid":{"rendered":"http:\/\/www.itaipbc.org.mx\/itaipBC-2019\/?p=9270"},"modified":"2022-11-24T16:08:02","modified_gmt":"2022-11-25T00:08:02","slug":"renueva-sistema-nacional-de-transparencia-coordinaciones-para-el-periodo-2022-2023","status":"publish","type":"post","link":"https:\/\/www.itaipbc.org.mx\/itaipBC-2019\/renueva-sistema-nacional-de-transparencia-coordinaciones-para-el-periodo-2022-2023\/","title":{"rendered":"RENUEVA SISTEMA NACIONAL DE TRANSPARENCIA COORDINACIONES PARA EL PERIODO 2022-2023"},"content":{"rendered":"<p><strong><img loading=\"lazy\" decoding=\"async\" class=\"alignnone size-medium wp-image-9271\" src=\"http:\/\/www.itaipbc.org.mx\/itaipBC-2019\/wp-content\/uploads\/2022\/11\/7c461b0d-a176-4efd-8665-ad03b3f78b85-450x230.jpg\" alt=\"\" width=\"450\" height=\"230\" srcset=\"https:\/\/www.itaipbc.org.mx\/itaipBC-2019\/wp-content\/uploads\/2022\/11\/7c461b0d-a176-4efd-8665-ad03b3f78b85-450x230.jpg 450w, https:\/\/www.itaipbc.org.mx\/itaipBC-2019\/wp-content\/uploads\/2022\/11\/7c461b0d-a176-4efd-8665-ad03b3f78b85-1024x523.jpg 1024w, https:\/\/www.itaipbc.org.mx\/itaipBC-2019\/wp-content\/uploads\/2022\/11\/7c461b0d-a176-4efd-8665-ad03b3f78b85-768x392.jpg 768w, https:\/\/www.itaipbc.org.mx\/itaipBC-2019\/wp-content\/uploads\/2022\/11\/7c461b0d-a176-4efd-8665-ad03b3f78b85.jpg 1280w\" sizes=\"auto, (max-width: 450px) 100vw, 450px\" \/><\/strong><\/p>\n<p><strong>RENUEVA SISTEMA NACIONAL DE TRANSPARENCIA COORDINACIONES PARA EL PERIODO 2022-2023<\/strong><\/p>\n<ul>\n<li><strong> Quienes conformamos el Sistema estamos firmes y de pie frente a los retos y desaf\u00edos que demanda el M\u00e9xico de hoy: Blanca Lilia Ibarra Cadena, Presidenta del INAI y del Consejo Nacional del SNT.<\/strong><\/li>\n<\/ul>\n<ul>\n<li><strong> El proceso electoral permite renovar el compromiso del Sistema para impulsar la transparencia y los derechos a la informaci\u00f3n y a la protecci\u00f3n de datos, en todo el pa\u00eds: Norma Julieta del R\u00edo Venegas, Comisionada del INAI.<\/strong><\/li>\n<\/ul>\n<ul>\n<li><strong> Los d\u00edas 23 y 24 de noviembre, se llev\u00f3 a cabo, en Durango, la Jornada Electoral 2022 del SNT.<\/strong><\/li>\n<\/ul>\n<p><strong>Durango, Durango.- <\/strong>Integrantes del Sistema Nacional de Transparencia, Acceso a la Informaci\u00f3n P\u00fablica y Protecci\u00f3n de Datos Personales (SNT) eligieron a las Comisionadas y los Comisionados de las entidades federativas que encabezar\u00e1n sus distintas Coordinaciones, durante el periodo 2022-2023.<\/p>\n<p>Los d\u00edas 23 y 24 de noviembre, se llev\u00f3 a cabo en Durango, la <strong>Jornada Electoral 2022 del SNT<\/strong>, en la que participaron Comisionadas y Comisionados de los 32 \u00f3rganos garantes del pa\u00eds y del Instituto Nacional de Transparencia, Acceso a la Informaci\u00f3n y Protecci\u00f3n de Datos Personales (INAI), as\u00ed como representantes del Archivo General de la Naci\u00f3n (AGN), la Auditor\u00eda Superior de la Federaci\u00f3n (ASF) y el Instituto Nacional de Estad\u00edstica y Geograf\u00eda (INEGI), instituciones que conforman el Sistema.<\/p>\n<p>En un mensaje al inicio de la Jornada, la Comisionada Presidenta del INAI y del Consejo Nacional del SNT, Blanca Lilia Ibarra Cadena, afirm\u00f3 que el Sistema es uno de los espacios de cooperaci\u00f3n interinstitucional m\u00e1s elaborado, s\u00f3lido y unido del Estado mexicano, cuya labor fortalece el sistema democr\u00e1tico del pa\u00eds, mediante la defensa de los derechos humanos de acceso a la informaci\u00f3n y de protecci\u00f3n de datos personales.<\/p>\n<p>\u201cEstamos conscientes de la responsabilidad y el compromiso que tenemos con la sociedad mexicana; estamos firmes y estamos de pie frente a los retos y desaf\u00edos que demanda el M\u00e9xico de hoy (\u2026) La transparencia no tiene color ni ideolog\u00eda, se llama M\u00e9xico, se llama democracia\u201d, enfatiz\u00f3.<\/p>\n<p>A su vez, la Comisionada Norma Julieta del R\u00edo Venegas, Coordinadora de los trabajos de la Secretar\u00eda Ejecutiva del SNT, subray\u00f3 que el proceso electoral permite renovar el compromiso del Sistema con las tareas para impulsar tanto la transparencia en la gesti\u00f3n p\u00fablica, como los derechos de acceso a la informaci\u00f3n y de protecci\u00f3n de datos personales en todo el pa\u00eds; lo anterior, fortaleciendo la colaboraci\u00f3n y coordinaci\u00f3n entre los organismos garantes locales y el INAI.<\/p>\n<p>\u201cApoyaremos a las Comisionadas y Comisionados que asumieron el reto de coordinar una Comisi\u00f3n; es todo un reto, porque de ellas emana el trabajo que llega al Consejo Nacional, que preside el INAI, renovando y modificando lineamientos que baja a los estados, a las unidades administrativas y a los sujetos obligados, de esa importancia es el trabajo de las Comisiones, las Regiones y la Coordinaci\u00f3n Nacional\u201d, puntualiz\u00f3.<\/p>\n<p>Los trabajos del SNT se distribuyen en<strong> 11 Comisiones tem\u00e1ticas<\/strong>, cuatro regiones <strong>(Centro, Centro-Occidente, Norte y Sureste)<\/strong> y la <strong>Coordinaci\u00f3n de los Organismos Garantes de las Entidades Federativas<\/strong>, cuyos titulares son elegidos para ocupar el cargo durante un a\u00f1o y pueden ser reelegidos en una sola ocasi\u00f3n.<\/p>\n<p>Los integrantes del SNT eligieron al Comisionado Presidente Instituto Michoacano de Transparencia, Acceso a la Informaci\u00f3n y Protecci\u00f3n de Datos Personales (IMAIP), Abraham Montes Maga\u00f1a, como nuevo C<strong>oordinador de los Organismos Garantes de las Entidades Federativas<\/strong>.<\/p>\n<p>En su intervenci\u00f3n, la Coordinadora de los Organismos Garantes de las Entidades Federativas saliente y Comisionada Presidente del IDAIP, Luz Mar\u00eda Mariscal C\u00e1rdenas, asever\u00f3 que llevar estas jornadas electivas a los estados, refleja la importancia de la apertura, el di\u00e1logo y el \u00e1nimo deliberativo, adem\u00e1s de que abona a fortalecer las sinergias institucionales, el entendimiento y la convergencia, a fin de alcanzar consensos y mejores resultados en el desempe\u00f1o institucional.<\/p>\n<p>\u201cEste es nuestro gran Sistema Nacional de Transparencia, vigoroso, unido, activo, federalista y comprometido con M\u00e9xico (\u2026) Hay que decirlo fuerte y claro, somos un gran Sistema, con toda convicci\u00f3n lo digo y lo sostengo, sin duda, ha sido un honor servir a M\u00e9xico, a su lado\u201d, expres\u00f3.<\/p>\n<p>Este jueves, se eligieron tambi\u00e9n a quienes encabezar\u00e1n las cuatro regiones del SNT:<\/p>\n<p>La <strong>Regi\u00f3n Centro<\/strong>, ser\u00e1 coordinada por Marco Antonio Alvear S\u00e1nchez, Comisionado Presidente del Instituto Morelense de Informaci\u00f3n P\u00fablica y Estad\u00edstica (IMIPE);<\/p>\n<p>La <strong>Regi\u00f3n Centro-Occidente<\/strong>, por Mariela del Carmen Huerta Guerrero, Comisionada Presidenta del Instituto de Acceso a la Informaci\u00f3n P\u00fablica para el Estado de Guanajuato (IACIP);<\/p>\n<p>La <strong>Regi\u00f3n Norte<\/strong>, por Alma Cristina L\u00f3pez de la Torre, Comisionada del Instituto Duranguense de Acceso a la Informaci\u00f3n P\u00fablica y Protecci\u00f3n de Datos Personales (IDAIP);<\/p>\n<p>Y la <strong>Regi\u00f3n Sureste<\/strong>, por Jos\u00e9 Roberto Agundis Yerena, Comisionado del Instituto de Acceso a la Informaci\u00f3n y Protecci\u00f3n de Datos Personales de Quintana Roo (IDAIPQROO).<\/p>\n<p>El pasado mi\u00e9rcoles, integrantes del SNT eligieron a las Coordinadoras y Coordinadores de las 11 comisiones tem\u00e1ticas:<\/p>\n<p>La <strong>Comisi\u00f3n Jur\u00eddica, de Criterios y Resoluciones<\/strong>, ser\u00e1 coordinada por Salvador Romero Espinosa, Comisionado Presidente del Instituto de Transparencia, Informaci\u00f3n P\u00fablica y Protecci\u00f3n de Datos Personales del Estado de Jalisco (ITEI);<\/p>\n<p>La <strong>Comisi\u00f3n de Protecci\u00f3n de Datos Personales<\/strong>, por Ar\u00edstides Rodrigo Guerrero Garc\u00eda, Comisionado Presidente del Instituto de Transparencia, Acceso a la Informaci\u00f3n P\u00fablica, Protecci\u00f3n de Datos Personales y Rendici\u00f3n de Cuentas de la Ciudad de M\u00e9xico (INFO CDMX);<\/p>\n<p>La <strong>Comisi\u00f3n de Capacitaci\u00f3n, Educaci\u00f3n y Cultur<\/strong>a, por Guadalupe Ram\u00edrez Pe\u00f1a, Comisionada del Instituto de Transparencia, Acceso a la Informaci\u00f3n P\u00fablica y Protecci\u00f3n de Datos Personales del Estado de M\u00e9xico y Municipios (INFOEM);<\/p>\n<p>La <strong>Comisi\u00f3n de Vinculaci\u00f3n, Promoci\u00f3n, Difusi\u00f3n y Comunicaci\u00f3n Social<\/strong>, por Luis Gustavo Parra Noriega, Comisionado del INFOEM;<\/p>\n<p>La <strong>Comisi\u00f3n de Tecnolog\u00edas de las Informaci\u00f3n y Plataforma Nacional de Transparencia<\/strong>, por Magda Eugenia de Jes\u00fas Lozano Ocman, Comisionada Presidenta del IDAIPQROO;<\/p>\n<p>La <strong>Comisi\u00f3n de Archivos y Gesti\u00f3n Documental<\/strong>, por Laura Lizette Enr\u00edquez Rodr\u00edguez, Comisionada del INFO CDMX;<\/p>\n<p>La<strong> Comisi\u00f3n de Gobierno Abierto y de Transparencia Proactiva<\/strong>, por Mar\u00eda Teresa Trevi\u00f1o Fern\u00e1ndez, Comisionada Presidenta del Instituto Estatal de Transparencia, Acceso a la Informaci\u00f3n, y Protecci\u00f3n de Datos Personales INFONL).<\/p>\n<p>La <strong>Comisi\u00f3n de Asuntos de Entidades Federativas y Municipios<\/strong>, por Mar\u00eda Tanivet Ramos Reyes, Comisionada del \u00d3rgano Garante de Acceso a la Informaci\u00f3n P\u00fablica, Transparencia, Protecci\u00f3n de Datos Personales y Buen Gobierno del Estado de Oaxaca (OGAIPO);<\/p>\n<p>La <strong>Comisi\u00f3n de Indicadores, Evaluaci\u00f3n e Investigaci\u00f3n<\/strong>, por Ernesto Alejandro de la Rocha Montiel, Comisionado Presidente del Instituto Chihuahuense para la Transparencia y Acceso a la Informaci\u00f3n P\u00fablica (ICHITAIP);<\/p>\n<p>La <strong>Comisi\u00f3n de Derechos Humanos, Equidad de G\u00e9nero e Inclusi\u00f3n Social<\/strong>, por Luz Mar\u00eda Mariscal C\u00e1rdenas, Comisionada Presidente del Instituto Duranguense de Acceso a la Informaci\u00f3n P\u00fablica y Protecci\u00f3n de Datos Personales (IDAIP);<\/p>\n<p>Y la <strong>Comisi\u00f3n de Rendici\u00f3n de Cuentas y Combate a la Corrupci\u00f3n<\/strong>, por Mar\u00eda Gilda Segovia Chab, Comisionada Presidenta del Instituto Estatal de Transparencia, Acceso a la Informaci\u00f3n P\u00fablica y Protecci\u00f3n de Datos Personales de Yucat\u00e1n (INAIP).<\/p>\n<p>El \u00f3rgano encargado de organizar y validar los resultados de la Jornada es el <strong>Colegio Electoral,<\/strong> conformado por dos comisionados de los \u00f3rganos garantes de cada una de las Regiones y la Comisionada Presidenta del INAI o un representante, que en este caso fue el Secretario Ejecutivo del SNT, Oscar Guerra Ford.<\/p>\n<p>En la Jornada participaron tambi\u00e9n la Comisionada Josefina Rom\u00e1n Vergara; los Comisionados Francisco Javier Acu\u00f1a Llamas y Adri\u00e1n Alcal\u00e1 M\u00e9ndez; el Secretario General de Gobierno del Estado de Durango, H\u00e9ctor Vela Valenzuela, en representaci\u00f3n del gobernador, Esteban Villegas Villarreal; Comisionadas y Comisionados de los 32 organismos garantes de las entidades federativas, y representantes de diversas instituciones p\u00fablicas y organizaciones de la sociedad civil del Estado de Durango.<\/p>\n","protected":false},"excerpt":{"rendered":"<p>RENUEVA SISTEMA NACIONAL DE TRANSPARENCIA COORDINACIONES PARA EL PERIODO 2022-2023 Quienes conformamos el Sistema estamos firmes y de pie frente a los retos y desaf\u00edos que demanda el M\u00e9xico de hoy: Blanca Lilia Ibarra Cadena, Presidenta del INAI y del Consejo Nacional del SNT. El proceso electoral permite renovar el compromiso del Sistema para impulsar [&hellip;]<\/p>\n","protected":false},"author":8,"featured_media":9271,"comment_status":"open","ping_status":"open","sticky":false,"template":"","format":"standard","meta":{"footnotes":""},"categories":[1],"tags":[151,93,124,90],"class_list":["post-9270","post","type-post","status-publish","format-standard","has-post-thumbnail","hentry","category-noticias","tag-elecciones","tag-inai","tag-snt","tag-transparencia"],"yoast_head":"<!-- This site is optimized with the Yoast SEO plugin v26.5 - https:\/\/yoast.com\/wordpress\/plugins\/seo\/ -->\n<title>RENUEVA SISTEMA NACIONAL DE TRANSPARENCIA COORDINACIONES PARA EL PERIODO 2022-2023 - ItaipBC<\/title>\n<meta name=\"robots\" content=\"index, follow, max-snippet:-1, max-image-preview:large, max-video-preview:-1\" \/>\n<link rel=\"canonical\" href=\"https:\/\/www.itaipbc.org.mx\/itaipBC-2019\/renueva-sistema-nacional-de-transparencia-coordinaciones-para-el-periodo-2022-2023\/\" \/>\n<meta property=\"og:locale\" content=\"es_ES\" \/>\n<meta property=\"og:type\" content=\"article\" \/>\n<meta property=\"og:title\" content=\"RENUEVA SISTEMA NACIONAL DE TRANSPARENCIA COORDINACIONES PARA EL PERIODO 2022-2023 - ItaipBC\" \/>\n<meta property=\"og:description\" content=\"RENUEVA SISTEMA NACIONAL DE TRANSPARENCIA COORDINACIONES PARA EL PERIODO 2022-2023 Quienes conformamos el Sistema estamos firmes y de pie frente a los retos y desaf\u00edos que demanda el M\u00e9xico de hoy: Blanca Lilia Ibarra Cadena, Presidenta del INAI y del Consejo Nacional del SNT. El proceso electoral permite renovar el compromiso del Sistema para impulsar [&hellip;]\" \/>\n<meta property=\"og:url\" content=\"https:\/\/www.itaipbc.org.mx\/itaipBC-2019\/renueva-sistema-nacional-de-transparencia-coordinaciones-para-el-periodo-2022-2023\/\" \/>\n<meta property=\"og:site_name\" content=\"ItaipBC\" \/>\n<meta property=\"article:published_time\" content=\"2022-11-25T00:02:35+00:00\" \/>\n<meta property=\"article:modified_time\" content=\"2022-11-25T00:08:02+00:00\" \/>\n<meta property=\"og:image\" content=\"https:\/\/www.itaipbc.org.mx\/itaipBC-2019\/wp-content\/uploads\/2022\/11\/7c461b0d-a176-4efd-8665-ad03b3f78b85.jpg\" \/>\n\t<meta property=\"og:image:width\" content=\"1280\" \/>\n\t<meta property=\"og:image:height\" content=\"654\" \/>\n\t<meta property=\"og:image:type\" content=\"image\/jpeg\" \/>\n<meta name=\"author\" content=\"Anahi Prescencion\" \/>\n<meta name=\"twitter:card\" content=\"summary_large_image\" \/>\n<meta name=\"twitter:label1\" content=\"Escrito por\" \/>\n\t<meta name=\"twitter:data1\" content=\"Anahi Prescencion\" \/>\n\t<meta name=\"twitter:label2\" content=\"Tiempo de lectura\" \/>\n\t<meta name=\"twitter:data2\" content=\"6 minutos\" \/>\n<script type=\"application\/ld+json\" class=\"yoast-schema-graph\">{\"@context\":\"https:\/\/schema.org\",\"@graph\":[{\"@type\":\"Article\",\"@id\":\"https:\/\/www.itaipbc.org.mx\/itaipBC-2019\/renueva-sistema-nacional-de-transparencia-coordinaciones-para-el-periodo-2022-2023\/#article\",\"isPartOf\":{\"@id\":\"https:\/\/www.itaipbc.org.mx\/itaipBC-2019\/renueva-sistema-nacional-de-transparencia-coordinaciones-para-el-periodo-2022-2023\/\"},\"author\":{\"name\":\"Anahi Prescencion\",\"@id\":\"https:\/\/www.itaipbc.org.mx\/itaipBC-2019\/#\/schema\/person\/fe0517b8be1919f7dd71c9d01a6cdb08\"},\"headline\":\"RENUEVA SISTEMA NACIONAL DE TRANSPARENCIA COORDINACIONES PARA EL PERIODO 2022-2023\",\"datePublished\":\"2022-11-25T00:02:35+00:00\",\"dateModified\":\"2022-11-25T00:08:02+00:00\",\"mainEntityOfPage\":{\"@id\":\"https:\/\/www.itaipbc.org.mx\/itaipBC-2019\/renueva-sistema-nacional-de-transparencia-coordinaciones-para-el-periodo-2022-2023\/\"},\"wordCount\":1404,\"commentCount\":0,\"publisher\":{\"@id\":\"https:\/\/www.itaipbc.org.mx\/itaipBC-2019\/#organization\"},\"image\":{\"@id\":\"https:\/\/www.itaipbc.org.mx\/itaipBC-2019\/renueva-sistema-nacional-de-transparencia-coordinaciones-para-el-periodo-2022-2023\/#primaryimage\"},\"thumbnailUrl\":\"https:\/\/www.itaipbc.org.mx\/itaipBC-2019\/wp-content\/uploads\/2022\/11\/7c461b0d-a176-4efd-8665-ad03b3f78b85.jpg\",\"keywords\":[\"ELECCIONES\",\"INAI\",\"SNT\",\"TRANSPARENCIA\"],\"articleSection\":[\"Noticias\"],\"inLanguage\":\"es\",\"potentialAction\":[{\"@type\":\"CommentAction\",\"name\":\"Comment\",\"target\":[\"https:\/\/www.itaipbc.org.mx\/itaipBC-2019\/renueva-sistema-nacional-de-transparencia-coordinaciones-para-el-periodo-2022-2023\/#respond\"]}]},{\"@type\":\"WebPage\",\"@id\":\"https:\/\/www.itaipbc.org.mx\/itaipBC-2019\/renueva-sistema-nacional-de-transparencia-coordinaciones-para-el-periodo-2022-2023\/\",\"url\":\"https:\/\/www.itaipbc.org.mx\/itaipBC-2019\/renueva-sistema-nacional-de-transparencia-coordinaciones-para-el-periodo-2022-2023\/\",\"name\":\"RENUEVA SISTEMA NACIONAL DE TRANSPARENCIA COORDINACIONES PARA EL PERIODO 2022-2023 - ItaipBC\",\"isPartOf\":{\"@id\":\"https:\/\/www.itaipbc.org.mx\/itaipBC-2019\/#website\"},\"primaryImageOfPage\":{\"@id\":\"https:\/\/www.itaipbc.org.mx\/itaipBC-2019\/renueva-sistema-nacional-de-transparencia-coordinaciones-para-el-periodo-2022-2023\/#primaryimage\"},\"image\":{\"@id\":\"https:\/\/www.itaipbc.org.mx\/itaipBC-2019\/renueva-sistema-nacional-de-transparencia-coordinaciones-para-el-periodo-2022-2023\/#primaryimage\"},\"thumbnailUrl\":\"https:\/\/www.itaipbc.org.mx\/itaipBC-2019\/wp-content\/uploads\/2022\/11\/7c461b0d-a176-4efd-8665-ad03b3f78b85.jpg\",\"datePublished\":\"2022-11-25T00:02:35+00:00\",\"dateModified\":\"2022-11-25T00:08:02+00:00\",\"breadcrumb\":{\"@id\":\"https:\/\/www.itaipbc.org.mx\/itaipBC-2019\/renueva-sistema-nacional-de-transparencia-coordinaciones-para-el-periodo-2022-2023\/#breadcrumb\"},\"inLanguage\":\"es\",\"potentialAction\":[{\"@type\":\"ReadAction\",\"target\":[\"https:\/\/www.itaipbc.org.mx\/itaipBC-2019\/renueva-sistema-nacional-de-transparencia-coordinaciones-para-el-periodo-2022-2023\/\"]}]},{\"@type\":\"ImageObject\",\"inLanguage\":\"es\",\"@id\":\"https:\/\/www.itaipbc.org.mx\/itaipBC-2019\/renueva-sistema-nacional-de-transparencia-coordinaciones-para-el-periodo-2022-2023\/#primaryimage\",\"url\":\"https:\/\/www.itaipbc.org.mx\/itaipBC-2019\/wp-content\/uploads\/2022\/11\/7c461b0d-a176-4efd-8665-ad03b3f78b85.jpg\",\"contentUrl\":\"https:\/\/www.itaipbc.org.mx\/itaipBC-2019\/wp-content\/uploads\/2022\/11\/7c461b0d-a176-4efd-8665-ad03b3f78b85.jpg\",\"width\":1280,\"height\":654},{\"@type\":\"BreadcrumbList\",\"@id\":\"https:\/\/www.itaipbc.org.mx\/itaipBC-2019\/renueva-sistema-nacional-de-transparencia-coordinaciones-para-el-periodo-2022-2023\/#breadcrumb\",\"itemListElement\":[{\"@type\":\"ListItem\",\"position\":1,\"name\":\"Portada\",\"item\":\"https:\/\/www.itaipbc.org.mx\/itaipBC-2019\/\"},{\"@type\":\"ListItem\",\"position\":2,\"name\":\"RENUEVA SISTEMA NACIONAL DE TRANSPARENCIA COORDINACIONES PARA EL PERIODO 2022-2023\"}]},{\"@type\":\"WebSite\",\"@id\":\"https:\/\/www.itaipbc.org.mx\/itaipBC-2019\/#website\",\"url\":\"https:\/\/www.itaipbc.org.mx\/itaipBC-2019\/\",\"name\":\"ItaipBC\",\"description\":\"\",\"publisher\":{\"@id\":\"https:\/\/www.itaipbc.org.mx\/itaipBC-2019\/#organization\"},\"potentialAction\":[{\"@type\":\"SearchAction\",\"target\":{\"@type\":\"EntryPoint\",\"urlTemplate\":\"https:\/\/www.itaipbc.org.mx\/itaipBC-2019\/?s={search_term_string}\"},\"query-input\":{\"@type\":\"PropertyValueSpecification\",\"valueRequired\":true,\"valueName\":\"search_term_string\"}}],\"inLanguage\":\"es\"},{\"@type\":\"Organization\",\"@id\":\"https:\/\/www.itaipbc.org.mx\/itaipBC-2019\/#organization\",\"name\":\"Instituto de Transparencia Baja California\",\"url\":\"https:\/\/www.itaipbc.org.mx\/itaipBC-2019\/\",\"logo\":{\"@type\":\"ImageObject\",\"inLanguage\":\"es\",\"@id\":\"https:\/\/www.itaipbc.org.mx\/itaipBC-2019\/#\/schema\/logo\/image\/\",\"url\":\"http:\/\/www.itaipbc.org.mx\/itaipBC-2019\/wp-content\/uploads\/2020\/01\/ITAIPBC-Completo.png\",\"contentUrl\":\"http:\/\/www.itaipbc.org.mx\/itaipBC-2019\/wp-content\/uploads\/2020\/01\/ITAIPBC-Completo.png\",\"width\":750,\"height\":174,\"caption\":\"Instituto de Transparencia Baja California\"},\"image\":{\"@id\":\"https:\/\/www.itaipbc.org.mx\/itaipBC-2019\/#\/schema\/logo\/image\/\"}},{\"@type\":\"Person\",\"@id\":\"https:\/\/www.itaipbc.org.mx\/itaipBC-2019\/#\/schema\/person\/fe0517b8be1919f7dd71c9d01a6cdb08\",\"name\":\"Anahi Prescencion\",\"image\":{\"@type\":\"ImageObject\",\"inLanguage\":\"es\",\"@id\":\"https:\/\/www.itaipbc.org.mx\/itaipBC-2019\/#\/schema\/person\/image\/\",\"url\":\"https:\/\/secure.gravatar.com\/avatar\/2f6176908986880d9eb812e72116ebc8b491e070cabea8a491a62c7deac9b784?s=96&d=mm&r=g\",\"contentUrl\":\"https:\/\/secure.gravatar.com\/avatar\/2f6176908986880d9eb812e72116ebc8b491e070cabea8a491a62c7deac9b784?s=96&d=mm&r=g\",\"caption\":\"Anahi Prescencion\"},\"url\":\"https:\/\/www.itaipbc.org.mx\/itaipBC-2019\/author\/aimeemoran\/\"}]}<\/script>\n<!-- \/ Yoast SEO plugin. -->","yoast_head_json":{"title":"RENUEVA SISTEMA NACIONAL DE TRANSPARENCIA COORDINACIONES PARA EL PERIODO 2022-2023 - ItaipBC","robots":{"index":"index","follow":"follow","max-snippet":"max-snippet:-1","max-image-preview":"max-image-preview:large","max-video-preview":"max-video-preview:-1"},"canonical":"https:\/\/www.itaipbc.org.mx\/itaipBC-2019\/renueva-sistema-nacional-de-transparencia-coordinaciones-para-el-periodo-2022-2023\/","og_locale":"es_ES","og_type":"article","og_title":"RENUEVA SISTEMA NACIONAL DE TRANSPARENCIA COORDINACIONES PARA EL PERIODO 2022-2023 - ItaipBC","og_description":"RENUEVA SISTEMA NACIONAL DE TRANSPARENCIA COORDINACIONES PARA EL PERIODO 2022-2023 Quienes conformamos el Sistema estamos firmes y de pie frente a los retos y desaf\u00edos que demanda el M\u00e9xico de hoy: Blanca Lilia Ibarra Cadena, Presidenta del INAI y del Consejo Nacional del SNT. El proceso electoral permite renovar el compromiso del Sistema para impulsar [&hellip;]","og_url":"https:\/\/www.itaipbc.org.mx\/itaipBC-2019\/renueva-sistema-nacional-de-transparencia-coordinaciones-para-el-periodo-2022-2023\/","og_site_name":"ItaipBC","article_published_time":"2022-11-25T00:02:35+00:00","article_modified_time":"2022-11-25T00:08:02+00:00","og_image":[{"width":1280,"height":654,"url":"https:\/\/www.itaipbc.org.mx\/itaipBC-2019\/wp-content\/uploads\/2022\/11\/7c461b0d-a176-4efd-8665-ad03b3f78b85.jpg","type":"image\/jpeg"}],"author":"Anahi Prescencion","twitter_card":"summary_large_image","twitter_misc":{"Escrito por":"Anahi Prescencion","Tiempo de lectura":"6 minutos"},"schema":{"@context":"https:\/\/schema.org","@graph":[{"@type":"Article","@id":"https:\/\/www.itaipbc.org.mx\/itaipBC-2019\/renueva-sistema-nacional-de-transparencia-coordinaciones-para-el-periodo-2022-2023\/#article","isPartOf":{"@id":"https:\/\/www.itaipbc.org.mx\/itaipBC-2019\/renueva-sistema-nacional-de-transparencia-coordinaciones-para-el-periodo-2022-2023\/"},"author":{"name":"Anahi Prescencion","@id":"https:\/\/www.itaipbc.org.mx\/itaipBC-2019\/#\/schema\/person\/fe0517b8be1919f7dd71c9d01a6cdb08"},"headline":"RENUEVA SISTEMA NACIONAL DE TRANSPARENCIA COORDINACIONES PARA EL PERIODO 2022-2023","datePublished":"2022-11-25T00:02:35+00:00","dateModified":"2022-11-25T00:08:02+00:00","mainEntityOfPage":{"@id":"https:\/\/www.itaipbc.org.mx\/itaipBC-2019\/renueva-sistema-nacional-de-transparencia-coordinaciones-para-el-periodo-2022-2023\/"},"wordCount":1404,"commentCount":0,"publisher":{"@id":"https:\/\/www.itaipbc.org.mx\/itaipBC-2019\/#organization"},"image":{"@id":"https:\/\/www.itaipbc.org.mx\/itaipBC-2019\/renueva-sistema-nacional-de-transparencia-coordinaciones-para-el-periodo-2022-2023\/#primaryimage"},"thumbnailUrl":"https:\/\/www.itaipbc.org.mx\/itaipBC-2019\/wp-content\/uploads\/2022\/11\/7c461b0d-a176-4efd-8665-ad03b3f78b85.jpg","keywords":["ELECCIONES","INAI","SNT","TRANSPARENCIA"],"articleSection":["Noticias"],"inLanguage":"es","potentialAction":[{"@type":"CommentAction","name":"Comment","target":["https:\/\/www.itaipbc.org.mx\/itaipBC-2019\/renueva-sistema-nacional-de-transparencia-coordinaciones-para-el-periodo-2022-2023\/#respond"]}]},{"@type":"WebPage","@id":"https:\/\/www.itaipbc.org.mx\/itaipBC-2019\/renueva-sistema-nacional-de-transparencia-coordinaciones-para-el-periodo-2022-2023\/","url":"https:\/\/www.itaipbc.org.mx\/itaipBC-2019\/renueva-sistema-nacional-de-transparencia-coordinaciones-para-el-periodo-2022-2023\/","name":"RENUEVA SISTEMA NACIONAL DE TRANSPARENCIA COORDINACIONES PARA EL PERIODO 2022-2023 - ItaipBC","isPartOf":{"@id":"https:\/\/www.itaipbc.org.mx\/itaipBC-2019\/#website"},"primaryImageOfPage":{"@id":"https:\/\/www.itaipbc.org.mx\/itaipBC-2019\/renueva-sistema-nacional-de-transparencia-coordinaciones-para-el-periodo-2022-2023\/#primaryimage"},"image":{"@id":"https:\/\/www.itaipbc.org.mx\/itaipBC-2019\/renueva-sistema-nacional-de-transparencia-coordinaciones-para-el-periodo-2022-2023\/#primaryimage"},"thumbnailUrl":"https:\/\/www.itaipbc.org.mx\/itaipBC-2019\/wp-content\/uploads\/2022\/11\/7c461b0d-a176-4efd-8665-ad03b3f78b85.jpg","datePublished":"2022-11-25T00:02:35+00:00","dateModified":"2022-11-25T00:08:02+00:00","breadcrumb":{"@id":"https:\/\/www.itaipbc.org.mx\/itaipBC-2019\/renueva-sistema-nacional-de-transparencia-coordinaciones-para-el-periodo-2022-2023\/#breadcrumb"},"inLanguage":"es","potentialAction":[{"@type":"ReadAction","target":["https:\/\/www.itaipbc.org.mx\/itaipBC-2019\/renueva-sistema-nacional-de-transparencia-coordinaciones-para-el-periodo-2022-2023\/"]}]},{"@type":"ImageObject","inLanguage":"es","@id":"https:\/\/www.itaipbc.org.mx\/itaipBC-2019\/renueva-sistema-nacional-de-transparencia-coordinaciones-para-el-periodo-2022-2023\/#primaryimage","url":"https:\/\/www.itaipbc.org.mx\/itaipBC-2019\/wp-content\/uploads\/2022\/11\/7c461b0d-a176-4efd-8665-ad03b3f78b85.jpg","contentUrl":"https:\/\/www.itaipbc.org.mx\/itaipBC-2019\/wp-content\/uploads\/2022\/11\/7c461b0d-a176-4efd-8665-ad03b3f78b85.jpg","width":1280,"height":654},{"@type":"BreadcrumbList","@id":"https:\/\/www.itaipbc.org.mx\/itaipBC-2019\/renueva-sistema-nacional-de-transparencia-coordinaciones-para-el-periodo-2022-2023\/#breadcrumb","itemListElement":[{"@type":"ListItem","position":1,"name":"Portada","item":"https:\/\/www.itaipbc.org.mx\/itaipBC-2019\/"},{"@type":"ListItem","position":2,"name":"RENUEVA SISTEMA NACIONAL DE TRANSPARENCIA COORDINACIONES PARA EL PERIODO 2022-2023"}]},{"@type":"WebSite","@id":"https:\/\/www.itaipbc.org.mx\/itaipBC-2019\/#website","url":"https:\/\/www.itaipbc.org.mx\/itaipBC-2019\/","name":"ItaipBC","description":"","publisher":{"@id":"https:\/\/www.itaipbc.org.mx\/itaipBC-2019\/#organization"},"potentialAction":[{"@type":"SearchAction","target":{"@type":"EntryPoint","urlTemplate":"https:\/\/www.itaipbc.org.mx\/itaipBC-2019\/?s={search_term_string}"},"query-input":{"@type":"PropertyValueSpecification","valueRequired":true,"valueName":"search_term_string"}}],"inLanguage":"es"},{"@type":"Organization","@id":"https:\/\/www.itaipbc.org.mx\/itaipBC-2019\/#organization","name":"Instituto de Transparencia Baja California","url":"https:\/\/www.itaipbc.org.mx\/itaipBC-2019\/","logo":{"@type":"ImageObject","inLanguage":"es","@id":"https:\/\/www.itaipbc.org.mx\/itaipBC-2019\/#\/schema\/logo\/image\/","url":"http:\/\/www.itaipbc.org.mx\/itaipBC-2019\/wp-content\/uploads\/2020\/01\/ITAIPBC-Completo.png","contentUrl":"http:\/\/www.itaipbc.org.mx\/itaipBC-2019\/wp-content\/uploads\/2020\/01\/ITAIPBC-Completo.png","width":750,"height":174,"caption":"Instituto de Transparencia Baja California"},"image":{"@id":"https:\/\/www.itaipbc.org.mx\/itaipBC-2019\/#\/schema\/logo\/image\/"}},{"@type":"Person","@id":"https:\/\/www.itaipbc.org.mx\/itaipBC-2019\/#\/schema\/person\/fe0517b8be1919f7dd71c9d01a6cdb08","name":"Anahi Prescencion","image":{"@type":"ImageObject","inLanguage":"es","@id":"https:\/\/www.itaipbc.org.mx\/itaipBC-2019\/#\/schema\/person\/image\/","url":"https:\/\/secure.gravatar.com\/avatar\/2f6176908986880d9eb812e72116ebc8b491e070cabea8a491a62c7deac9b784?s=96&d=mm&r=g","contentUrl":"https:\/\/secure.gravatar.com\/avatar\/2f6176908986880d9eb812e72116ebc8b491e070cabea8a491a62c7deac9b784?s=96&d=mm&r=g","caption":"Anahi Prescencion"},"url":"https:\/\/www.itaipbc.org.mx\/itaipBC-2019\/author\/aimeemoran\/"}]}},"_links":{"self":[{"href":"https:\/\/www.itaipbc.org.mx\/itaipBC-2019\/wp-json\/wp\/v2\/posts\/9270","targetHints":{"allow":["GET"]}}],"collection":[{"href":"https:\/\/www.itaipbc.org.mx\/itaipBC-2019\/wp-json\/wp\/v2\/posts"}],"about":[{"href":"https:\/\/www.itaipbc.org.mx\/itaipBC-2019\/wp-json\/wp\/v2\/types\/post"}],"author":[{"embeddable":true,"href":"https:\/\/www.itaipbc.org.mx\/itaipBC-2019\/wp-json\/wp\/v2\/users\/8"}],"replies":[{"embeddable":true,"href":"https:\/\/www.itaipbc.org.mx\/itaipBC-2019\/wp-json\/wp\/v2\/comments?post=9270"}],"version-history":[{"count":3,"href":"https:\/\/www.itaipbc.org.mx\/itaipBC-2019\/wp-json\/wp\/v2\/posts\/9270\/revisions"}],"predecessor-version":[{"id":9274,"href":"https:\/\/www.itaipbc.org.mx\/itaipBC-2019\/wp-json\/wp\/v2\/posts\/9270\/revisions\/9274"}],"wp:featuredmedia":[{"embeddable":true,"href":"https:\/\/www.itaipbc.org.mx\/itaipBC-2019\/wp-json\/wp\/v2\/media\/9271"}],"wp:attachment":[{"href":"https:\/\/www.itaipbc.org.mx\/itaipBC-2019\/wp-json\/wp\/v2\/media?parent=9270"}],"wp:term":[{"taxonomy":"category","embeddable":true,"href":"https:\/\/www.itaipbc.org.mx\/itaipBC-2019\/wp-json\/wp\/v2\/categories?post=9270"},{"taxonomy":"post_tag","embeddable":true,"href":"https:\/\/www.itaipbc.org.mx\/itaipBC-2019\/wp-json\/wp\/v2\/tags?post=9270"}],"curies":[{"name":"wp","href":"https:\/\/api.w.org\/{rel}","templated":true}]}}