{"id":9233,"date":"2022-11-14T14:25:52","date_gmt":"2022-11-14T22:25:52","guid":{"rendered":"http:\/\/www.itaipbc.org.mx\/itaipBC-2019\/?p=9233"},"modified":"2022-11-17T22:31:29","modified_gmt":"2022-11-18T06:31:29","slug":"capacitan-a-enlaces-del-poder-ejecutivo-en-materia-de-transparencia-y-acceso-a-la-informacion-publica","status":"publish","type":"post","link":"https:\/\/www.itaipbc.org.mx\/itaipBC-2019\/capacitan-a-enlaces-del-poder-ejecutivo-en-materia-de-transparencia-y-acceso-a-la-informacion-publica\/","title":{"rendered":"CAPACITAN A ENLACES DEL PODER EJECUTIVO EN MATERIA DE TRANSPARENCIA Y ACCESO A LA INFORMACI\u00d3N P\u00daBLICA"},"content":{"rendered":"<p><img loading=\"lazy\" decoding=\"async\" class=\"alignnone size-medium wp-image-9234\" src=\"http:\/\/www.itaipbc.org.mx\/itaipBC-2019\/wp-content\/uploads\/2022\/11\/Redes-5-450x338.jpg\" alt=\"\" width=\"450\" height=\"338\" srcset=\"https:\/\/www.itaipbc.org.mx\/itaipBC-2019\/wp-content\/uploads\/2022\/11\/Redes-5-450x338.jpg 450w, https:\/\/www.itaipbc.org.mx\/itaipBC-2019\/wp-content\/uploads\/2022\/11\/Redes-5-1024x768.jpg 1024w, https:\/\/www.itaipbc.org.mx\/itaipBC-2019\/wp-content\/uploads\/2022\/11\/Redes-5-768x576.jpg 768w, https:\/\/www.itaipbc.org.mx\/itaipBC-2019\/wp-content\/uploads\/2022\/11\/Redes-5-1536x1152.jpg 1536w, https:\/\/www.itaipbc.org.mx\/itaipBC-2019\/wp-content\/uploads\/2022\/11\/Redes-5-2048x1536.jpg 2048w, https:\/\/www.itaipbc.org.mx\/itaipBC-2019\/wp-content\/uploads\/2022\/11\/Redes-5-400x300.jpg 400w, https:\/\/www.itaipbc.org.mx\/itaipBC-2019\/wp-content\/uploads\/2022\/11\/Redes-5-800x600.jpg 800w, https:\/\/www.itaipbc.org.mx\/itaipBC-2019\/wp-content\/uploads\/2022\/11\/Redes-5-1200x900.jpg 1200w\" sizes=\"auto, (max-width: 450px) 100vw, 450px\" \/><\/p>\n<p><strong>CAPACITAN A ENLACES DEL PODER EJECUTIVO EN MATERIA DE TRANSPARENCIA Y ACCESO A LA INFORMACI\u00d3N P\u00daBLICA<\/strong><\/p>\n<p><strong>Mexicali, Baja California.-<\/strong> El Instituto de Transparencia, Acceso a la Informaci\u00f3n P\u00fablica y Protecci\u00f3n de Datos Personales del Estado de Baja California (ITAIPBC) en colaboraci\u00f3n la Secretar\u00eda General de Gobierno del Estado de Baja California, llevaron a cabo la Jornada de Transparencia y Acceso a la Informaci\u00f3n P\u00fablica y Protecci\u00f3n de Datos Personales.<\/p>\n<p>La capacitaci\u00f3n dirigida, principalmente, a personas servidoras p\u00fablicas que fungen como enlaces de las unidades de transparencias de los Sujetos Obligados que integran el Poder Ejecutivo en la entidad.<\/p>\n<p>En el acto inaugural, el Comisionado Presidente del ITAIPBC, Jos\u00e9 Rodolfo Mu\u00f1oz Garc\u00eda, resalt\u00f3 la importancia de que las y los servidores p\u00fablicos se preparen constantemente para brindar una mejor atenci\u00f3n a las y los ciudadanos.<\/p>\n<p>\u201cEstamos conscientes de que este tipo de din\u00e1micas llevan a crear nuevas herramientas, sensibilizar y dotar de diferentes mecanismos a la sociedad. Estamos muy seguros que la din\u00e1mica de Gobierno Abierto permite, minimizar los tr\u00e1mites, agilizar tiempos y tener la mayor informaci\u00f3n\u201d, asegur\u00f3.<\/p>\n<p>Por su parte, el Secretario de Gobierno, Catalino Zavala M\u00e1rquez, mencion\u00f3 que es obligaci\u00f3n de las instituciones de gobierno, legitimar y garantizar el derecho de acceso a la informaci\u00f3n, con la finalidad de que se exija a las y los funcionarios el cumplimiento de las obligaciones de transparencia, as\u00ed como permitir que la sociedad cuente con los elementos suficientes para la toma de decisiones y la participaci\u00f3n ciudadana.<\/p>\n<p><img loading=\"lazy\" decoding=\"async\" class=\"alignnone size-medium wp-image-9236\" src=\"http:\/\/www.itaipbc.org.mx\/itaipBC-2019\/wp-content\/uploads\/2022\/11\/Redes-7-450x294.jpg\" alt=\"\" width=\"450\" height=\"294\" srcset=\"https:\/\/www.itaipbc.org.mx\/itaipBC-2019\/wp-content\/uploads\/2022\/11\/Redes-7-450x294.jpg 450w, https:\/\/www.itaipbc.org.mx\/itaipBC-2019\/wp-content\/uploads\/2022\/11\/Redes-7-1024x669.jpg 1024w, https:\/\/www.itaipbc.org.mx\/itaipBC-2019\/wp-content\/uploads\/2022\/11\/Redes-7-768x502.jpg 768w, https:\/\/www.itaipbc.org.mx\/itaipBC-2019\/wp-content\/uploads\/2022\/11\/Redes-7-1536x1004.jpg 1536w, https:\/\/www.itaipbc.org.mx\/itaipBC-2019\/wp-content\/uploads\/2022\/11\/Redes-7-2048x1338.jpg 2048w\" sizes=\"auto, (max-width: 450px) 100vw, 450px\" \/><\/p>\n<p>\u201cEl compromiso de nuestra Gobernadora, es la preparaci\u00f3n constante y buena disposici\u00f3n de todos los servidores p\u00fablicos, es lo que materializa que el acceso a la informaci\u00f3n p\u00fablica, cumpla con los principios de veracidad, oportunidad, verificabilidad y accesibilidad, a fin de que los ciudadanos puedan ejercer su derecho de estar bien informados\u201d, expres\u00f3 en su mensaje de apertura.<\/p>\n<p>Posteriormente, se llev\u00f3 a cabo el \u201cTaller de Gobierno Abierto\u201d, impartido por el Director de Gobierno Abierto en el Instituto Nacional de Transparencia, Acceso a la Informaci\u00f3n y Protecci\u00f3n de Datos Personales (INAI), espacio en el que se brind\u00f3 el conocimiento b\u00e1sico sobre este mecanismo.<\/p>\n<p>Enseguida, la Coordinadora de Gobierno Abierto y Transparencia Proactiva del Sistema Nacional de Transparencia y Comisionada Presidenta del INFONL, Mar\u00eda Teresa Trevi\u00f1o Fern\u00e1ndez y, la Comisionada Presidenta del Instituto de Transparencia, Acceso a la Informaci\u00f3n P\u00fablica y Protecci\u00f3n de Datos Personales del Estado de Baja California Sur (ITAI BCS), Rebeca Lizette Buenrostro Guti\u00e9rrez, participaron en el \u201cForo de Trasparencia y Acceso a la Informaci\u00f3n\u201d, teniendo como moderadora a la Secretar\u00eda Ejecutiva del ITAI BCS, Cynthia Vanessa Mac\u00edas Ramos.<\/p>\n<p>Para finalizar la jornada, se impartieron los temas: \u201cProcedimientos para contestar solicitudes de acceso a la informaci\u00f3n p\u00fablica\u201d, a cargo de la Titular de la Unidad de Transparencia del ITAIPBC, Lic. Michelle Corona N\u00e1jera; \u201cObligaciones de transparencia \u00bfen qu\u00e9 consisten y c\u00f3mo se actualizan?, a cargo del Coordinador de Verificaci\u00f3n y Seguimiento, Lic. Christian Jes\u00fas Aguayo Becerra; \u201cClasificaci\u00f3n y desclasificaci\u00f3n de la informaci\u00f3n\u201d, a cargo de la Secretaria Ejecutiva Lic. Jimena Jim\u00e9nez Mena.<\/p>\n<p><img loading=\"lazy\" decoding=\"async\" class=\"alignnone size-medium wp-image-9235\" src=\"http:\/\/www.itaipbc.org.mx\/itaipBC-2019\/wp-content\/uploads\/2022\/11\/REDES-3-450x338.jpg\" alt=\"\" width=\"450\" height=\"338\" srcset=\"https:\/\/www.itaipbc.org.mx\/itaipBC-2019\/wp-content\/uploads\/2022\/11\/REDES-3-450x338.jpg 450w, https:\/\/www.itaipbc.org.mx\/itaipBC-2019\/wp-content\/uploads\/2022\/11\/REDES-3-1024x768.jpg 1024w, https:\/\/www.itaipbc.org.mx\/itaipBC-2019\/wp-content\/uploads\/2022\/11\/REDES-3-768x576.jpg 768w, https:\/\/www.itaipbc.org.mx\/itaipBC-2019\/wp-content\/uploads\/2022\/11\/REDES-3-1536x1153.jpg 1536w, https:\/\/www.itaipbc.org.mx\/itaipBC-2019\/wp-content\/uploads\/2022\/11\/REDES-3-400x300.jpg 400w, https:\/\/www.itaipbc.org.mx\/itaipBC-2019\/wp-content\/uploads\/2022\/11\/REDES-3-800x600.jpg 800w, https:\/\/www.itaipbc.org.mx\/itaipBC-2019\/wp-content\/uploads\/2022\/11\/REDES-3-1200x900.jpg 1200w, https:\/\/www.itaipbc.org.mx\/itaipBC-2019\/wp-content\/uploads\/2022\/11\/REDES-3.jpg 1623w\" sizes=\"auto, (max-width: 450px) 100vw, 450px\" \/><\/p>\n<p>Durante el evento, estuvieron presentes la Comisionada Propietaria del ITAIPBC, Luc\u00eda Ariana Miranda G\u00f3mez; la Subsecretar\u00eda de Gobierno del Estado; M\u00f3nica de F\u00e1tima G\u00f3mez Llanos y la Subsecretaria de Gobierno en Tijuana, Magaly Palacios, as\u00ed como enlaces de las \u00e1reas administrativas de los Sujetos Obligados del Poder Ejecutivo.<\/p>\n","protected":false},"excerpt":{"rendered":"<p>CAPACITAN A ENLACES DEL PODER EJECUTIVO EN MATERIA DE TRANSPARENCIA Y ACCESO A LA INFORMACI\u00d3N P\u00daBLICA Mexicali, Baja California.- El Instituto de Transparencia, Acceso a la Informaci\u00f3n P\u00fablica y Protecci\u00f3n de Datos Personales del Estado de Baja California (ITAIPBC) en colaboraci\u00f3n la Secretar\u00eda General de Gobierno del Estado de Baja California, llevaron a cabo la [&hellip;]<\/p>\n","protected":false},"author":8,"featured_media":9234,"comment_status":"open","ping_status":"open","sticky":false,"template":"","format":"standard","meta":{"footnotes":""},"categories":[1],"tags":[149,88,150,90],"class_list":["post-9233","post","type-post","status-publish","format-standard","has-post-thumbnail","hentry","category-noticias","tag-capacitacion","tag-itaipbc","tag-obligaciones","tag-transparencia"],"yoast_head":"<!-- This site is optimized with the Yoast SEO plugin v26.5 - https:\/\/yoast.com\/wordpress\/plugins\/seo\/ -->\n<title>CAPACITAN A ENLACES DEL PODER EJECUTIVO EN MATERIA DE TRANSPARENCIA Y ACCESO A LA INFORMACI\u00d3N P\u00daBLICA - ItaipBC<\/title>\n<meta name=\"robots\" content=\"index, follow, max-snippet:-1, max-image-preview:large, max-video-preview:-1\" \/>\n<link rel=\"canonical\" href=\"https:\/\/www.itaipbc.org.mx\/itaipBC-2019\/capacitan-a-enlaces-del-poder-ejecutivo-en-materia-de-transparencia-y-acceso-a-la-informacion-publica\/\" \/>\n<meta property=\"og:locale\" content=\"es_ES\" \/>\n<meta property=\"og:type\" content=\"article\" \/>\n<meta property=\"og:title\" content=\"CAPACITAN A ENLACES DEL PODER EJECUTIVO EN MATERIA DE TRANSPARENCIA Y ACCESO A LA INFORMACI\u00d3N P\u00daBLICA - ItaipBC\" \/>\n<meta property=\"og:description\" content=\"CAPACITAN A ENLACES DEL PODER EJECUTIVO EN MATERIA DE TRANSPARENCIA Y ACCESO A LA INFORMACI\u00d3N P\u00daBLICA Mexicali, Baja California.- El Instituto de Transparencia, Acceso a la Informaci\u00f3n P\u00fablica y Protecci\u00f3n de Datos Personales del Estado de Baja California (ITAIPBC) en colaboraci\u00f3n la Secretar\u00eda General de Gobierno del Estado de Baja California, llevaron a cabo la [&hellip;]\" \/>\n<meta property=\"og:url\" content=\"https:\/\/www.itaipbc.org.mx\/itaipBC-2019\/capacitan-a-enlaces-del-poder-ejecutivo-en-materia-de-transparencia-y-acceso-a-la-informacion-publica\/\" \/>\n<meta property=\"og:site_name\" content=\"ItaipBC\" \/>\n<meta property=\"article:published_time\" content=\"2022-11-14T22:25:52+00:00\" \/>\n<meta property=\"article:modified_time\" content=\"2022-11-18T06:31:29+00:00\" \/>\n<meta property=\"og:image\" content=\"https:\/\/www.itaipbc.org.mx\/itaipBC-2019\/wp-content\/uploads\/2022\/11\/Redes-5-scaled.jpg\" \/>\n\t<meta property=\"og:image:width\" content=\"2560\" \/>\n\t<meta property=\"og:image:height\" content=\"1920\" \/>\n\t<meta property=\"og:image:type\" content=\"image\/jpeg\" \/>\n<meta name=\"author\" content=\"Anahi Prescencion\" \/>\n<meta name=\"twitter:card\" content=\"summary_large_image\" \/>\n<meta name=\"twitter:label1\" content=\"Escrito por\" \/>\n\t<meta name=\"twitter:data1\" content=\"Anahi Prescencion\" \/>\n\t<meta name=\"twitter:label2\" content=\"Tiempo de lectura\" \/>\n\t<meta name=\"twitter:data2\" content=\"4 minutos\" \/>\n<script type=\"application\/ld+json\" class=\"yoast-schema-graph\">{\"@context\":\"https:\/\/schema.org\",\"@graph\":[{\"@type\":\"Article\",\"@id\":\"https:\/\/www.itaipbc.org.mx\/itaipBC-2019\/capacitan-a-enlaces-del-poder-ejecutivo-en-materia-de-transparencia-y-acceso-a-la-informacion-publica\/#article\",\"isPartOf\":{\"@id\":\"https:\/\/www.itaipbc.org.mx\/itaipBC-2019\/capacitan-a-enlaces-del-poder-ejecutivo-en-materia-de-transparencia-y-acceso-a-la-informacion-publica\/\"},\"author\":{\"name\":\"Anahi Prescencion\",\"@id\":\"https:\/\/www.itaipbc.org.mx\/itaipBC-2019\/#\/schema\/person\/fe0517b8be1919f7dd71c9d01a6cdb08\"},\"headline\":\"CAPACITAN A ENLACES DEL PODER EJECUTIVO EN MATERIA DE TRANSPARENCIA Y ACCESO A LA INFORMACI\u00d3N P\u00daBLICA\",\"datePublished\":\"2022-11-14T22:25:52+00:00\",\"dateModified\":\"2022-11-18T06:31:29+00:00\",\"mainEntityOfPage\":{\"@id\":\"https:\/\/www.itaipbc.org.mx\/itaipBC-2019\/capacitan-a-enlaces-del-poder-ejecutivo-en-materia-de-transparencia-y-acceso-a-la-informacion-publica\/\"},\"wordCount\":624,\"commentCount\":0,\"publisher\":{\"@id\":\"https:\/\/www.itaipbc.org.mx\/itaipBC-2019\/#organization\"},\"image\":{\"@id\":\"https:\/\/www.itaipbc.org.mx\/itaipBC-2019\/capacitan-a-enlaces-del-poder-ejecutivo-en-materia-de-transparencia-y-acceso-a-la-informacion-publica\/#primaryimage\"},\"thumbnailUrl\":\"https:\/\/www.itaipbc.org.mx\/itaipBC-2019\/wp-content\/uploads\/2022\/11\/Redes-5-scaled.jpg\",\"keywords\":[\"CAPACITACI\u00d3N\",\"ITAIPBC\",\"OBLIGACIONES\",\"TRANSPARENCIA\"],\"articleSection\":[\"Noticias\"],\"inLanguage\":\"es\",\"potentialAction\":[{\"@type\":\"CommentAction\",\"name\":\"Comment\",\"target\":[\"https:\/\/www.itaipbc.org.mx\/itaipBC-2019\/capacitan-a-enlaces-del-poder-ejecutivo-en-materia-de-transparencia-y-acceso-a-la-informacion-publica\/#respond\"]}]},{\"@type\":\"WebPage\",\"@id\":\"https:\/\/www.itaipbc.org.mx\/itaipBC-2019\/capacitan-a-enlaces-del-poder-ejecutivo-en-materia-de-transparencia-y-acceso-a-la-informacion-publica\/\",\"url\":\"https:\/\/www.itaipbc.org.mx\/itaipBC-2019\/capacitan-a-enlaces-del-poder-ejecutivo-en-materia-de-transparencia-y-acceso-a-la-informacion-publica\/\",\"name\":\"CAPACITAN A ENLACES DEL PODER EJECUTIVO EN MATERIA DE TRANSPARENCIA Y ACCESO A LA INFORMACI\u00d3N P\u00daBLICA - ItaipBC\",\"isPartOf\":{\"@id\":\"https:\/\/www.itaipbc.org.mx\/itaipBC-2019\/#website\"},\"primaryImageOfPage\":{\"@id\":\"https:\/\/www.itaipbc.org.mx\/itaipBC-2019\/capacitan-a-enlaces-del-poder-ejecutivo-en-materia-de-transparencia-y-acceso-a-la-informacion-publica\/#primaryimage\"},\"image\":{\"@id\":\"https:\/\/www.itaipbc.org.mx\/itaipBC-2019\/capacitan-a-enlaces-del-poder-ejecutivo-en-materia-de-transparencia-y-acceso-a-la-informacion-publica\/#primaryimage\"},\"thumbnailUrl\":\"https:\/\/www.itaipbc.org.mx\/itaipBC-2019\/wp-content\/uploads\/2022\/11\/Redes-5-scaled.jpg\",\"datePublished\":\"2022-11-14T22:25:52+00:00\",\"dateModified\":\"2022-11-18T06:31:29+00:00\",\"breadcrumb\":{\"@id\":\"https:\/\/www.itaipbc.org.mx\/itaipBC-2019\/capacitan-a-enlaces-del-poder-ejecutivo-en-materia-de-transparencia-y-acceso-a-la-informacion-publica\/#breadcrumb\"},\"inLanguage\":\"es\",\"potentialAction\":[{\"@type\":\"ReadAction\",\"target\":[\"https:\/\/www.itaipbc.org.mx\/itaipBC-2019\/capacitan-a-enlaces-del-poder-ejecutivo-en-materia-de-transparencia-y-acceso-a-la-informacion-publica\/\"]}]},{\"@type\":\"ImageObject\",\"inLanguage\":\"es\",\"@id\":\"https:\/\/www.itaipbc.org.mx\/itaipBC-2019\/capacitan-a-enlaces-del-poder-ejecutivo-en-materia-de-transparencia-y-acceso-a-la-informacion-publica\/#primaryimage\",\"url\":\"https:\/\/www.itaipbc.org.mx\/itaipBC-2019\/wp-content\/uploads\/2022\/11\/Redes-5-scaled.jpg\",\"contentUrl\":\"https:\/\/www.itaipbc.org.mx\/itaipBC-2019\/wp-content\/uploads\/2022\/11\/Redes-5-scaled.jpg\",\"width\":2560,\"height\":1920},{\"@type\":\"BreadcrumbList\",\"@id\":\"https:\/\/www.itaipbc.org.mx\/itaipBC-2019\/capacitan-a-enlaces-del-poder-ejecutivo-en-materia-de-transparencia-y-acceso-a-la-informacion-publica\/#breadcrumb\",\"itemListElement\":[{\"@type\":\"ListItem\",\"position\":1,\"name\":\"Portada\",\"item\":\"https:\/\/www.itaipbc.org.mx\/itaipBC-2019\/\"},{\"@type\":\"ListItem\",\"position\":2,\"name\":\"CAPACITAN A ENLACES DEL PODER EJECUTIVO EN MATERIA DE TRANSPARENCIA Y ACCESO A LA INFORMACI\u00d3N P\u00daBLICA\"}]},{\"@type\":\"WebSite\",\"@id\":\"https:\/\/www.itaipbc.org.mx\/itaipBC-2019\/#website\",\"url\":\"https:\/\/www.itaipbc.org.mx\/itaipBC-2019\/\",\"name\":\"ItaipBC\",\"description\":\"\",\"publisher\":{\"@id\":\"https:\/\/www.itaipbc.org.mx\/itaipBC-2019\/#organization\"},\"potentialAction\":[{\"@type\":\"SearchAction\",\"target\":{\"@type\":\"EntryPoint\",\"urlTemplate\":\"https:\/\/www.itaipbc.org.mx\/itaipBC-2019\/?s={search_term_string}\"},\"query-input\":{\"@type\":\"PropertyValueSpecification\",\"valueRequired\":true,\"valueName\":\"search_term_string\"}}],\"inLanguage\":\"es\"},{\"@type\":\"Organization\",\"@id\":\"https:\/\/www.itaipbc.org.mx\/itaipBC-2019\/#organization\",\"name\":\"Instituto de Transparencia Baja California\",\"url\":\"https:\/\/www.itaipbc.org.mx\/itaipBC-2019\/\",\"logo\":{\"@type\":\"ImageObject\",\"inLanguage\":\"es\",\"@id\":\"https:\/\/www.itaipbc.org.mx\/itaipBC-2019\/#\/schema\/logo\/image\/\",\"url\":\"http:\/\/www.itaipbc.org.mx\/itaipBC-2019\/wp-content\/uploads\/2020\/01\/ITAIPBC-Completo.png\",\"contentUrl\":\"http:\/\/www.itaipbc.org.mx\/itaipBC-2019\/wp-content\/uploads\/2020\/01\/ITAIPBC-Completo.png\",\"width\":750,\"height\":174,\"caption\":\"Instituto de Transparencia Baja California\"},\"image\":{\"@id\":\"https:\/\/www.itaipbc.org.mx\/itaipBC-2019\/#\/schema\/logo\/image\/\"}},{\"@type\":\"Person\",\"@id\":\"https:\/\/www.itaipbc.org.mx\/itaipBC-2019\/#\/schema\/person\/fe0517b8be1919f7dd71c9d01a6cdb08\",\"name\":\"Anahi Prescencion\",\"image\":{\"@type\":\"ImageObject\",\"inLanguage\":\"es\",\"@id\":\"https:\/\/www.itaipbc.org.mx\/itaipBC-2019\/#\/schema\/person\/image\/\",\"url\":\"https:\/\/secure.gravatar.com\/avatar\/2f6176908986880d9eb812e72116ebc8b491e070cabea8a491a62c7deac9b784?s=96&d=mm&r=g\",\"contentUrl\":\"https:\/\/secure.gravatar.com\/avatar\/2f6176908986880d9eb812e72116ebc8b491e070cabea8a491a62c7deac9b784?s=96&d=mm&r=g\",\"caption\":\"Anahi Prescencion\"},\"url\":\"https:\/\/www.itaipbc.org.mx\/itaipBC-2019\/author\/aimeemoran\/\"}]}<\/script>\n<!-- \/ Yoast SEO plugin. -->","yoast_head_json":{"title":"CAPACITAN A ENLACES DEL PODER EJECUTIVO EN MATERIA DE TRANSPARENCIA Y ACCESO A LA INFORMACI\u00d3N P\u00daBLICA - ItaipBC","robots":{"index":"index","follow":"follow","max-snippet":"max-snippet:-1","max-image-preview":"max-image-preview:large","max-video-preview":"max-video-preview:-1"},"canonical":"https:\/\/www.itaipbc.org.mx\/itaipBC-2019\/capacitan-a-enlaces-del-poder-ejecutivo-en-materia-de-transparencia-y-acceso-a-la-informacion-publica\/","og_locale":"es_ES","og_type":"article","og_title":"CAPACITAN A ENLACES DEL PODER EJECUTIVO EN MATERIA DE TRANSPARENCIA Y ACCESO A LA INFORMACI\u00d3N P\u00daBLICA - ItaipBC","og_description":"CAPACITAN A ENLACES DEL PODER EJECUTIVO EN MATERIA DE TRANSPARENCIA Y ACCESO A LA INFORMACI\u00d3N P\u00daBLICA Mexicali, Baja California.- El Instituto de Transparencia, Acceso a la Informaci\u00f3n P\u00fablica y Protecci\u00f3n de Datos Personales del Estado de Baja California (ITAIPBC) en colaboraci\u00f3n la Secretar\u00eda General de Gobierno del Estado de Baja California, llevaron a cabo la [&hellip;]","og_url":"https:\/\/www.itaipbc.org.mx\/itaipBC-2019\/capacitan-a-enlaces-del-poder-ejecutivo-en-materia-de-transparencia-y-acceso-a-la-informacion-publica\/","og_site_name":"ItaipBC","article_published_time":"2022-11-14T22:25:52+00:00","article_modified_time":"2022-11-18T06:31:29+00:00","og_image":[{"width":2560,"height":1920,"url":"https:\/\/www.itaipbc.org.mx\/itaipBC-2019\/wp-content\/uploads\/2022\/11\/Redes-5-scaled.jpg","type":"image\/jpeg"}],"author":"Anahi Prescencion","twitter_card":"summary_large_image","twitter_misc":{"Escrito por":"Anahi Prescencion","Tiempo de lectura":"4 minutos"},"schema":{"@context":"https:\/\/schema.org","@graph":[{"@type":"Article","@id":"https:\/\/www.itaipbc.org.mx\/itaipBC-2019\/capacitan-a-enlaces-del-poder-ejecutivo-en-materia-de-transparencia-y-acceso-a-la-informacion-publica\/#article","isPartOf":{"@id":"https:\/\/www.itaipbc.org.mx\/itaipBC-2019\/capacitan-a-enlaces-del-poder-ejecutivo-en-materia-de-transparencia-y-acceso-a-la-informacion-publica\/"},"author":{"name":"Anahi Prescencion","@id":"https:\/\/www.itaipbc.org.mx\/itaipBC-2019\/#\/schema\/person\/fe0517b8be1919f7dd71c9d01a6cdb08"},"headline":"CAPACITAN A ENLACES DEL PODER EJECUTIVO EN MATERIA DE TRANSPARENCIA Y ACCESO A LA INFORMACI\u00d3N P\u00daBLICA","datePublished":"2022-11-14T22:25:52+00:00","dateModified":"2022-11-18T06:31:29+00:00","mainEntityOfPage":{"@id":"https:\/\/www.itaipbc.org.mx\/itaipBC-2019\/capacitan-a-enlaces-del-poder-ejecutivo-en-materia-de-transparencia-y-acceso-a-la-informacion-publica\/"},"wordCount":624,"commentCount":0,"publisher":{"@id":"https:\/\/www.itaipbc.org.mx\/itaipBC-2019\/#organization"},"image":{"@id":"https:\/\/www.itaipbc.org.mx\/itaipBC-2019\/capacitan-a-enlaces-del-poder-ejecutivo-en-materia-de-transparencia-y-acceso-a-la-informacion-publica\/#primaryimage"},"thumbnailUrl":"https:\/\/www.itaipbc.org.mx\/itaipBC-2019\/wp-content\/uploads\/2022\/11\/Redes-5-scaled.jpg","keywords":["CAPACITACI\u00d3N","ITAIPBC","OBLIGACIONES","TRANSPARENCIA"],"articleSection":["Noticias"],"inLanguage":"es","potentialAction":[{"@type":"CommentAction","name":"Comment","target":["https:\/\/www.itaipbc.org.mx\/itaipBC-2019\/capacitan-a-enlaces-del-poder-ejecutivo-en-materia-de-transparencia-y-acceso-a-la-informacion-publica\/#respond"]}]},{"@type":"WebPage","@id":"https:\/\/www.itaipbc.org.mx\/itaipBC-2019\/capacitan-a-enlaces-del-poder-ejecutivo-en-materia-de-transparencia-y-acceso-a-la-informacion-publica\/","url":"https:\/\/www.itaipbc.org.mx\/itaipBC-2019\/capacitan-a-enlaces-del-poder-ejecutivo-en-materia-de-transparencia-y-acceso-a-la-informacion-publica\/","name":"CAPACITAN A ENLACES DEL PODER EJECUTIVO EN MATERIA DE TRANSPARENCIA Y ACCESO A LA INFORMACI\u00d3N P\u00daBLICA - ItaipBC","isPartOf":{"@id":"https:\/\/www.itaipbc.org.mx\/itaipBC-2019\/#website"},"primaryImageOfPage":{"@id":"https:\/\/www.itaipbc.org.mx\/itaipBC-2019\/capacitan-a-enlaces-del-poder-ejecutivo-en-materia-de-transparencia-y-acceso-a-la-informacion-publica\/#primaryimage"},"image":{"@id":"https:\/\/www.itaipbc.org.mx\/itaipBC-2019\/capacitan-a-enlaces-del-poder-ejecutivo-en-materia-de-transparencia-y-acceso-a-la-informacion-publica\/#primaryimage"},"thumbnailUrl":"https:\/\/www.itaipbc.org.mx\/itaipBC-2019\/wp-content\/uploads\/2022\/11\/Redes-5-scaled.jpg","datePublished":"2022-11-14T22:25:52+00:00","dateModified":"2022-11-18T06:31:29+00:00","breadcrumb":{"@id":"https:\/\/www.itaipbc.org.mx\/itaipBC-2019\/capacitan-a-enlaces-del-poder-ejecutivo-en-materia-de-transparencia-y-acceso-a-la-informacion-publica\/#breadcrumb"},"inLanguage":"es","potentialAction":[{"@type":"ReadAction","target":["https:\/\/www.itaipbc.org.mx\/itaipBC-2019\/capacitan-a-enlaces-del-poder-ejecutivo-en-materia-de-transparencia-y-acceso-a-la-informacion-publica\/"]}]},{"@type":"ImageObject","inLanguage":"es","@id":"https:\/\/www.itaipbc.org.mx\/itaipBC-2019\/capacitan-a-enlaces-del-poder-ejecutivo-en-materia-de-transparencia-y-acceso-a-la-informacion-publica\/#primaryimage","url":"https:\/\/www.itaipbc.org.mx\/itaipBC-2019\/wp-content\/uploads\/2022\/11\/Redes-5-scaled.jpg","contentUrl":"https:\/\/www.itaipbc.org.mx\/itaipBC-2019\/wp-content\/uploads\/2022\/11\/Redes-5-scaled.jpg","width":2560,"height":1920},{"@type":"BreadcrumbList","@id":"https:\/\/www.itaipbc.org.mx\/itaipBC-2019\/capacitan-a-enlaces-del-poder-ejecutivo-en-materia-de-transparencia-y-acceso-a-la-informacion-publica\/#breadcrumb","itemListElement":[{"@type":"ListItem","position":1,"name":"Portada","item":"https:\/\/www.itaipbc.org.mx\/itaipBC-2019\/"},{"@type":"ListItem","position":2,"name":"CAPACITAN A ENLACES DEL PODER EJECUTIVO EN MATERIA DE TRANSPARENCIA Y ACCESO A LA INFORMACI\u00d3N P\u00daBLICA"}]},{"@type":"WebSite","@id":"https:\/\/www.itaipbc.org.mx\/itaipBC-2019\/#website","url":"https:\/\/www.itaipbc.org.mx\/itaipBC-2019\/","name":"ItaipBC","description":"","publisher":{"@id":"https:\/\/www.itaipbc.org.mx\/itaipBC-2019\/#organization"},"potentialAction":[{"@type":"SearchAction","target":{"@type":"EntryPoint","urlTemplate":"https:\/\/www.itaipbc.org.mx\/itaipBC-2019\/?s={search_term_string}"},"query-input":{"@type":"PropertyValueSpecification","valueRequired":true,"valueName":"search_term_string"}}],"inLanguage":"es"},{"@type":"Organization","@id":"https:\/\/www.itaipbc.org.mx\/itaipBC-2019\/#organization","name":"Instituto de Transparencia Baja California","url":"https:\/\/www.itaipbc.org.mx\/itaipBC-2019\/","logo":{"@type":"ImageObject","inLanguage":"es","@id":"https:\/\/www.itaipbc.org.mx\/itaipBC-2019\/#\/schema\/logo\/image\/","url":"http:\/\/www.itaipbc.org.mx\/itaipBC-2019\/wp-content\/uploads\/2020\/01\/ITAIPBC-Completo.png","contentUrl":"http:\/\/www.itaipbc.org.mx\/itaipBC-2019\/wp-content\/uploads\/2020\/01\/ITAIPBC-Completo.png","width":750,"height":174,"caption":"Instituto de Transparencia Baja California"},"image":{"@id":"https:\/\/www.itaipbc.org.mx\/itaipBC-2019\/#\/schema\/logo\/image\/"}},{"@type":"Person","@id":"https:\/\/www.itaipbc.org.mx\/itaipBC-2019\/#\/schema\/person\/fe0517b8be1919f7dd71c9d01a6cdb08","name":"Anahi Prescencion","image":{"@type":"ImageObject","inLanguage":"es","@id":"https:\/\/www.itaipbc.org.mx\/itaipBC-2019\/#\/schema\/person\/image\/","url":"https:\/\/secure.gravatar.com\/avatar\/2f6176908986880d9eb812e72116ebc8b491e070cabea8a491a62c7deac9b784?s=96&d=mm&r=g","contentUrl":"https:\/\/secure.gravatar.com\/avatar\/2f6176908986880d9eb812e72116ebc8b491e070cabea8a491a62c7deac9b784?s=96&d=mm&r=g","caption":"Anahi Prescencion"},"url":"https:\/\/www.itaipbc.org.mx\/itaipBC-2019\/author\/aimeemoran\/"}]}},"_links":{"self":[{"href":"https:\/\/www.itaipbc.org.mx\/itaipBC-2019\/wp-json\/wp\/v2\/posts\/9233","targetHints":{"allow":["GET"]}}],"collection":[{"href":"https:\/\/www.itaipbc.org.mx\/itaipBC-2019\/wp-json\/wp\/v2\/posts"}],"about":[{"href":"https:\/\/www.itaipbc.org.mx\/itaipBC-2019\/wp-json\/wp\/v2\/types\/post"}],"author":[{"embeddable":true,"href":"https:\/\/www.itaipbc.org.mx\/itaipBC-2019\/wp-json\/wp\/v2\/users\/8"}],"replies":[{"embeddable":true,"href":"https:\/\/www.itaipbc.org.mx\/itaipBC-2019\/wp-json\/wp\/v2\/comments?post=9233"}],"version-history":[{"count":1,"href":"https:\/\/www.itaipbc.org.mx\/itaipBC-2019\/wp-json\/wp\/v2\/posts\/9233\/revisions"}],"predecessor-version":[{"id":9237,"href":"https:\/\/www.itaipbc.org.mx\/itaipBC-2019\/wp-json\/wp\/v2\/posts\/9233\/revisions\/9237"}],"wp:featuredmedia":[{"embeddable":true,"href":"https:\/\/www.itaipbc.org.mx\/itaipBC-2019\/wp-json\/wp\/v2\/media\/9234"}],"wp:attachment":[{"href":"https:\/\/www.itaipbc.org.mx\/itaipBC-2019\/wp-json\/wp\/v2\/media?parent=9233"}],"wp:term":[{"taxonomy":"category","embeddable":true,"href":"https:\/\/www.itaipbc.org.mx\/itaipBC-2019\/wp-json\/wp\/v2\/categories?post=9233"},{"taxonomy":"post_tag","embeddable":true,"href":"https:\/\/www.itaipbc.org.mx\/itaipBC-2019\/wp-json\/wp\/v2\/tags?post=9233"}],"curies":[{"name":"wp","href":"https:\/\/api.w.org\/{rel}","templated":true}]}}