{"id":9200,"date":"2022-11-09T15:58:12","date_gmt":"2022-11-09T23:58:12","guid":{"rendered":"http:\/\/www.itaipbc.org.mx\/itaipBC-2019\/?p=9200"},"modified":"2022-11-09T16:12:06","modified_gmt":"2022-11-10T00:12:06","slug":"9200-2","status":"publish","type":"post","link":"https:\/\/www.itaipbc.org.mx\/itaipBC-2019\/9200-2\/","title":{"rendered":"INSTALAN RED LOCAL DE SOCIALIZACI\u00d3N DEL PLANDAI EN BAJA CALIFORNIA 2022-2023"},"content":{"rendered":"<p><img loading=\"lazy\" decoding=\"async\" class=\"alignnone size-medium wp-image-9202\" src=\"http:\/\/www.itaipbc.org.mx\/itaipBC-2019\/wp-content\/uploads\/2022\/11\/RD3-1-450x240.jpg\" alt=\"\" width=\"450\" height=\"240\" srcset=\"https:\/\/www.itaipbc.org.mx\/itaipBC-2019\/wp-content\/uploads\/2022\/11\/RD3-1-450x240.jpg 450w, https:\/\/www.itaipbc.org.mx\/itaipBC-2019\/wp-content\/uploads\/2022\/11\/RD3-1.jpg 718w\" sizes=\"auto, (max-width: 450px) 100vw, 450px\" \/><\/p>\n<p><strong>INSTALAN RED LOCAL DE SOCIALIZACI\u00d3N DEL PLANDAI <\/strong><strong>EN BAJA CALIFORNIA 2022-2023<\/strong><\/p>\n<p><strong>Mexicali, B.C.- <\/strong>El Instituto de Transparencia, Acceso a la Informaci\u00f3n P\u00fablica y Protecci\u00f3n de Datos Personales del Estado de Baja California (ITAIPBC) en colaboraci\u00f3n con el Instituto de Nacional de Transparencia, Acceso a la Informaci\u00f3n y Protecci\u00f3n de Datos Personales (INAI), llevaron a cabo la Instalaci\u00f3n de la Red Local de Socializaci\u00f3n (RLS) del Plan de Derecho de Acceso a la Informaci\u00f3n (PlanDAI) 2022-2023.<\/p>\n<p>El PlanDAI es una pol\u00edtica p\u00fablica del Sistema Nacional de Transparencia que, a trav\u00e9s de la socializaci\u00f3n del derecho y del aprovechamiento de la informaci\u00f3n p\u00fablica en beneficio de la poblaci\u00f3n, principalmente en grupos sociales en situaci\u00f3n de vulnerabilidad, busca contribuir a la inclusi\u00f3n y a la reducci\u00f3n de la brecha de desigualdad en el ejercicio de otros derechos fundamentales.<\/p>\n<p>La Red tiene como principal funci\u00f3n coordinar las acciones para la implementaci\u00f3n del PlanDAI a nivel local. Adem\u00e1s, tiene la encomienda de elaborar el Plan Local de Socializaci\u00f3n, mismo que se implementar\u00e1 durante cada etapa de este proyecto.<\/p>\n<p>Durante su mensaje, el Comisionado Presidente del ITAIPBC, Jos\u00e9 Rodolfo Mu\u00f1oz Garc\u00eda, agradeci\u00f3 el esfuerzo y la colaboraci\u00f3n de quienes se involucran para acercar el acceso a la informaci\u00f3n a las personas m\u00e1s vulnerables, asegurando que el Instituto est\u00e1 comprometido en continuar con acciones que fomenten y difundan el acceso a la informaci\u00f3n p\u00fablica entre la poblaci\u00f3n.<\/p>\n<p>\u201cTodos aqu\u00ed somos conscientes de que este tipo de esfuerzos, deben traducirse en una pol\u00edtica p\u00fablica que tiene la intenci\u00f3n de ser efectiva con los que tienen menos posibilidades, ya que no podr\u00eda ser posible llevar a cabo este tipo de din\u00e1micas, si no fuera por la colaboraci\u00f3n de los sujetos obligados\u201d, refiri\u00f3.<\/p>\n<p>Por su parte, en la exposici\u00f3n de motivos, el Coordinador de la RLS, Comisionado Jes\u00fas Alberto Sandoval Franco, asegur\u00f3 que en esta edici\u00f3n, se dar\u00e1 continuidad a los trabajos que se desarrollaron en la pasada edici\u00f3n del PlanDAI, con la voluntad y participaci\u00f3n de los sujetos obligados y el compromiso de la sociedad civil pero, sobre todo con el prop\u00f3sito de aplicar los acuerdos emanados del reciente encuentro nacional en la materia, enfatizando que se pidi\u00f3 \u201csalir de las oficinas, dejar el escritorio y tener metas m\u00e1s ambiciosas\u201d, dijo.<\/p>\n<p>Por su parte, el Comisionado del INAI, Adri\u00e1n Alcal\u00e1 M\u00e9ndez, resalt\u00f3 que, con la firma del acta de instalaci\u00f3n de la Red, formalizan la participaci\u00f3n de Baja California en la cuarta edici\u00f3n del PlanDAI, destacando a la entidad como una de las m\u00e1s activas en dicho tema.<\/p>\n<p><img loading=\"lazy\" decoding=\"async\" class=\"alignnone size-medium wp-image-9203\" src=\"http:\/\/www.itaipbc.org.mx\/itaipBC-2019\/wp-content\/uploads\/2022\/11\/RD2-450x338.jpg\" alt=\"\" width=\"450\" height=\"338\" srcset=\"https:\/\/www.itaipbc.org.mx\/itaipBC-2019\/wp-content\/uploads\/2022\/11\/RD2-450x338.jpg 450w, https:\/\/www.itaipbc.org.mx\/itaipBC-2019\/wp-content\/uploads\/2022\/11\/RD2-400x300.jpg 400w, https:\/\/www.itaipbc.org.mx\/itaipBC-2019\/wp-content\/uploads\/2022\/11\/RD2.jpg 720w\" sizes=\"auto, (max-width: 450px) 100vw, 450px\" \/><\/p>\n<p>\u201cLos organismos garantes, hoy representados y que se han comprometido con el PlanDAI, haremos de este esfuerzo nacional, una realidad para consolidar, el ejercicio efectivo del Derecho de Acceso a la informaci\u00f3n como una herramienta real, al alcance para la exigencia de Derechos\u201d, explic\u00f3.<\/p>\n<p>La Red Local de Socializaci\u00f3n se conforma por el INAI (\u00d3rgano Nacional), ITAIPBC (\u00d3rgano Local), Secretar\u00eda de la Honestidad y la Funci\u00f3n P\u00fablica de Baja California (Poder Ejecutivo), Ayuntamiento de Tijuana, Ayuntamiento de Mexicali, Concejo Municipal Fundacional del Municipio de San Felipe, Universidad Aut\u00f3noma de Baja California (Instituci\u00f3n Educativa), Barra Estatal de Abogadas L\u00edderes en Baja California, A.C., (Organismo de la Sociedad Civil, -OSC-) y por el Sector Empresarial, la C\u00e1mara Nacional de la Industria Electr\u00f3nica de Telecomunicaciones y Tecnolog\u00edas de la Informaci\u00f3n (CANIETI).<\/p>\n<p>Durante el evento, estuvieron presentes la Comisionada Propietaria del ITAIPBC, Luc\u00eda Ariana Miranda G\u00f3mez; la Directora de Transparencia y Acceso a la Informaci\u00f3n para un Gobierno Abierto de la SHyFP, Lic. Denisse L\u00f3pez Zepeda; el Director de Transparencia del Ayuntamiento de Tijuana, Conrado Jes\u00fas Macfarland Valenzuela; la Jefa de la Unidad Coordinadora de Transparencia del Ayuntamiento de Mexicali; Daniela Alejandra L\u00f3pez Gast\u00e9lum; el Secretario del Concejo Municipal Fundacional de San Felipe; Rub\u00e9n Ruiz Valdez; la Presidenta de la Barra Estatal de Abogadas L\u00edderes de Baja California, Roxana Herrera T\u00e9llez y el Presidente de CANIETI, Jos\u00e9 Luis Villasana Beltr\u00e1n.<\/p>\n","protected":false},"excerpt":{"rendered":"<p>INSTALAN RED LOCAL DE SOCIALIZACI\u00d3N DEL PLANDAI EN BAJA CALIFORNIA 2022-2023 Mexicali, B.C.- El Instituto de Transparencia, Acceso a la Informaci\u00f3n P\u00fablica y Protecci\u00f3n de Datos Personales del Estado de Baja California (ITAIPBC) en colaboraci\u00f3n con el Instituto de Nacional de Transparencia, Acceso a la Informaci\u00f3n y Protecci\u00f3n de Datos Personales (INAI), llevaron a cabo [&hellip;]<\/p>\n","protected":false},"author":8,"featured_media":9202,"comment_status":"open","ping_status":"open","sticky":false,"template":"","format":"standard","meta":{"footnotes":""},"categories":[1],"tags":[93,88,139,90],"class_list":["post-9200","post","type-post","status-publish","format-standard","has-post-thumbnail","hentry","category-noticias","tag-inai","tag-itaipbc","tag-plandai","tag-transparencia"],"yoast_head":"<!-- This site is optimized with the Yoast SEO plugin v26.5 - https:\/\/yoast.com\/wordpress\/plugins\/seo\/ -->\n<title>INSTALAN RED LOCAL DE SOCIALIZACI\u00d3N DEL PLANDAI EN BAJA CALIFORNIA 2022-2023 - ItaipBC<\/title>\n<meta name=\"robots\" content=\"index, follow, max-snippet:-1, max-image-preview:large, max-video-preview:-1\" \/>\n<link rel=\"canonical\" href=\"https:\/\/www.itaipbc.org.mx\/itaipBC-2019\/9200-2\/\" \/>\n<meta property=\"og:locale\" content=\"es_ES\" \/>\n<meta property=\"og:type\" content=\"article\" \/>\n<meta property=\"og:title\" content=\"INSTALAN RED LOCAL DE SOCIALIZACI\u00d3N DEL PLANDAI EN BAJA CALIFORNIA 2022-2023 - ItaipBC\" \/>\n<meta property=\"og:description\" content=\"INSTALAN RED LOCAL DE SOCIALIZACI\u00d3N DEL PLANDAI EN BAJA CALIFORNIA 2022-2023 Mexicali, B.C.- El Instituto de Transparencia, Acceso a la Informaci\u00f3n P\u00fablica y Protecci\u00f3n de Datos Personales del Estado de Baja California (ITAIPBC) en colaboraci\u00f3n con el Instituto de Nacional de Transparencia, Acceso a la Informaci\u00f3n y Protecci\u00f3n de Datos Personales (INAI), llevaron a cabo [&hellip;]\" \/>\n<meta property=\"og:url\" content=\"https:\/\/www.itaipbc.org.mx\/itaipBC-2019\/9200-2\/\" \/>\n<meta property=\"og:site_name\" content=\"ItaipBC\" \/>\n<meta property=\"article:published_time\" content=\"2022-11-09T23:58:12+00:00\" \/>\n<meta property=\"article:modified_time\" content=\"2022-11-10T00:12:06+00:00\" \/>\n<meta property=\"og:image\" content=\"https:\/\/www.itaipbc.org.mx\/itaipBC-2019\/wp-content\/uploads\/2022\/11\/RD3-1.jpg\" \/>\n\t<meta property=\"og:image:width\" content=\"718\" \/>\n\t<meta property=\"og:image:height\" content=\"383\" \/>\n\t<meta property=\"og:image:type\" content=\"image\/jpeg\" \/>\n<meta name=\"author\" content=\"Anahi Prescencion\" \/>\n<meta name=\"twitter:card\" content=\"summary_large_image\" \/>\n<meta name=\"twitter:label1\" content=\"Escrito por\" \/>\n\t<meta name=\"twitter:data1\" content=\"Anahi Prescencion\" \/>\n\t<meta name=\"twitter:label2\" content=\"Tiempo de lectura\" \/>\n\t<meta name=\"twitter:data2\" content=\"4 minutos\" \/>\n<script type=\"application\/ld+json\" class=\"yoast-schema-graph\">{\"@context\":\"https:\/\/schema.org\",\"@graph\":[{\"@type\":\"Article\",\"@id\":\"https:\/\/www.itaipbc.org.mx\/itaipBC-2019\/9200-2\/#article\",\"isPartOf\":{\"@id\":\"https:\/\/www.itaipbc.org.mx\/itaipBC-2019\/9200-2\/\"},\"author\":{\"name\":\"Anahi Prescencion\",\"@id\":\"https:\/\/www.itaipbc.org.mx\/itaipBC-2019\/#\/schema\/person\/fe0517b8be1919f7dd71c9d01a6cdb08\"},\"headline\":\"INSTALAN RED LOCAL DE SOCIALIZACI\u00d3N DEL PLANDAI EN BAJA CALIFORNIA 2022-2023\",\"datePublished\":\"2022-11-09T23:58:12+00:00\",\"dateModified\":\"2022-11-10T00:12:06+00:00\",\"mainEntityOfPage\":{\"@id\":\"https:\/\/www.itaipbc.org.mx\/itaipBC-2019\/9200-2\/\"},\"wordCount\":734,\"commentCount\":0,\"publisher\":{\"@id\":\"https:\/\/www.itaipbc.org.mx\/itaipBC-2019\/#organization\"},\"image\":{\"@id\":\"https:\/\/www.itaipbc.org.mx\/itaipBC-2019\/9200-2\/#primaryimage\"},\"thumbnailUrl\":\"https:\/\/www.itaipbc.org.mx\/itaipBC-2019\/wp-content\/uploads\/2022\/11\/RD3-1.jpg\",\"keywords\":[\"INAI\",\"ITAIPBC\",\"PlanDAI\",\"TRANSPARENCIA\"],\"articleSection\":[\"Noticias\"],\"inLanguage\":\"es\",\"potentialAction\":[{\"@type\":\"CommentAction\",\"name\":\"Comment\",\"target\":[\"https:\/\/www.itaipbc.org.mx\/itaipBC-2019\/9200-2\/#respond\"]}]},{\"@type\":\"WebPage\",\"@id\":\"https:\/\/www.itaipbc.org.mx\/itaipBC-2019\/9200-2\/\",\"url\":\"https:\/\/www.itaipbc.org.mx\/itaipBC-2019\/9200-2\/\",\"name\":\"INSTALAN RED LOCAL DE SOCIALIZACI\u00d3N DEL PLANDAI EN BAJA CALIFORNIA 2022-2023 - ItaipBC\",\"isPartOf\":{\"@id\":\"https:\/\/www.itaipbc.org.mx\/itaipBC-2019\/#website\"},\"primaryImageOfPage\":{\"@id\":\"https:\/\/www.itaipbc.org.mx\/itaipBC-2019\/9200-2\/#primaryimage\"},\"image\":{\"@id\":\"https:\/\/www.itaipbc.org.mx\/itaipBC-2019\/9200-2\/#primaryimage\"},\"thumbnailUrl\":\"https:\/\/www.itaipbc.org.mx\/itaipBC-2019\/wp-content\/uploads\/2022\/11\/RD3-1.jpg\",\"datePublished\":\"2022-11-09T23:58:12+00:00\",\"dateModified\":\"2022-11-10T00:12:06+00:00\",\"breadcrumb\":{\"@id\":\"https:\/\/www.itaipbc.org.mx\/itaipBC-2019\/9200-2\/#breadcrumb\"},\"inLanguage\":\"es\",\"potentialAction\":[{\"@type\":\"ReadAction\",\"target\":[\"https:\/\/www.itaipbc.org.mx\/itaipBC-2019\/9200-2\/\"]}]},{\"@type\":\"ImageObject\",\"inLanguage\":\"es\",\"@id\":\"https:\/\/www.itaipbc.org.mx\/itaipBC-2019\/9200-2\/#primaryimage\",\"url\":\"https:\/\/www.itaipbc.org.mx\/itaipBC-2019\/wp-content\/uploads\/2022\/11\/RD3-1.jpg\",\"contentUrl\":\"https:\/\/www.itaipbc.org.mx\/itaipBC-2019\/wp-content\/uploads\/2022\/11\/RD3-1.jpg\",\"width\":718,\"height\":383},{\"@type\":\"BreadcrumbList\",\"@id\":\"https:\/\/www.itaipbc.org.mx\/itaipBC-2019\/9200-2\/#breadcrumb\",\"itemListElement\":[{\"@type\":\"ListItem\",\"position\":1,\"name\":\"Portada\",\"item\":\"https:\/\/www.itaipbc.org.mx\/itaipBC-2019\/\"},{\"@type\":\"ListItem\",\"position\":2,\"name\":\"INSTALAN RED LOCAL DE SOCIALIZACI\u00d3N DEL PLANDAI EN BAJA CALIFORNIA 2022-2023\"}]},{\"@type\":\"WebSite\",\"@id\":\"https:\/\/www.itaipbc.org.mx\/itaipBC-2019\/#website\",\"url\":\"https:\/\/www.itaipbc.org.mx\/itaipBC-2019\/\",\"name\":\"ItaipBC\",\"description\":\"\",\"publisher\":{\"@id\":\"https:\/\/www.itaipbc.org.mx\/itaipBC-2019\/#organization\"},\"potentialAction\":[{\"@type\":\"SearchAction\",\"target\":{\"@type\":\"EntryPoint\",\"urlTemplate\":\"https:\/\/www.itaipbc.org.mx\/itaipBC-2019\/?s={search_term_string}\"},\"query-input\":{\"@type\":\"PropertyValueSpecification\",\"valueRequired\":true,\"valueName\":\"search_term_string\"}}],\"inLanguage\":\"es\"},{\"@type\":\"Organization\",\"@id\":\"https:\/\/www.itaipbc.org.mx\/itaipBC-2019\/#organization\",\"name\":\"Instituto de Transparencia Baja California\",\"url\":\"https:\/\/www.itaipbc.org.mx\/itaipBC-2019\/\",\"logo\":{\"@type\":\"ImageObject\",\"inLanguage\":\"es\",\"@id\":\"https:\/\/www.itaipbc.org.mx\/itaipBC-2019\/#\/schema\/logo\/image\/\",\"url\":\"http:\/\/www.itaipbc.org.mx\/itaipBC-2019\/wp-content\/uploads\/2020\/01\/ITAIPBC-Completo.png\",\"contentUrl\":\"http:\/\/www.itaipbc.org.mx\/itaipBC-2019\/wp-content\/uploads\/2020\/01\/ITAIPBC-Completo.png\",\"width\":750,\"height\":174,\"caption\":\"Instituto de Transparencia Baja California\"},\"image\":{\"@id\":\"https:\/\/www.itaipbc.org.mx\/itaipBC-2019\/#\/schema\/logo\/image\/\"}},{\"@type\":\"Person\",\"@id\":\"https:\/\/www.itaipbc.org.mx\/itaipBC-2019\/#\/schema\/person\/fe0517b8be1919f7dd71c9d01a6cdb08\",\"name\":\"Anahi Prescencion\",\"image\":{\"@type\":\"ImageObject\",\"inLanguage\":\"es\",\"@id\":\"https:\/\/www.itaipbc.org.mx\/itaipBC-2019\/#\/schema\/person\/image\/\",\"url\":\"https:\/\/secure.gravatar.com\/avatar\/2f6176908986880d9eb812e72116ebc8b491e070cabea8a491a62c7deac9b784?s=96&d=mm&r=g\",\"contentUrl\":\"https:\/\/secure.gravatar.com\/avatar\/2f6176908986880d9eb812e72116ebc8b491e070cabea8a491a62c7deac9b784?s=96&d=mm&r=g\",\"caption\":\"Anahi Prescencion\"},\"url\":\"https:\/\/www.itaipbc.org.mx\/itaipBC-2019\/author\/aimeemoran\/\"}]}<\/script>\n<!-- \/ Yoast SEO plugin. -->","yoast_head_json":{"title":"INSTALAN RED LOCAL DE SOCIALIZACI\u00d3N DEL PLANDAI EN BAJA CALIFORNIA 2022-2023 - ItaipBC","robots":{"index":"index","follow":"follow","max-snippet":"max-snippet:-1","max-image-preview":"max-image-preview:large","max-video-preview":"max-video-preview:-1"},"canonical":"https:\/\/www.itaipbc.org.mx\/itaipBC-2019\/9200-2\/","og_locale":"es_ES","og_type":"article","og_title":"INSTALAN RED LOCAL DE SOCIALIZACI\u00d3N DEL PLANDAI EN BAJA CALIFORNIA 2022-2023 - ItaipBC","og_description":"INSTALAN RED LOCAL DE SOCIALIZACI\u00d3N DEL PLANDAI EN BAJA CALIFORNIA 2022-2023 Mexicali, B.C.- El Instituto de Transparencia, Acceso a la Informaci\u00f3n P\u00fablica y Protecci\u00f3n de Datos Personales del Estado de Baja California (ITAIPBC) en colaboraci\u00f3n con el Instituto de Nacional de Transparencia, Acceso a la Informaci\u00f3n y Protecci\u00f3n de Datos Personales (INAI), llevaron a cabo [&hellip;]","og_url":"https:\/\/www.itaipbc.org.mx\/itaipBC-2019\/9200-2\/","og_site_name":"ItaipBC","article_published_time":"2022-11-09T23:58:12+00:00","article_modified_time":"2022-11-10T00:12:06+00:00","og_image":[{"width":718,"height":383,"url":"https:\/\/www.itaipbc.org.mx\/itaipBC-2019\/wp-content\/uploads\/2022\/11\/RD3-1.jpg","type":"image\/jpeg"}],"author":"Anahi Prescencion","twitter_card":"summary_large_image","twitter_misc":{"Escrito por":"Anahi Prescencion","Tiempo de lectura":"4 minutos"},"schema":{"@context":"https:\/\/schema.org","@graph":[{"@type":"Article","@id":"https:\/\/www.itaipbc.org.mx\/itaipBC-2019\/9200-2\/#article","isPartOf":{"@id":"https:\/\/www.itaipbc.org.mx\/itaipBC-2019\/9200-2\/"},"author":{"name":"Anahi Prescencion","@id":"https:\/\/www.itaipbc.org.mx\/itaipBC-2019\/#\/schema\/person\/fe0517b8be1919f7dd71c9d01a6cdb08"},"headline":"INSTALAN RED LOCAL DE SOCIALIZACI\u00d3N DEL PLANDAI EN BAJA CALIFORNIA 2022-2023","datePublished":"2022-11-09T23:58:12+00:00","dateModified":"2022-11-10T00:12:06+00:00","mainEntityOfPage":{"@id":"https:\/\/www.itaipbc.org.mx\/itaipBC-2019\/9200-2\/"},"wordCount":734,"commentCount":0,"publisher":{"@id":"https:\/\/www.itaipbc.org.mx\/itaipBC-2019\/#organization"},"image":{"@id":"https:\/\/www.itaipbc.org.mx\/itaipBC-2019\/9200-2\/#primaryimage"},"thumbnailUrl":"https:\/\/www.itaipbc.org.mx\/itaipBC-2019\/wp-content\/uploads\/2022\/11\/RD3-1.jpg","keywords":["INAI","ITAIPBC","PlanDAI","TRANSPARENCIA"],"articleSection":["Noticias"],"inLanguage":"es","potentialAction":[{"@type":"CommentAction","name":"Comment","target":["https:\/\/www.itaipbc.org.mx\/itaipBC-2019\/9200-2\/#respond"]}]},{"@type":"WebPage","@id":"https:\/\/www.itaipbc.org.mx\/itaipBC-2019\/9200-2\/","url":"https:\/\/www.itaipbc.org.mx\/itaipBC-2019\/9200-2\/","name":"INSTALAN RED LOCAL DE SOCIALIZACI\u00d3N DEL PLANDAI EN BAJA CALIFORNIA 2022-2023 - ItaipBC","isPartOf":{"@id":"https:\/\/www.itaipbc.org.mx\/itaipBC-2019\/#website"},"primaryImageOfPage":{"@id":"https:\/\/www.itaipbc.org.mx\/itaipBC-2019\/9200-2\/#primaryimage"},"image":{"@id":"https:\/\/www.itaipbc.org.mx\/itaipBC-2019\/9200-2\/#primaryimage"},"thumbnailUrl":"https:\/\/www.itaipbc.org.mx\/itaipBC-2019\/wp-content\/uploads\/2022\/11\/RD3-1.jpg","datePublished":"2022-11-09T23:58:12+00:00","dateModified":"2022-11-10T00:12:06+00:00","breadcrumb":{"@id":"https:\/\/www.itaipbc.org.mx\/itaipBC-2019\/9200-2\/#breadcrumb"},"inLanguage":"es","potentialAction":[{"@type":"ReadAction","target":["https:\/\/www.itaipbc.org.mx\/itaipBC-2019\/9200-2\/"]}]},{"@type":"ImageObject","inLanguage":"es","@id":"https:\/\/www.itaipbc.org.mx\/itaipBC-2019\/9200-2\/#primaryimage","url":"https:\/\/www.itaipbc.org.mx\/itaipBC-2019\/wp-content\/uploads\/2022\/11\/RD3-1.jpg","contentUrl":"https:\/\/www.itaipbc.org.mx\/itaipBC-2019\/wp-content\/uploads\/2022\/11\/RD3-1.jpg","width":718,"height":383},{"@type":"BreadcrumbList","@id":"https:\/\/www.itaipbc.org.mx\/itaipBC-2019\/9200-2\/#breadcrumb","itemListElement":[{"@type":"ListItem","position":1,"name":"Portada","item":"https:\/\/www.itaipbc.org.mx\/itaipBC-2019\/"},{"@type":"ListItem","position":2,"name":"INSTALAN RED LOCAL DE SOCIALIZACI\u00d3N DEL PLANDAI EN BAJA CALIFORNIA 2022-2023"}]},{"@type":"WebSite","@id":"https:\/\/www.itaipbc.org.mx\/itaipBC-2019\/#website","url":"https:\/\/www.itaipbc.org.mx\/itaipBC-2019\/","name":"ItaipBC","description":"","publisher":{"@id":"https:\/\/www.itaipbc.org.mx\/itaipBC-2019\/#organization"},"potentialAction":[{"@type":"SearchAction","target":{"@type":"EntryPoint","urlTemplate":"https:\/\/www.itaipbc.org.mx\/itaipBC-2019\/?s={search_term_string}"},"query-input":{"@type":"PropertyValueSpecification","valueRequired":true,"valueName":"search_term_string"}}],"inLanguage":"es"},{"@type":"Organization","@id":"https:\/\/www.itaipbc.org.mx\/itaipBC-2019\/#organization","name":"Instituto de Transparencia Baja California","url":"https:\/\/www.itaipbc.org.mx\/itaipBC-2019\/","logo":{"@type":"ImageObject","inLanguage":"es","@id":"https:\/\/www.itaipbc.org.mx\/itaipBC-2019\/#\/schema\/logo\/image\/","url":"http:\/\/www.itaipbc.org.mx\/itaipBC-2019\/wp-content\/uploads\/2020\/01\/ITAIPBC-Completo.png","contentUrl":"http:\/\/www.itaipbc.org.mx\/itaipBC-2019\/wp-content\/uploads\/2020\/01\/ITAIPBC-Completo.png","width":750,"height":174,"caption":"Instituto de Transparencia Baja California"},"image":{"@id":"https:\/\/www.itaipbc.org.mx\/itaipBC-2019\/#\/schema\/logo\/image\/"}},{"@type":"Person","@id":"https:\/\/www.itaipbc.org.mx\/itaipBC-2019\/#\/schema\/person\/fe0517b8be1919f7dd71c9d01a6cdb08","name":"Anahi Prescencion","image":{"@type":"ImageObject","inLanguage":"es","@id":"https:\/\/www.itaipbc.org.mx\/itaipBC-2019\/#\/schema\/person\/image\/","url":"https:\/\/secure.gravatar.com\/avatar\/2f6176908986880d9eb812e72116ebc8b491e070cabea8a491a62c7deac9b784?s=96&d=mm&r=g","contentUrl":"https:\/\/secure.gravatar.com\/avatar\/2f6176908986880d9eb812e72116ebc8b491e070cabea8a491a62c7deac9b784?s=96&d=mm&r=g","caption":"Anahi Prescencion"},"url":"https:\/\/www.itaipbc.org.mx\/itaipBC-2019\/author\/aimeemoran\/"}]}},"_links":{"self":[{"href":"https:\/\/www.itaipbc.org.mx\/itaipBC-2019\/wp-json\/wp\/v2\/posts\/9200","targetHints":{"allow":["GET"]}}],"collection":[{"href":"https:\/\/www.itaipbc.org.mx\/itaipBC-2019\/wp-json\/wp\/v2\/posts"}],"about":[{"href":"https:\/\/www.itaipbc.org.mx\/itaipBC-2019\/wp-json\/wp\/v2\/types\/post"}],"author":[{"embeddable":true,"href":"https:\/\/www.itaipbc.org.mx\/itaipBC-2019\/wp-json\/wp\/v2\/users\/8"}],"replies":[{"embeddable":true,"href":"https:\/\/www.itaipbc.org.mx\/itaipBC-2019\/wp-json\/wp\/v2\/comments?post=9200"}],"version-history":[{"count":2,"href":"https:\/\/www.itaipbc.org.mx\/itaipBC-2019\/wp-json\/wp\/v2\/posts\/9200\/revisions"}],"predecessor-version":[{"id":9205,"href":"https:\/\/www.itaipbc.org.mx\/itaipBC-2019\/wp-json\/wp\/v2\/posts\/9200\/revisions\/9205"}],"wp:featuredmedia":[{"embeddable":true,"href":"https:\/\/www.itaipbc.org.mx\/itaipBC-2019\/wp-json\/wp\/v2\/media\/9202"}],"wp:attachment":[{"href":"https:\/\/www.itaipbc.org.mx\/itaipBC-2019\/wp-json\/wp\/v2\/media?parent=9200"}],"wp:term":[{"taxonomy":"category","embeddable":true,"href":"https:\/\/www.itaipbc.org.mx\/itaipBC-2019\/wp-json\/wp\/v2\/categories?post=9200"},{"taxonomy":"post_tag","embeddable":true,"href":"https:\/\/www.itaipbc.org.mx\/itaipBC-2019\/wp-json\/wp\/v2\/tags?post=9200"}],"curies":[{"name":"wp","href":"https:\/\/api.w.org\/{rel}","templated":true}]}}