{"id":8961,"date":"2022-10-11T17:01:15","date_gmt":"2022-10-12T00:01:15","guid":{"rendered":"http:\/\/www.itaipbc.org.mx\/itaipBC-2019\/?p=8961"},"modified":"2022-10-11T17:01:15","modified_gmt":"2022-10-12T00:01:15","slug":"itaipbc-capacita-mas-de-300-personas-servidoras-publicas-en-septiembre","status":"publish","type":"post","link":"https:\/\/www.itaipbc.org.mx\/itaipBC-2019\/itaipbc-capacita-mas-de-300-personas-servidoras-publicas-en-septiembre\/","title":{"rendered":"ITAIPBC CAPACITA M\u00c1S DE 300 PERSONAS SERVIDORAS P\u00daBLICAS EN SEPTIEMBRE"},"content":{"rendered":"<p><img loading=\"lazy\" decoding=\"async\" class=\"alignnone size-full wp-image-8966\" src=\"http:\/\/www.itaipbc.org.mx\/itaipBC-2019\/wp-content\/uploads\/2022\/10\/CECAIP-logo-3.png\" alt=\"\" width=\"393\" height=\"234\" \/><\/p>\n<p><strong>ITAIPBC CAPACITA M\u00c1S DE 300 PERSONAS SERVIDORAS <\/strong><strong>P\u00daBLICAS EN SEPTIEMBRE<\/strong><\/p>\n<p>Mexicali, Baja California.- Con el objetivo de instruir a los sujetos obligados de nuestra entidad, el Instituto de Transparencia, Acceso a la Informaci\u00f3n P\u00fablica y Protecci\u00f3n de Datos Personales del Estado de Baja California (ITAIPBC), brind\u00f3 una serie de capacitaciones a 314 personas servidoras p\u00fablicas, a trav\u00e9s del Estatal de Capacitaciones de Acceso a la Informaci\u00f3n y Protecci\u00f3n de datos personales.<\/p>\n<p>Durante la Trig\u00e9sima Sesi\u00f3n Ordinaria del Pleno del ITAIPBC, la Secretar\u00eda Ejecutiva present\u00f3 el resumen mensual de las actividades del mes de septiembre, llevadas a cabo por las diferentes \u00e1reas que integran el \u00f3rgano garante, destacando 17 capacitaciones, de las cuales 200 personas asistieron a cursos virtuales relacionados con la protecci\u00f3n de datos personales y, el resto, en temas de llenado de formato de obligaciones de transparencia, acceso a la informaci\u00f3n y unidades de transparencia.<\/p>\n<p>En ese sentido, la Coordinaci\u00f3n de Verificaci\u00f3n y Siguiente report\u00f3 la realizaci\u00f3n de 18 dict\u00e1menes de denuncia, as\u00ed como la aprobaci\u00f3n del Pleno de la desincorporaci\u00f3n del Instituto contra las Adicciones y del Fondo CONACYT.<\/p>\n<p>Por su parte, la Coordinaci\u00f3n de Asuntos Jur\u00eddicos, report\u00f3 en este periodo, la interposici\u00f3n de 132 recursos de revisi\u00f3n y 8 denuncias, mientras que, la Unidad de Transparencia recibi\u00f3 19 solicitudes de acceso a la informaci\u00f3n p\u00fablica y un total de 04 solicitudes de derecho Acceso, Rectificaci\u00f3n, Cancelaci\u00f3n y Oposici\u00f3n.<\/p>\n<p>Previo a ello, el Pleno aprob\u00f3 la resoluci\u00f3n a 15 proyectos de recursos de revisi\u00f3n y 9 proyectos de denuncia, los cuales quedaron de la siguiente manera:<\/p>\n<p>Se orden\u00f3 dar respuesta en cuatro recursos de revisi\u00f3n y la revocaci\u00f3n de uno, se aprob\u00f3 la modificaci\u00f3n de 6, as\u00ed como el sobreseimiento de 2 y la confirmaci\u00f3n de 2 m\u00e1s.<\/p>\n<p>En cuanto a la resoluci\u00f3n de las denuncias, el Pleno aprob\u00f3 el cumplimiento de 6 y el incumplimiento de 3.<\/p>\n<p><strong>Trig\u00e9sima Sesi\u00f3n Ordinaria de 2022 del Plano del ITAIPBC<\/strong><\/p>\n<p><a href=\"https:\/\/www.youtube.com\/watch?v=fHF_b5KRjlE\">https:\/\/www.youtube.com\/watch?v=fHF_b5KRjlE<\/a><\/p>\n","protected":false},"excerpt":{"rendered":"<p>ITAIPBC CAPACITA M\u00c1S DE 300 PERSONAS SERVIDORAS P\u00daBLICAS EN SEPTIEMBRE Mexicali, Baja California.- Con el objetivo de instruir a los sujetos obligados de nuestra entidad, el Instituto de Transparencia, Acceso a la Informaci\u00f3n P\u00fablica y Protecci\u00f3n de Datos Personales del Estado de Baja California (ITAIPBC), brind\u00f3 una serie de capacitaciones a 314 personas servidoras p\u00fablicas, [&hellip;]<\/p>\n","protected":false},"author":8,"featured_media":8966,"comment_status":"open","ping_status":"open","sticky":false,"template":"","format":"standard","meta":{"footnotes":""},"categories":[1],"tags":[142,88,96,143],"class_list":["post-8961","post","type-post","status-publish","format-standard","has-post-thumbnail","hentry","category-noticias","tag-cecaip","tag-itaipbc","tag-pleno","tag-resoluciones"],"yoast_head":"<!-- This site is optimized with the Yoast SEO plugin v26.5 - https:\/\/yoast.com\/wordpress\/plugins\/seo\/ -->\n<title>ITAIPBC CAPACITA M\u00c1S DE 300 PERSONAS SERVIDORAS P\u00daBLICAS EN SEPTIEMBRE - ItaipBC<\/title>\n<meta name=\"robots\" content=\"index, follow, max-snippet:-1, max-image-preview:large, max-video-preview:-1\" \/>\n<link rel=\"canonical\" href=\"https:\/\/www.itaipbc.org.mx\/itaipBC-2019\/itaipbc-capacita-mas-de-300-personas-servidoras-publicas-en-septiembre\/\" \/>\n<meta property=\"og:locale\" content=\"es_ES\" \/>\n<meta property=\"og:type\" content=\"article\" \/>\n<meta property=\"og:title\" content=\"ITAIPBC CAPACITA M\u00c1S DE 300 PERSONAS SERVIDORAS P\u00daBLICAS EN SEPTIEMBRE - ItaipBC\" \/>\n<meta property=\"og:description\" content=\"ITAIPBC CAPACITA M\u00c1S DE 300 PERSONAS SERVIDORAS P\u00daBLICAS EN SEPTIEMBRE Mexicali, Baja California.- Con el objetivo de instruir a los sujetos obligados de nuestra entidad, el Instituto de Transparencia, Acceso a la Informaci\u00f3n P\u00fablica y Protecci\u00f3n de Datos Personales del Estado de Baja California (ITAIPBC), brind\u00f3 una serie de capacitaciones a 314 personas servidoras p\u00fablicas, [&hellip;]\" \/>\n<meta property=\"og:url\" content=\"https:\/\/www.itaipbc.org.mx\/itaipBC-2019\/itaipbc-capacita-mas-de-300-personas-servidoras-publicas-en-septiembre\/\" \/>\n<meta property=\"og:site_name\" content=\"ItaipBC\" \/>\n<meta property=\"article:published_time\" content=\"2022-10-12T00:01:15+00:00\" \/>\n<meta property=\"og:image\" content=\"https:\/\/www.itaipbc.org.mx\/itaipBC-2019\/wp-content\/uploads\/2022\/10\/CECAIP-logo-3.png\" \/>\n\t<meta property=\"og:image:width\" content=\"393\" \/>\n\t<meta property=\"og:image:height\" content=\"234\" \/>\n\t<meta property=\"og:image:type\" content=\"image\/png\" \/>\n<meta name=\"author\" content=\"Anahi Prescencion\" \/>\n<meta name=\"twitter:card\" content=\"summary_large_image\" \/>\n<meta name=\"twitter:label1\" content=\"Escrito por\" \/>\n\t<meta name=\"twitter:data1\" content=\"Anahi Prescencion\" \/>\n\t<meta name=\"twitter:label2\" content=\"Tiempo de lectura\" \/>\n\t<meta name=\"twitter:data2\" content=\"2 minutos\" \/>\n<script type=\"application\/ld+json\" class=\"yoast-schema-graph\">{\"@context\":\"https:\/\/schema.org\",\"@graph\":[{\"@type\":\"Article\",\"@id\":\"https:\/\/www.itaipbc.org.mx\/itaipBC-2019\/itaipbc-capacita-mas-de-300-personas-servidoras-publicas-en-septiembre\/#article\",\"isPartOf\":{\"@id\":\"https:\/\/www.itaipbc.org.mx\/itaipBC-2019\/itaipbc-capacita-mas-de-300-personas-servidoras-publicas-en-septiembre\/\"},\"author\":{\"name\":\"Anahi Prescencion\",\"@id\":\"https:\/\/www.itaipbc.org.mx\/itaipBC-2019\/#\/schema\/person\/fe0517b8be1919f7dd71c9d01a6cdb08\"},\"headline\":\"ITAIPBC CAPACITA M\u00c1S DE 300 PERSONAS SERVIDORAS P\u00daBLICAS EN SEPTIEMBRE\",\"datePublished\":\"2022-10-12T00:01:15+00:00\",\"mainEntityOfPage\":{\"@id\":\"https:\/\/www.itaipbc.org.mx\/itaipBC-2019\/itaipbc-capacita-mas-de-300-personas-servidoras-publicas-en-septiembre\/\"},\"wordCount\":362,\"commentCount\":0,\"publisher\":{\"@id\":\"https:\/\/www.itaipbc.org.mx\/itaipBC-2019\/#organization\"},\"image\":{\"@id\":\"https:\/\/www.itaipbc.org.mx\/itaipBC-2019\/itaipbc-capacita-mas-de-300-personas-servidoras-publicas-en-septiembre\/#primaryimage\"},\"thumbnailUrl\":\"https:\/\/www.itaipbc.org.mx\/itaipBC-2019\/wp-content\/uploads\/2022\/10\/CECAIP-logo-3.png\",\"keywords\":[\"CECAIP\",\"ITAIPBC\",\"Pleno\",\"RESOLUCIONES\"],\"articleSection\":[\"Noticias\"],\"inLanguage\":\"es\",\"potentialAction\":[{\"@type\":\"CommentAction\",\"name\":\"Comment\",\"target\":[\"https:\/\/www.itaipbc.org.mx\/itaipBC-2019\/itaipbc-capacita-mas-de-300-personas-servidoras-publicas-en-septiembre\/#respond\"]}]},{\"@type\":\"WebPage\",\"@id\":\"https:\/\/www.itaipbc.org.mx\/itaipBC-2019\/itaipbc-capacita-mas-de-300-personas-servidoras-publicas-en-septiembre\/\",\"url\":\"https:\/\/www.itaipbc.org.mx\/itaipBC-2019\/itaipbc-capacita-mas-de-300-personas-servidoras-publicas-en-septiembre\/\",\"name\":\"ITAIPBC CAPACITA M\u00c1S DE 300 PERSONAS SERVIDORAS P\u00daBLICAS EN SEPTIEMBRE - ItaipBC\",\"isPartOf\":{\"@id\":\"https:\/\/www.itaipbc.org.mx\/itaipBC-2019\/#website\"},\"primaryImageOfPage\":{\"@id\":\"https:\/\/www.itaipbc.org.mx\/itaipBC-2019\/itaipbc-capacita-mas-de-300-personas-servidoras-publicas-en-septiembre\/#primaryimage\"},\"image\":{\"@id\":\"https:\/\/www.itaipbc.org.mx\/itaipBC-2019\/itaipbc-capacita-mas-de-300-personas-servidoras-publicas-en-septiembre\/#primaryimage\"},\"thumbnailUrl\":\"https:\/\/www.itaipbc.org.mx\/itaipBC-2019\/wp-content\/uploads\/2022\/10\/CECAIP-logo-3.png\",\"datePublished\":\"2022-10-12T00:01:15+00:00\",\"breadcrumb\":{\"@id\":\"https:\/\/www.itaipbc.org.mx\/itaipBC-2019\/itaipbc-capacita-mas-de-300-personas-servidoras-publicas-en-septiembre\/#breadcrumb\"},\"inLanguage\":\"es\",\"potentialAction\":[{\"@type\":\"ReadAction\",\"target\":[\"https:\/\/www.itaipbc.org.mx\/itaipBC-2019\/itaipbc-capacita-mas-de-300-personas-servidoras-publicas-en-septiembre\/\"]}]},{\"@type\":\"ImageObject\",\"inLanguage\":\"es\",\"@id\":\"https:\/\/www.itaipbc.org.mx\/itaipBC-2019\/itaipbc-capacita-mas-de-300-personas-servidoras-publicas-en-septiembre\/#primaryimage\",\"url\":\"https:\/\/www.itaipbc.org.mx\/itaipBC-2019\/wp-content\/uploads\/2022\/10\/CECAIP-logo-3.png\",\"contentUrl\":\"https:\/\/www.itaipbc.org.mx\/itaipBC-2019\/wp-content\/uploads\/2022\/10\/CECAIP-logo-3.png\",\"width\":393,\"height\":234},{\"@type\":\"BreadcrumbList\",\"@id\":\"https:\/\/www.itaipbc.org.mx\/itaipBC-2019\/itaipbc-capacita-mas-de-300-personas-servidoras-publicas-en-septiembre\/#breadcrumb\",\"itemListElement\":[{\"@type\":\"ListItem\",\"position\":1,\"name\":\"Portada\",\"item\":\"https:\/\/www.itaipbc.org.mx\/itaipBC-2019\/\"},{\"@type\":\"ListItem\",\"position\":2,\"name\":\"ITAIPBC CAPACITA M\u00c1S DE 300 PERSONAS SERVIDORAS P\u00daBLICAS EN SEPTIEMBRE\"}]},{\"@type\":\"WebSite\",\"@id\":\"https:\/\/www.itaipbc.org.mx\/itaipBC-2019\/#website\",\"url\":\"https:\/\/www.itaipbc.org.mx\/itaipBC-2019\/\",\"name\":\"ItaipBC\",\"description\":\"\",\"publisher\":{\"@id\":\"https:\/\/www.itaipbc.org.mx\/itaipBC-2019\/#organization\"},\"potentialAction\":[{\"@type\":\"SearchAction\",\"target\":{\"@type\":\"EntryPoint\",\"urlTemplate\":\"https:\/\/www.itaipbc.org.mx\/itaipBC-2019\/?s={search_term_string}\"},\"query-input\":{\"@type\":\"PropertyValueSpecification\",\"valueRequired\":true,\"valueName\":\"search_term_string\"}}],\"inLanguage\":\"es\"},{\"@type\":\"Organization\",\"@id\":\"https:\/\/www.itaipbc.org.mx\/itaipBC-2019\/#organization\",\"name\":\"Instituto de Transparencia Baja California\",\"url\":\"https:\/\/www.itaipbc.org.mx\/itaipBC-2019\/\",\"logo\":{\"@type\":\"ImageObject\",\"inLanguage\":\"es\",\"@id\":\"https:\/\/www.itaipbc.org.mx\/itaipBC-2019\/#\/schema\/logo\/image\/\",\"url\":\"http:\/\/www.itaipbc.org.mx\/itaipBC-2019\/wp-content\/uploads\/2020\/01\/ITAIPBC-Completo.png\",\"contentUrl\":\"http:\/\/www.itaipbc.org.mx\/itaipBC-2019\/wp-content\/uploads\/2020\/01\/ITAIPBC-Completo.png\",\"width\":750,\"height\":174,\"caption\":\"Instituto de Transparencia Baja California\"},\"image\":{\"@id\":\"https:\/\/www.itaipbc.org.mx\/itaipBC-2019\/#\/schema\/logo\/image\/\"}},{\"@type\":\"Person\",\"@id\":\"https:\/\/www.itaipbc.org.mx\/itaipBC-2019\/#\/schema\/person\/fe0517b8be1919f7dd71c9d01a6cdb08\",\"name\":\"Anahi Prescencion\",\"image\":{\"@type\":\"ImageObject\",\"inLanguage\":\"es\",\"@id\":\"https:\/\/www.itaipbc.org.mx\/itaipBC-2019\/#\/schema\/person\/image\/\",\"url\":\"https:\/\/secure.gravatar.com\/avatar\/2f6176908986880d9eb812e72116ebc8b491e070cabea8a491a62c7deac9b784?s=96&d=mm&r=g\",\"contentUrl\":\"https:\/\/secure.gravatar.com\/avatar\/2f6176908986880d9eb812e72116ebc8b491e070cabea8a491a62c7deac9b784?s=96&d=mm&r=g\",\"caption\":\"Anahi Prescencion\"},\"url\":\"https:\/\/www.itaipbc.org.mx\/itaipBC-2019\/author\/aimeemoran\/\"}]}<\/script>\n<!-- \/ Yoast SEO plugin. -->","yoast_head_json":{"title":"ITAIPBC CAPACITA M\u00c1S DE 300 PERSONAS SERVIDORAS P\u00daBLICAS EN SEPTIEMBRE - ItaipBC","robots":{"index":"index","follow":"follow","max-snippet":"max-snippet:-1","max-image-preview":"max-image-preview:large","max-video-preview":"max-video-preview:-1"},"canonical":"https:\/\/www.itaipbc.org.mx\/itaipBC-2019\/itaipbc-capacita-mas-de-300-personas-servidoras-publicas-en-septiembre\/","og_locale":"es_ES","og_type":"article","og_title":"ITAIPBC CAPACITA M\u00c1S DE 300 PERSONAS SERVIDORAS P\u00daBLICAS EN SEPTIEMBRE - ItaipBC","og_description":"ITAIPBC CAPACITA M\u00c1S DE 300 PERSONAS SERVIDORAS P\u00daBLICAS EN SEPTIEMBRE Mexicali, Baja California.- Con el objetivo de instruir a los sujetos obligados de nuestra entidad, el Instituto de Transparencia, Acceso a la Informaci\u00f3n P\u00fablica y Protecci\u00f3n de Datos Personales del Estado de Baja California (ITAIPBC), brind\u00f3 una serie de capacitaciones a 314 personas servidoras p\u00fablicas, [&hellip;]","og_url":"https:\/\/www.itaipbc.org.mx\/itaipBC-2019\/itaipbc-capacita-mas-de-300-personas-servidoras-publicas-en-septiembre\/","og_site_name":"ItaipBC","article_published_time":"2022-10-12T00:01:15+00:00","og_image":[{"width":393,"height":234,"url":"https:\/\/www.itaipbc.org.mx\/itaipBC-2019\/wp-content\/uploads\/2022\/10\/CECAIP-logo-3.png","type":"image\/png"}],"author":"Anahi Prescencion","twitter_card":"summary_large_image","twitter_misc":{"Escrito por":"Anahi Prescencion","Tiempo de lectura":"2 minutos"},"schema":{"@context":"https:\/\/schema.org","@graph":[{"@type":"Article","@id":"https:\/\/www.itaipbc.org.mx\/itaipBC-2019\/itaipbc-capacita-mas-de-300-personas-servidoras-publicas-en-septiembre\/#article","isPartOf":{"@id":"https:\/\/www.itaipbc.org.mx\/itaipBC-2019\/itaipbc-capacita-mas-de-300-personas-servidoras-publicas-en-septiembre\/"},"author":{"name":"Anahi Prescencion","@id":"https:\/\/www.itaipbc.org.mx\/itaipBC-2019\/#\/schema\/person\/fe0517b8be1919f7dd71c9d01a6cdb08"},"headline":"ITAIPBC CAPACITA M\u00c1S DE 300 PERSONAS SERVIDORAS P\u00daBLICAS EN SEPTIEMBRE","datePublished":"2022-10-12T00:01:15+00:00","mainEntityOfPage":{"@id":"https:\/\/www.itaipbc.org.mx\/itaipBC-2019\/itaipbc-capacita-mas-de-300-personas-servidoras-publicas-en-septiembre\/"},"wordCount":362,"commentCount":0,"publisher":{"@id":"https:\/\/www.itaipbc.org.mx\/itaipBC-2019\/#organization"},"image":{"@id":"https:\/\/www.itaipbc.org.mx\/itaipBC-2019\/itaipbc-capacita-mas-de-300-personas-servidoras-publicas-en-septiembre\/#primaryimage"},"thumbnailUrl":"https:\/\/www.itaipbc.org.mx\/itaipBC-2019\/wp-content\/uploads\/2022\/10\/CECAIP-logo-3.png","keywords":["CECAIP","ITAIPBC","Pleno","RESOLUCIONES"],"articleSection":["Noticias"],"inLanguage":"es","potentialAction":[{"@type":"CommentAction","name":"Comment","target":["https:\/\/www.itaipbc.org.mx\/itaipBC-2019\/itaipbc-capacita-mas-de-300-personas-servidoras-publicas-en-septiembre\/#respond"]}]},{"@type":"WebPage","@id":"https:\/\/www.itaipbc.org.mx\/itaipBC-2019\/itaipbc-capacita-mas-de-300-personas-servidoras-publicas-en-septiembre\/","url":"https:\/\/www.itaipbc.org.mx\/itaipBC-2019\/itaipbc-capacita-mas-de-300-personas-servidoras-publicas-en-septiembre\/","name":"ITAIPBC CAPACITA M\u00c1S DE 300 PERSONAS SERVIDORAS P\u00daBLICAS EN SEPTIEMBRE - ItaipBC","isPartOf":{"@id":"https:\/\/www.itaipbc.org.mx\/itaipBC-2019\/#website"},"primaryImageOfPage":{"@id":"https:\/\/www.itaipbc.org.mx\/itaipBC-2019\/itaipbc-capacita-mas-de-300-personas-servidoras-publicas-en-septiembre\/#primaryimage"},"image":{"@id":"https:\/\/www.itaipbc.org.mx\/itaipBC-2019\/itaipbc-capacita-mas-de-300-personas-servidoras-publicas-en-septiembre\/#primaryimage"},"thumbnailUrl":"https:\/\/www.itaipbc.org.mx\/itaipBC-2019\/wp-content\/uploads\/2022\/10\/CECAIP-logo-3.png","datePublished":"2022-10-12T00:01:15+00:00","breadcrumb":{"@id":"https:\/\/www.itaipbc.org.mx\/itaipBC-2019\/itaipbc-capacita-mas-de-300-personas-servidoras-publicas-en-septiembre\/#breadcrumb"},"inLanguage":"es","potentialAction":[{"@type":"ReadAction","target":["https:\/\/www.itaipbc.org.mx\/itaipBC-2019\/itaipbc-capacita-mas-de-300-personas-servidoras-publicas-en-septiembre\/"]}]},{"@type":"ImageObject","inLanguage":"es","@id":"https:\/\/www.itaipbc.org.mx\/itaipBC-2019\/itaipbc-capacita-mas-de-300-personas-servidoras-publicas-en-septiembre\/#primaryimage","url":"https:\/\/www.itaipbc.org.mx\/itaipBC-2019\/wp-content\/uploads\/2022\/10\/CECAIP-logo-3.png","contentUrl":"https:\/\/www.itaipbc.org.mx\/itaipBC-2019\/wp-content\/uploads\/2022\/10\/CECAIP-logo-3.png","width":393,"height":234},{"@type":"BreadcrumbList","@id":"https:\/\/www.itaipbc.org.mx\/itaipBC-2019\/itaipbc-capacita-mas-de-300-personas-servidoras-publicas-en-septiembre\/#breadcrumb","itemListElement":[{"@type":"ListItem","position":1,"name":"Portada","item":"https:\/\/www.itaipbc.org.mx\/itaipBC-2019\/"},{"@type":"ListItem","position":2,"name":"ITAIPBC CAPACITA M\u00c1S DE 300 PERSONAS SERVIDORAS P\u00daBLICAS EN SEPTIEMBRE"}]},{"@type":"WebSite","@id":"https:\/\/www.itaipbc.org.mx\/itaipBC-2019\/#website","url":"https:\/\/www.itaipbc.org.mx\/itaipBC-2019\/","name":"ItaipBC","description":"","publisher":{"@id":"https:\/\/www.itaipbc.org.mx\/itaipBC-2019\/#organization"},"potentialAction":[{"@type":"SearchAction","target":{"@type":"EntryPoint","urlTemplate":"https:\/\/www.itaipbc.org.mx\/itaipBC-2019\/?s={search_term_string}"},"query-input":{"@type":"PropertyValueSpecification","valueRequired":true,"valueName":"search_term_string"}}],"inLanguage":"es"},{"@type":"Organization","@id":"https:\/\/www.itaipbc.org.mx\/itaipBC-2019\/#organization","name":"Instituto de Transparencia Baja California","url":"https:\/\/www.itaipbc.org.mx\/itaipBC-2019\/","logo":{"@type":"ImageObject","inLanguage":"es","@id":"https:\/\/www.itaipbc.org.mx\/itaipBC-2019\/#\/schema\/logo\/image\/","url":"http:\/\/www.itaipbc.org.mx\/itaipBC-2019\/wp-content\/uploads\/2020\/01\/ITAIPBC-Completo.png","contentUrl":"http:\/\/www.itaipbc.org.mx\/itaipBC-2019\/wp-content\/uploads\/2020\/01\/ITAIPBC-Completo.png","width":750,"height":174,"caption":"Instituto de Transparencia Baja California"},"image":{"@id":"https:\/\/www.itaipbc.org.mx\/itaipBC-2019\/#\/schema\/logo\/image\/"}},{"@type":"Person","@id":"https:\/\/www.itaipbc.org.mx\/itaipBC-2019\/#\/schema\/person\/fe0517b8be1919f7dd71c9d01a6cdb08","name":"Anahi Prescencion","image":{"@type":"ImageObject","inLanguage":"es","@id":"https:\/\/www.itaipbc.org.mx\/itaipBC-2019\/#\/schema\/person\/image\/","url":"https:\/\/secure.gravatar.com\/avatar\/2f6176908986880d9eb812e72116ebc8b491e070cabea8a491a62c7deac9b784?s=96&d=mm&r=g","contentUrl":"https:\/\/secure.gravatar.com\/avatar\/2f6176908986880d9eb812e72116ebc8b491e070cabea8a491a62c7deac9b784?s=96&d=mm&r=g","caption":"Anahi Prescencion"},"url":"https:\/\/www.itaipbc.org.mx\/itaipBC-2019\/author\/aimeemoran\/"}]}},"_links":{"self":[{"href":"https:\/\/www.itaipbc.org.mx\/itaipBC-2019\/wp-json\/wp\/v2\/posts\/8961","targetHints":{"allow":["GET"]}}],"collection":[{"href":"https:\/\/www.itaipbc.org.mx\/itaipBC-2019\/wp-json\/wp\/v2\/posts"}],"about":[{"href":"https:\/\/www.itaipbc.org.mx\/itaipBC-2019\/wp-json\/wp\/v2\/types\/post"}],"author":[{"embeddable":true,"href":"https:\/\/www.itaipbc.org.mx\/itaipBC-2019\/wp-json\/wp\/v2\/users\/8"}],"replies":[{"embeddable":true,"href":"https:\/\/www.itaipbc.org.mx\/itaipBC-2019\/wp-json\/wp\/v2\/comments?post=8961"}],"version-history":[{"count":1,"href":"https:\/\/www.itaipbc.org.mx\/itaipBC-2019\/wp-json\/wp\/v2\/posts\/8961\/revisions"}],"predecessor-version":[{"id":8967,"href":"https:\/\/www.itaipbc.org.mx\/itaipBC-2019\/wp-json\/wp\/v2\/posts\/8961\/revisions\/8967"}],"wp:featuredmedia":[{"embeddable":true,"href":"https:\/\/www.itaipbc.org.mx\/itaipBC-2019\/wp-json\/wp\/v2\/media\/8966"}],"wp:attachment":[{"href":"https:\/\/www.itaipbc.org.mx\/itaipBC-2019\/wp-json\/wp\/v2\/media?parent=8961"}],"wp:term":[{"taxonomy":"category","embeddable":true,"href":"https:\/\/www.itaipbc.org.mx\/itaipBC-2019\/wp-json\/wp\/v2\/categories?post=8961"},{"taxonomy":"post_tag","embeddable":true,"href":"https:\/\/www.itaipbc.org.mx\/itaipBC-2019\/wp-json\/wp\/v2\/tags?post=8961"}],"curies":[{"name":"wp","href":"https:\/\/api.w.org\/{rel}","templated":true}]}}