{"id":8354,"date":"2022-04-12T17:11:33","date_gmt":"2022-04-13T00:11:33","guid":{"rendered":"http:\/\/www.itaipbc.org.mx\/itaipBC-2019\/?p=8354"},"modified":"2022-07-12T17:18:07","modified_gmt":"2022-07-13T00:18:07","slug":"itaipbc-firma-convenio-con-barra-estatal-de-abogadas-lideres-en-baja-california-2","status":"publish","type":"post","link":"https:\/\/www.itaipbc.org.mx\/itaipBC-2019\/itaipbc-firma-convenio-con-barra-estatal-de-abogadas-lideres-en-baja-california-2\/","title":{"rendered":"ITAIPBC FIRMA CONVENIO CON BARRA ESTATAL DE ABOGADAS L\u00cdDERES EN BAJA CALIFORNIA"},"content":{"rendered":"<p><img loading=\"lazy\" decoding=\"async\" class=\"alignnone size-medium wp-image-8293\" src=\"http:\/\/www.itaipbc.org.mx\/itaipBC-2019\/wp-content\/uploads\/2022\/07\/Redes-2-450x260.jpg\" alt=\"\" width=\"450\" height=\"260\" srcset=\"https:\/\/www.itaipbc.org.mx\/itaipBC-2019\/wp-content\/uploads\/2022\/07\/Redes-2-450x260.jpg 450w, https:\/\/www.itaipbc.org.mx\/itaipBC-2019\/wp-content\/uploads\/2022\/07\/Redes-2-1024x592.jpg 1024w, https:\/\/www.itaipbc.org.mx\/itaipBC-2019\/wp-content\/uploads\/2022\/07\/Redes-2-768x444.jpg 768w, https:\/\/www.itaipbc.org.mx\/itaipBC-2019\/wp-content\/uploads\/2022\/07\/Redes-2-1536x888.jpg 1536w, https:\/\/www.itaipbc.org.mx\/itaipBC-2019\/wp-content\/uploads\/2022\/07\/Redes-2.jpg 1650w\" sizes=\"auto, (max-width: 450px) 100vw, 450px\" \/><\/p>\n<p>&nbsp;<\/p>\n<section><\/section>\n<section><strong>ITAIPBC FIRMA CONVENIO CON BARRA ESTATAL DE ABOGADAS L\u00cdDERES EN BAJA CALIFORNIA<\/strong><\/section>\n<section><\/section>\n<section><\/section>\n<section><\/section>\n<section><strong>Mexicali, Baja California, 04 de julio de 2022.<\/strong>El Pleno del Instituto de Transparencia, Acceso a la Informaci\u00f3n P\u00fablica y Protecci\u00f3n de Datos \u00a0Personales del Estado de Baja California (ITAIPBC), celebr\u00f3 un convenio de colaboraci\u00f3n con la Barra Estatal de Abogadas L\u00edderes de Baja California, A.C., como parte del cierre de las actividades de cierre en el marco de celebraciones por el D\u00e9cimo Primer Aniversario del \u00d3rgano Garante bajacaliforniano.<\/p>\n<p>La finalidad de la signatura es unir esfuerzos con los organismos colegiados para difundir y realizar actividades que promuevan la transparencia, el acceso a la informaci\u00f3n y la protecci\u00f3n de datos personales.<\/p>\n<p>Durante el acto protocolario, el Comisionado Presidente del ITAIPBC, Jes\u00fas Alberto Sandoval Franco, expres\u00f3 el benepl\u00e1cito del instituto por la celebraci\u00f3n del presente convenio, ya que formaliza, tanto las tareas que ya se vienen realizando conjuntamente entre el \u00f3rgano garante y la Barra, as\u00ed como los trabajos que realicen en el futuro.<\/p>\n<p>Aprovech\u00f3 para agradecer a la Universidad de las Californias Internacional, as\u00ed como al Rector, Mtro. Antonio Carrillo Vilches, por la anfitrion\u00eda del evento.<\/p>\n<p>Por su parte, la Presidenta de la Barra Estatal, Doctora Roxana Herrera T\u00e9llez, coment\u00f3 que una de las caracter\u00edsticas de la barra es el trabajo que se hace en favor de la sociedad, se\u00f1alando que, al unir esfuerzos con otras instituciones, en aras de la hermandad y la solidaridad, se llega a impulsar la participaci\u00f3n ciudadana.<\/p>\n<p>En el evento estuvieron presentes, por la Barra, la Secretaria General de la Barra Estatal, Gina Villalobos Gonz\u00e1lez; la Segunda Vocal de la Barra Estatal, Mar\u00eda Bertina Vergara Piedra; Por el ITAIPBC, la Comisionada Propietaria, Mtra. Luc\u00eda Ariana Miranda G\u00f3mez y el Secretario Ejecutivo, Mtro. C\u00e9sar L\u00f3pez Padilla; en representaci\u00f3n de la UDCI, Mtra. Mar\u00eda Elena V\u00e1zquez Balc\u00e1zar. Asimismo, se cont\u00f3 con la presencia del Presidente del Consejo de Expresidentes del Colegio de Abogados Constitucionalistas, A.C., Lic. Ram\u00f3n Rodr\u00edguez Garc\u00eda.<\/p>\n<\/section>\n\n\t\t<style type=\"text\/css\">\n\t\t\t#gallery-1 {\n\t\t\t\tmargin: auto;\n\t\t\t}\n\t\t\t#gallery-1 .gallery-item {\n\t\t\t\tfloat: left;\n\t\t\t\tmargin-top: 10px;\n\t\t\t\ttext-align: center;\n\t\t\t\twidth: 50%;\n\t\t\t}\n\t\t\t#gallery-1 img {\n\t\t\t\tborder: 2px solid #cfcfcf;\n\t\t\t}\n\t\t\t#gallery-1 .gallery-caption {\n\t\t\t\tmargin-left: 0;\n\t\t\t}\n\t\t\t\/* see gallery_shortcode() in wp-includes\/media.php *\/\n\t\t<\/style>\n\t\t<div id='gallery-1' class='gallery galleryid-8354 gallery-columns-2 gallery-size-thumbnail'><dl class='gallery-item'>\n\t\t\t<dt class='gallery-icon portrait'>\n\t\t\t\t<a href='https:\/\/www.itaipbc.org.mx\/itaipBC-2019\/itaipbc-firma-convenio-barra-estatal-de-abogadas-lideres-en-baja-california\/redes-5\/'><img loading=\"lazy\" decoding=\"async\" width=\"150\" height=\"150\" src=\"https:\/\/www.itaipbc.org.mx\/itaipBC-2019\/wp-content\/uploads\/2022\/07\/redes-5-150x150.jpg\" class=\"attachment-thumbnail size-thumbnail\" alt=\"\" \/><\/a>\n\t\t\t<\/dt><\/dl><dl class='gallery-item'>\n\t\t\t<dt class='gallery-icon landscape'>\n\t\t\t\t<a href='https:\/\/www.itaipbc.org.mx\/itaipBC-2019\/itaipbc-firma-convenio-barra-estatal-de-abogadas-lideres-en-baja-california\/redes-c-lucia\/'><img loading=\"lazy\" decoding=\"async\" width=\"150\" height=\"150\" src=\"https:\/\/www.itaipbc.org.mx\/itaipBC-2019\/wp-content\/uploads\/2022\/07\/Redes-C.-Lucia-150x150.jpg\" class=\"attachment-thumbnail size-thumbnail\" alt=\"\" \/><\/a>\n\t\t\t<\/dt><\/dl><br style=\"clear: both\" \/>\n\t\t<\/div>\n\n<section class=\"post_content\"><\/section>\n","protected":false},"excerpt":{"rendered":"<p>&nbsp; ITAIPBC FIRMA CONVENIO CON BARRA ESTATAL DE ABOGADAS L\u00cdDERES EN BAJA CALIFORNIA Mexicali, Baja California, 04 de julio de 2022.El Pleno del Instituto de Transparencia, Acceso a la Informaci\u00f3n P\u00fablica y Protecci\u00f3n de Datos \u00a0Personales del Estado de Baja California (ITAIPBC), celebr\u00f3 un convenio de colaboraci\u00f3n con la Barra Estatal de Abogadas L\u00edderes de [&hellip;]<\/p>\n","protected":false},"author":8,"featured_media":8293,"comment_status":"open","ping_status":"open","sticky":false,"template":"","format":"standard","meta":{"footnotes":""},"categories":[1],"tags":[],"class_list":["post-8354","post","type-post","status-publish","format-standard","has-post-thumbnail","hentry","category-noticias"],"yoast_head":"<!-- This site is optimized with the Yoast SEO plugin v26.5 - https:\/\/yoast.com\/wordpress\/plugins\/seo\/ -->\n<title>ITAIPBC FIRMA CONVENIO CON BARRA ESTATAL DE ABOGADAS L\u00cdDERES EN BAJA CALIFORNIA - ItaipBC<\/title>\n<meta name=\"robots\" content=\"index, follow, max-snippet:-1, max-image-preview:large, max-video-preview:-1\" \/>\n<link rel=\"canonical\" href=\"https:\/\/www.itaipbc.org.mx\/itaipBC-2019\/itaipbc-firma-convenio-con-barra-estatal-de-abogadas-lideres-en-baja-california-2\/\" \/>\n<meta property=\"og:locale\" content=\"es_ES\" \/>\n<meta property=\"og:type\" content=\"article\" \/>\n<meta property=\"og:title\" content=\"ITAIPBC FIRMA CONVENIO CON BARRA ESTATAL DE ABOGADAS L\u00cdDERES EN BAJA CALIFORNIA - ItaipBC\" \/>\n<meta property=\"og:description\" content=\"&nbsp; ITAIPBC FIRMA CONVENIO CON BARRA ESTATAL DE ABOGADAS L\u00cdDERES EN BAJA CALIFORNIA Mexicali, Baja California, 04 de julio de 2022.El Pleno del Instituto de Transparencia, Acceso a la Informaci\u00f3n P\u00fablica y Protecci\u00f3n de Datos \u00a0Personales del Estado de Baja California (ITAIPBC), celebr\u00f3 un convenio de colaboraci\u00f3n con la Barra Estatal de Abogadas L\u00edderes de [&hellip;]\" \/>\n<meta property=\"og:url\" content=\"https:\/\/www.itaipbc.org.mx\/itaipBC-2019\/itaipbc-firma-convenio-con-barra-estatal-de-abogadas-lideres-en-baja-california-2\/\" \/>\n<meta property=\"og:site_name\" content=\"ItaipBC\" \/>\n<meta property=\"article:published_time\" content=\"2022-04-13T00:11:33+00:00\" \/>\n<meta property=\"article:modified_time\" content=\"2022-07-13T00:18:07+00:00\" \/>\n<meta property=\"og:image\" content=\"https:\/\/www.itaipbc.org.mx\/itaipBC-2019\/wp-content\/uploads\/2022\/07\/Redes-2.jpg\" \/>\n\t<meta property=\"og:image:width\" content=\"1650\" \/>\n\t<meta property=\"og:image:height\" content=\"954\" \/>\n\t<meta property=\"og:image:type\" content=\"image\/jpeg\" \/>\n<meta name=\"author\" content=\"Anahi Prescencion\" \/>\n<meta name=\"twitter:card\" content=\"summary_large_image\" \/>\n<meta name=\"twitter:label1\" content=\"Escrito por\" \/>\n\t<meta name=\"twitter:data1\" content=\"Anahi Prescencion\" \/>\n\t<meta name=\"twitter:label2\" content=\"Tiempo de lectura\" \/>\n\t<meta name=\"twitter:data2\" content=\"2 minutos\" \/>\n<script type=\"application\/ld+json\" class=\"yoast-schema-graph\">{\"@context\":\"https:\/\/schema.org\",\"@graph\":[{\"@type\":\"Article\",\"@id\":\"https:\/\/www.itaipbc.org.mx\/itaipBC-2019\/itaipbc-firma-convenio-con-barra-estatal-de-abogadas-lideres-en-baja-california-2\/#article\",\"isPartOf\":{\"@id\":\"https:\/\/www.itaipbc.org.mx\/itaipBC-2019\/itaipbc-firma-convenio-con-barra-estatal-de-abogadas-lideres-en-baja-california-2\/\"},\"author\":{\"name\":\"Anahi Prescencion\",\"@id\":\"https:\/\/www.itaipbc.org.mx\/itaipBC-2019\/#\/schema\/person\/fe0517b8be1919f7dd71c9d01a6cdb08\"},\"headline\":\"ITAIPBC FIRMA CONVENIO CON BARRA ESTATAL DE ABOGADAS L\u00cdDERES EN BAJA CALIFORNIA\",\"datePublished\":\"2022-04-13T00:11:33+00:00\",\"dateModified\":\"2022-07-13T00:18:07+00:00\",\"mainEntityOfPage\":{\"@id\":\"https:\/\/www.itaipbc.org.mx\/itaipBC-2019\/itaipbc-firma-convenio-con-barra-estatal-de-abogadas-lideres-en-baja-california-2\/\"},\"wordCount\":371,\"commentCount\":0,\"publisher\":{\"@id\":\"https:\/\/www.itaipbc.org.mx\/itaipBC-2019\/#organization\"},\"image\":{\"@id\":\"https:\/\/www.itaipbc.org.mx\/itaipBC-2019\/itaipbc-firma-convenio-con-barra-estatal-de-abogadas-lideres-en-baja-california-2\/#primaryimage\"},\"thumbnailUrl\":\"https:\/\/www.itaipbc.org.mx\/itaipBC-2019\/wp-content\/uploads\/2022\/07\/Redes-2.jpg\",\"articleSection\":[\"Noticias\"],\"inLanguage\":\"es\",\"potentialAction\":[{\"@type\":\"CommentAction\",\"name\":\"Comment\",\"target\":[\"https:\/\/www.itaipbc.org.mx\/itaipBC-2019\/itaipbc-firma-convenio-con-barra-estatal-de-abogadas-lideres-en-baja-california-2\/#respond\"]}]},{\"@type\":\"WebPage\",\"@id\":\"https:\/\/www.itaipbc.org.mx\/itaipBC-2019\/itaipbc-firma-convenio-con-barra-estatal-de-abogadas-lideres-en-baja-california-2\/\",\"url\":\"https:\/\/www.itaipbc.org.mx\/itaipBC-2019\/itaipbc-firma-convenio-con-barra-estatal-de-abogadas-lideres-en-baja-california-2\/\",\"name\":\"ITAIPBC FIRMA CONVENIO CON BARRA ESTATAL DE ABOGADAS L\u00cdDERES EN BAJA CALIFORNIA - ItaipBC\",\"isPartOf\":{\"@id\":\"https:\/\/www.itaipbc.org.mx\/itaipBC-2019\/#website\"},\"primaryImageOfPage\":{\"@id\":\"https:\/\/www.itaipbc.org.mx\/itaipBC-2019\/itaipbc-firma-convenio-con-barra-estatal-de-abogadas-lideres-en-baja-california-2\/#primaryimage\"},\"image\":{\"@id\":\"https:\/\/www.itaipbc.org.mx\/itaipBC-2019\/itaipbc-firma-convenio-con-barra-estatal-de-abogadas-lideres-en-baja-california-2\/#primaryimage\"},\"thumbnailUrl\":\"https:\/\/www.itaipbc.org.mx\/itaipBC-2019\/wp-content\/uploads\/2022\/07\/Redes-2.jpg\",\"datePublished\":\"2022-04-13T00:11:33+00:00\",\"dateModified\":\"2022-07-13T00:18:07+00:00\",\"breadcrumb\":{\"@id\":\"https:\/\/www.itaipbc.org.mx\/itaipBC-2019\/itaipbc-firma-convenio-con-barra-estatal-de-abogadas-lideres-en-baja-california-2\/#breadcrumb\"},\"inLanguage\":\"es\",\"potentialAction\":[{\"@type\":\"ReadAction\",\"target\":[\"https:\/\/www.itaipbc.org.mx\/itaipBC-2019\/itaipbc-firma-convenio-con-barra-estatal-de-abogadas-lideres-en-baja-california-2\/\"]}]},{\"@type\":\"ImageObject\",\"inLanguage\":\"es\",\"@id\":\"https:\/\/www.itaipbc.org.mx\/itaipBC-2019\/itaipbc-firma-convenio-con-barra-estatal-de-abogadas-lideres-en-baja-california-2\/#primaryimage\",\"url\":\"https:\/\/www.itaipbc.org.mx\/itaipBC-2019\/wp-content\/uploads\/2022\/07\/Redes-2.jpg\",\"contentUrl\":\"https:\/\/www.itaipbc.org.mx\/itaipBC-2019\/wp-content\/uploads\/2022\/07\/Redes-2.jpg\",\"width\":1650,\"height\":954},{\"@type\":\"BreadcrumbList\",\"@id\":\"https:\/\/www.itaipbc.org.mx\/itaipBC-2019\/itaipbc-firma-convenio-con-barra-estatal-de-abogadas-lideres-en-baja-california-2\/#breadcrumb\",\"itemListElement\":[{\"@type\":\"ListItem\",\"position\":1,\"name\":\"Portada\",\"item\":\"https:\/\/www.itaipbc.org.mx\/itaipBC-2019\/\"},{\"@type\":\"ListItem\",\"position\":2,\"name\":\"ITAIPBC FIRMA CONVENIO CON BARRA ESTATAL DE ABOGADAS L\u00cdDERES EN BAJA CALIFORNIA\"}]},{\"@type\":\"WebSite\",\"@id\":\"https:\/\/www.itaipbc.org.mx\/itaipBC-2019\/#website\",\"url\":\"https:\/\/www.itaipbc.org.mx\/itaipBC-2019\/\",\"name\":\"ItaipBC\",\"description\":\"\",\"publisher\":{\"@id\":\"https:\/\/www.itaipbc.org.mx\/itaipBC-2019\/#organization\"},\"potentialAction\":[{\"@type\":\"SearchAction\",\"target\":{\"@type\":\"EntryPoint\",\"urlTemplate\":\"https:\/\/www.itaipbc.org.mx\/itaipBC-2019\/?s={search_term_string}\"},\"query-input\":{\"@type\":\"PropertyValueSpecification\",\"valueRequired\":true,\"valueName\":\"search_term_string\"}}],\"inLanguage\":\"es\"},{\"@type\":\"Organization\",\"@id\":\"https:\/\/www.itaipbc.org.mx\/itaipBC-2019\/#organization\",\"name\":\"Instituto de Transparencia Baja California\",\"url\":\"https:\/\/www.itaipbc.org.mx\/itaipBC-2019\/\",\"logo\":{\"@type\":\"ImageObject\",\"inLanguage\":\"es\",\"@id\":\"https:\/\/www.itaipbc.org.mx\/itaipBC-2019\/#\/schema\/logo\/image\/\",\"url\":\"http:\/\/www.itaipbc.org.mx\/itaipBC-2019\/wp-content\/uploads\/2020\/01\/ITAIPBC-Completo.png\",\"contentUrl\":\"http:\/\/www.itaipbc.org.mx\/itaipBC-2019\/wp-content\/uploads\/2020\/01\/ITAIPBC-Completo.png\",\"width\":750,\"height\":174,\"caption\":\"Instituto de Transparencia Baja California\"},\"image\":{\"@id\":\"https:\/\/www.itaipbc.org.mx\/itaipBC-2019\/#\/schema\/logo\/image\/\"}},{\"@type\":\"Person\",\"@id\":\"https:\/\/www.itaipbc.org.mx\/itaipBC-2019\/#\/schema\/person\/fe0517b8be1919f7dd71c9d01a6cdb08\",\"name\":\"Anahi Prescencion\",\"image\":{\"@type\":\"ImageObject\",\"inLanguage\":\"es\",\"@id\":\"https:\/\/www.itaipbc.org.mx\/itaipBC-2019\/#\/schema\/person\/image\/\",\"url\":\"https:\/\/secure.gravatar.com\/avatar\/2f6176908986880d9eb812e72116ebc8b491e070cabea8a491a62c7deac9b784?s=96&d=mm&r=g\",\"contentUrl\":\"https:\/\/secure.gravatar.com\/avatar\/2f6176908986880d9eb812e72116ebc8b491e070cabea8a491a62c7deac9b784?s=96&d=mm&r=g\",\"caption\":\"Anahi Prescencion\"},\"url\":\"https:\/\/www.itaipbc.org.mx\/itaipBC-2019\/author\/aimeemoran\/\"}]}<\/script>\n<!-- \/ Yoast SEO plugin. -->","yoast_head_json":{"title":"ITAIPBC FIRMA CONVENIO CON BARRA ESTATAL DE ABOGADAS L\u00cdDERES EN BAJA CALIFORNIA - ItaipBC","robots":{"index":"index","follow":"follow","max-snippet":"max-snippet:-1","max-image-preview":"max-image-preview:large","max-video-preview":"max-video-preview:-1"},"canonical":"https:\/\/www.itaipbc.org.mx\/itaipBC-2019\/itaipbc-firma-convenio-con-barra-estatal-de-abogadas-lideres-en-baja-california-2\/","og_locale":"es_ES","og_type":"article","og_title":"ITAIPBC FIRMA CONVENIO CON BARRA ESTATAL DE ABOGADAS L\u00cdDERES EN BAJA CALIFORNIA - ItaipBC","og_description":"&nbsp; ITAIPBC FIRMA CONVENIO CON BARRA ESTATAL DE ABOGADAS L\u00cdDERES EN BAJA CALIFORNIA Mexicali, Baja California, 04 de julio de 2022.El Pleno del Instituto de Transparencia, Acceso a la Informaci\u00f3n P\u00fablica y Protecci\u00f3n de Datos \u00a0Personales del Estado de Baja California (ITAIPBC), celebr\u00f3 un convenio de colaboraci\u00f3n con la Barra Estatal de Abogadas L\u00edderes de [&hellip;]","og_url":"https:\/\/www.itaipbc.org.mx\/itaipBC-2019\/itaipbc-firma-convenio-con-barra-estatal-de-abogadas-lideres-en-baja-california-2\/","og_site_name":"ItaipBC","article_published_time":"2022-04-13T00:11:33+00:00","article_modified_time":"2022-07-13T00:18:07+00:00","og_image":[{"width":1650,"height":954,"url":"https:\/\/www.itaipbc.org.mx\/itaipBC-2019\/wp-content\/uploads\/2022\/07\/Redes-2.jpg","type":"image\/jpeg"}],"author":"Anahi Prescencion","twitter_card":"summary_large_image","twitter_misc":{"Escrito por":"Anahi Prescencion","Tiempo de lectura":"2 minutos"},"schema":{"@context":"https:\/\/schema.org","@graph":[{"@type":"Article","@id":"https:\/\/www.itaipbc.org.mx\/itaipBC-2019\/itaipbc-firma-convenio-con-barra-estatal-de-abogadas-lideres-en-baja-california-2\/#article","isPartOf":{"@id":"https:\/\/www.itaipbc.org.mx\/itaipBC-2019\/itaipbc-firma-convenio-con-barra-estatal-de-abogadas-lideres-en-baja-california-2\/"},"author":{"name":"Anahi Prescencion","@id":"https:\/\/www.itaipbc.org.mx\/itaipBC-2019\/#\/schema\/person\/fe0517b8be1919f7dd71c9d01a6cdb08"},"headline":"ITAIPBC FIRMA CONVENIO CON BARRA ESTATAL DE ABOGADAS L\u00cdDERES EN BAJA CALIFORNIA","datePublished":"2022-04-13T00:11:33+00:00","dateModified":"2022-07-13T00:18:07+00:00","mainEntityOfPage":{"@id":"https:\/\/www.itaipbc.org.mx\/itaipBC-2019\/itaipbc-firma-convenio-con-barra-estatal-de-abogadas-lideres-en-baja-california-2\/"},"wordCount":371,"commentCount":0,"publisher":{"@id":"https:\/\/www.itaipbc.org.mx\/itaipBC-2019\/#organization"},"image":{"@id":"https:\/\/www.itaipbc.org.mx\/itaipBC-2019\/itaipbc-firma-convenio-con-barra-estatal-de-abogadas-lideres-en-baja-california-2\/#primaryimage"},"thumbnailUrl":"https:\/\/www.itaipbc.org.mx\/itaipBC-2019\/wp-content\/uploads\/2022\/07\/Redes-2.jpg","articleSection":["Noticias"],"inLanguage":"es","potentialAction":[{"@type":"CommentAction","name":"Comment","target":["https:\/\/www.itaipbc.org.mx\/itaipBC-2019\/itaipbc-firma-convenio-con-barra-estatal-de-abogadas-lideres-en-baja-california-2\/#respond"]}]},{"@type":"WebPage","@id":"https:\/\/www.itaipbc.org.mx\/itaipBC-2019\/itaipbc-firma-convenio-con-barra-estatal-de-abogadas-lideres-en-baja-california-2\/","url":"https:\/\/www.itaipbc.org.mx\/itaipBC-2019\/itaipbc-firma-convenio-con-barra-estatal-de-abogadas-lideres-en-baja-california-2\/","name":"ITAIPBC FIRMA CONVENIO CON BARRA ESTATAL DE ABOGADAS L\u00cdDERES EN BAJA CALIFORNIA - ItaipBC","isPartOf":{"@id":"https:\/\/www.itaipbc.org.mx\/itaipBC-2019\/#website"},"primaryImageOfPage":{"@id":"https:\/\/www.itaipbc.org.mx\/itaipBC-2019\/itaipbc-firma-convenio-con-barra-estatal-de-abogadas-lideres-en-baja-california-2\/#primaryimage"},"image":{"@id":"https:\/\/www.itaipbc.org.mx\/itaipBC-2019\/itaipbc-firma-convenio-con-barra-estatal-de-abogadas-lideres-en-baja-california-2\/#primaryimage"},"thumbnailUrl":"https:\/\/www.itaipbc.org.mx\/itaipBC-2019\/wp-content\/uploads\/2022\/07\/Redes-2.jpg","datePublished":"2022-04-13T00:11:33+00:00","dateModified":"2022-07-13T00:18:07+00:00","breadcrumb":{"@id":"https:\/\/www.itaipbc.org.mx\/itaipBC-2019\/itaipbc-firma-convenio-con-barra-estatal-de-abogadas-lideres-en-baja-california-2\/#breadcrumb"},"inLanguage":"es","potentialAction":[{"@type":"ReadAction","target":["https:\/\/www.itaipbc.org.mx\/itaipBC-2019\/itaipbc-firma-convenio-con-barra-estatal-de-abogadas-lideres-en-baja-california-2\/"]}]},{"@type":"ImageObject","inLanguage":"es","@id":"https:\/\/www.itaipbc.org.mx\/itaipBC-2019\/itaipbc-firma-convenio-con-barra-estatal-de-abogadas-lideres-en-baja-california-2\/#primaryimage","url":"https:\/\/www.itaipbc.org.mx\/itaipBC-2019\/wp-content\/uploads\/2022\/07\/Redes-2.jpg","contentUrl":"https:\/\/www.itaipbc.org.mx\/itaipBC-2019\/wp-content\/uploads\/2022\/07\/Redes-2.jpg","width":1650,"height":954},{"@type":"BreadcrumbList","@id":"https:\/\/www.itaipbc.org.mx\/itaipBC-2019\/itaipbc-firma-convenio-con-barra-estatal-de-abogadas-lideres-en-baja-california-2\/#breadcrumb","itemListElement":[{"@type":"ListItem","position":1,"name":"Portada","item":"https:\/\/www.itaipbc.org.mx\/itaipBC-2019\/"},{"@type":"ListItem","position":2,"name":"ITAIPBC FIRMA CONVENIO CON BARRA ESTATAL DE ABOGADAS L\u00cdDERES EN BAJA CALIFORNIA"}]},{"@type":"WebSite","@id":"https:\/\/www.itaipbc.org.mx\/itaipBC-2019\/#website","url":"https:\/\/www.itaipbc.org.mx\/itaipBC-2019\/","name":"ItaipBC","description":"","publisher":{"@id":"https:\/\/www.itaipbc.org.mx\/itaipBC-2019\/#organization"},"potentialAction":[{"@type":"SearchAction","target":{"@type":"EntryPoint","urlTemplate":"https:\/\/www.itaipbc.org.mx\/itaipBC-2019\/?s={search_term_string}"},"query-input":{"@type":"PropertyValueSpecification","valueRequired":true,"valueName":"search_term_string"}}],"inLanguage":"es"},{"@type":"Organization","@id":"https:\/\/www.itaipbc.org.mx\/itaipBC-2019\/#organization","name":"Instituto de Transparencia Baja California","url":"https:\/\/www.itaipbc.org.mx\/itaipBC-2019\/","logo":{"@type":"ImageObject","inLanguage":"es","@id":"https:\/\/www.itaipbc.org.mx\/itaipBC-2019\/#\/schema\/logo\/image\/","url":"http:\/\/www.itaipbc.org.mx\/itaipBC-2019\/wp-content\/uploads\/2020\/01\/ITAIPBC-Completo.png","contentUrl":"http:\/\/www.itaipbc.org.mx\/itaipBC-2019\/wp-content\/uploads\/2020\/01\/ITAIPBC-Completo.png","width":750,"height":174,"caption":"Instituto de Transparencia Baja California"},"image":{"@id":"https:\/\/www.itaipbc.org.mx\/itaipBC-2019\/#\/schema\/logo\/image\/"}},{"@type":"Person","@id":"https:\/\/www.itaipbc.org.mx\/itaipBC-2019\/#\/schema\/person\/fe0517b8be1919f7dd71c9d01a6cdb08","name":"Anahi Prescencion","image":{"@type":"ImageObject","inLanguage":"es","@id":"https:\/\/www.itaipbc.org.mx\/itaipBC-2019\/#\/schema\/person\/image\/","url":"https:\/\/secure.gravatar.com\/avatar\/2f6176908986880d9eb812e72116ebc8b491e070cabea8a491a62c7deac9b784?s=96&d=mm&r=g","contentUrl":"https:\/\/secure.gravatar.com\/avatar\/2f6176908986880d9eb812e72116ebc8b491e070cabea8a491a62c7deac9b784?s=96&d=mm&r=g","caption":"Anahi Prescencion"},"url":"https:\/\/www.itaipbc.org.mx\/itaipBC-2019\/author\/aimeemoran\/"}]}},"_links":{"self":[{"href":"https:\/\/www.itaipbc.org.mx\/itaipBC-2019\/wp-json\/wp\/v2\/posts\/8354","targetHints":{"allow":["GET"]}}],"collection":[{"href":"https:\/\/www.itaipbc.org.mx\/itaipBC-2019\/wp-json\/wp\/v2\/posts"}],"about":[{"href":"https:\/\/www.itaipbc.org.mx\/itaipBC-2019\/wp-json\/wp\/v2\/types\/post"}],"author":[{"embeddable":true,"href":"https:\/\/www.itaipbc.org.mx\/itaipBC-2019\/wp-json\/wp\/v2\/users\/8"}],"replies":[{"embeddable":true,"href":"https:\/\/www.itaipbc.org.mx\/itaipBC-2019\/wp-json\/wp\/v2\/comments?post=8354"}],"version-history":[{"count":7,"href":"https:\/\/www.itaipbc.org.mx\/itaipBC-2019\/wp-json\/wp\/v2\/posts\/8354\/revisions"}],"predecessor-version":[{"id":8361,"href":"https:\/\/www.itaipbc.org.mx\/itaipBC-2019\/wp-json\/wp\/v2\/posts\/8354\/revisions\/8361"}],"wp:featuredmedia":[{"embeddable":true,"href":"https:\/\/www.itaipbc.org.mx\/itaipBC-2019\/wp-json\/wp\/v2\/media\/8293"}],"wp:attachment":[{"href":"https:\/\/www.itaipbc.org.mx\/itaipBC-2019\/wp-json\/wp\/v2\/media?parent=8354"}],"wp:term":[{"taxonomy":"category","embeddable":true,"href":"https:\/\/www.itaipbc.org.mx\/itaipBC-2019\/wp-json\/wp\/v2\/categories?post=8354"},{"taxonomy":"post_tag","embeddable":true,"href":"https:\/\/www.itaipbc.org.mx\/itaipBC-2019\/wp-json\/wp\/v2\/tags?post=8354"}],"curies":[{"name":"wp","href":"https:\/\/api.w.org\/{rel}","templated":true}]}}