{"id":7723,"date":"2022-06-07T10:06:35","date_gmt":"2022-06-07T17:06:35","guid":{"rendered":"http:\/\/www.itaipbc.org.mx\/itaipBC-2019\/?p=7723"},"modified":"2022-06-09T10:18:02","modified_gmt":"2022-06-09T17:18:02","slug":"itaipbc-firma-convenio-con-universidad-xochicalco-y-facultad-de-derecho-de-la-uabc-en-mexicali","status":"publish","type":"post","link":"https:\/\/www.itaipbc.org.mx\/itaipBC-2019\/itaipbc-firma-convenio-con-universidad-xochicalco-y-facultad-de-derecho-de-la-uabc-en-mexicali\/","title":{"rendered":"ITAIPBC FIRMA CONVENIO CON UNIVERSIDAD XOCHICALCO Y FACULTAD DE DERECHO DE LA UABC EN MEXICALI"},"content":{"rendered":"<p><img loading=\"lazy\" decoding=\"async\" class=\"alignnone size-medium wp-image-7724\" src=\"http:\/\/www.itaipbc.org.mx\/itaipBC-2019\/wp-content\/uploads\/2022\/06\/Firma-2-450x303.jpg\" alt=\"\" width=\"450\" height=\"303\" srcset=\"https:\/\/www.itaipbc.org.mx\/itaipBC-2019\/wp-content\/uploads\/2022\/06\/Firma-2-450x303.jpg 450w, https:\/\/www.itaipbc.org.mx\/itaipBC-2019\/wp-content\/uploads\/2022\/06\/Firma-2-1024x689.jpg 1024w, https:\/\/www.itaipbc.org.mx\/itaipBC-2019\/wp-content\/uploads\/2022\/06\/Firma-2-768x517.jpg 768w, https:\/\/www.itaipbc.org.mx\/itaipBC-2019\/wp-content\/uploads\/2022\/06\/Firma-2.jpg 1272w\" sizes=\"auto, (max-width: 450px) 100vw, 450px\" \/><\/p>\n<p><strong>ITAIPBC FIRMA CONVENIO CON UNIVERSIDAD XOCHICALCO Y <\/strong><strong>FACULTAD DE DERECHO DE LA UABC EN MEXICALI<\/strong><\/p>\n<p>Mexicali, Baja California, 07 de junio de 2022.- En el marco del D\u00e9cimo Primer Aniversario del Instituto de Transparencia, Acceso a la Informaci\u00f3n y Protecci\u00f3n de Datos Personales del Estado de Baja California (ITAIPBC), se llev\u00f3 a cabo el acto protocolario, mediante el cual, se firm\u00f3 convenio de colaboraci\u00f3n entre la Universidad Xochicalco y el \u00f3rgano garante estatal, evento celebrado en la Sala de Usos M\u00faltiples 3 del Campus Mexicali.<\/p>\n<p>En su mensaje, el Comisionado Presidente del ITAIPBC, Jes\u00fas Alberto Sandoval Franco, agradeci\u00f3 a dicha instituci\u00f3n acad\u00e9mica, la voluntad manifestada a trav\u00e9s del acto jur\u00eddico realizado, el cual permitir\u00e1 que se beneficie al alumnado de tan prestigiosa casa de estudios al tener la facilidad, a partir de la formalizaci\u00f3n de dicho instrumento, de llevar a cabo la prestaci\u00f3n de servicio social o de pr\u00e1cticas profesionales, especialmente para las y los estudiantes de la licenciatura en Derecho.<\/p>\n<p><img loading=\"lazy\" decoding=\"async\" class=\"alignnone size-medium wp-image-7726\" src=\"http:\/\/www.itaipbc.org.mx\/itaipBC-2019\/wp-content\/uploads\/2022\/06\/002-450x300.png\" alt=\"\" width=\"450\" height=\"300\" srcset=\"https:\/\/www.itaipbc.org.mx\/itaipBC-2019\/wp-content\/uploads\/2022\/06\/002-450x300.png 450w, https:\/\/www.itaipbc.org.mx\/itaipBC-2019\/wp-content\/uploads\/2022\/06\/002-1024x683.png 1024w, https:\/\/www.itaipbc.org.mx\/itaipBC-2019\/wp-content\/uploads\/2022\/06\/002-768x512.png 768w, https:\/\/www.itaipbc.org.mx\/itaipBC-2019\/wp-content\/uploads\/2022\/06\/002.png 1200w\" sizes=\"auto, (max-width: 450px) 100vw, 450px\" \/><\/p>\n<p>Por su parte, durante la exposici\u00f3n de motivos, la Coordinadora del evento, Comisionada del ITAIPBC, Luc\u00eda Ariana Miranda G\u00f3mez, mencion\u00f3 que la finalidad del convenio celebrado es crear lazos de cooperaci\u00f3n entre la instituci\u00f3n educativa y el instituto. Adem\u00e1s, resalt\u00f3 la importancia de que las materias impartidas tengan contenidos sobre los derechos llave, para que las y los futuros profesionistas los conozcan y hagan valer.<\/p>\n<p>Concluido el acto protocolario y como parte de los eventos de celebraci\u00f3n del aniversario del instituto, el Comisionado del Instituto Nacional de Transparencia, Acceso a la Informaci\u00f3n y Protecci\u00f3n de Datos Personales (INAI), Adri\u00e1n Alcal\u00e1 M\u00e9ndez, imparti\u00f3 a m\u00e1s de 150 servidoras y servidores p\u00fablicos del Estado, una conferencia magistral titulada \u201cGobierno Abierto y Transparencia Proactiva\u201d, en donde resalt\u00f3 que el Estado de Baja California ha destacado en la materia, de acuerdo a la M\u00e9trica de Gobierno Abierto 2022.<\/p>\n<p><img loading=\"lazy\" decoding=\"async\" class=\"alignnone size-medium wp-image-7725\" src=\"http:\/\/www.itaipbc.org.mx\/itaipBC-2019\/wp-content\/uploads\/2022\/06\/Adrian-conferencia-356x450.jpg\" alt=\"\" width=\"356\" height=\"450\" srcset=\"https:\/\/www.itaipbc.org.mx\/itaipBC-2019\/wp-content\/uploads\/2022\/06\/Adrian-conferencia-356x450.jpg 356w, https:\/\/www.itaipbc.org.mx\/itaipBC-2019\/wp-content\/uploads\/2022\/06\/Adrian-conferencia-811x1024.jpg 811w, https:\/\/www.itaipbc.org.mx\/itaipBC-2019\/wp-content\/uploads\/2022\/06\/Adrian-conferencia-768x970.jpg 768w, https:\/\/www.itaipbc.org.mx\/itaipBC-2019\/wp-content\/uploads\/2022\/06\/Adrian-conferencia-1217x1536.jpg 1217w, https:\/\/www.itaipbc.org.mx\/itaipBC-2019\/wp-content\/uploads\/2022\/06\/Adrian-conferencia-1622x2048.jpg 1622w, https:\/\/www.itaipbc.org.mx\/itaipBC-2019\/wp-content\/uploads\/2022\/06\/Adrian-conferencia-scaled.jpg 2028w\" sizes=\"auto, (max-width: 356px) 100vw, 356px\" \/><\/p>\n<p>Posteriormente, Pleno del \u00d3rgano Garante se traslad\u00f3 a la Universidad Aut\u00f3noma de Baja California (UABC), campus Mexicali, donde sign\u00f3 un convenio de colaboraci\u00f3n con Facultad de Derecho de esa casa de estudios.<\/p>\n<p>La ceremonia de formalizaci\u00f3n del acuerdo de voluntades fue encabezada por la Vicerrectora de la UABC en la capital del Estado, Gisela Montero Alp\u00edrez, quien estuvo acompa\u00f1ada por la Directora de la Facultad de Derecho, Ana Edith Canales Murillo y la Coordinadora de la Unidad de Transparencia y Acceso a la Informaci\u00f3n P\u00fablica, Karina C\u00e1rdenas Rodr\u00edguez. Por el ITAIPBC, firmaron, el Comisionado Presidente Jes\u00fas Alberto Sandoval Franco; la Comisionada Luc\u00eda Ariana Miranda G\u00f3mez, la Comisionada Cinthya Denise G\u00f3mez Casta\u00f1eda y el Secretario Ejecutivo, C\u00e9sar L\u00f3pez. Atestigu\u00f3 el evento protocolario el Comisionado del INAI, Adri\u00e1n Alcal\u00e1 M\u00e9ndez.<\/p>\n","protected":false},"excerpt":{"rendered":"<p>ITAIPBC FIRMA CONVENIO CON UNIVERSIDAD XOCHICALCO Y FACULTAD DE DERECHO DE LA UABC EN MEXICALI Mexicali, Baja California, 07 de junio de 2022.- En el marco del D\u00e9cimo Primer Aniversario del Instituto de Transparencia, Acceso a la Informaci\u00f3n y Protecci\u00f3n de Datos Personales del Estado de Baja California (ITAIPBC), se llev\u00f3 a cabo el acto [&hellip;]<\/p>\n","protected":false},"author":8,"featured_media":7724,"comment_status":"closed","ping_status":"closed","sticky":false,"template":"","format":"standard","meta":{"footnotes":""},"categories":[1],"tags":[121,93,90,114],"class_list":["post-7723","post","type-post","status-publish","format-standard","has-post-thumbnail","hentry","category-noticias","tag-convenio-itaipbc","tag-inai","tag-transparencia","tag-uabc"],"yoast_head":"<!-- This site is optimized with the Yoast SEO plugin v26.5 - https:\/\/yoast.com\/wordpress\/plugins\/seo\/ -->\n<title>ITAIPBC FIRMA CONVENIO CON UNIVERSIDAD XOCHICALCO Y FACULTAD DE DERECHO DE LA UABC EN MEXICALI - ItaipBC<\/title>\n<meta name=\"robots\" content=\"index, follow, max-snippet:-1, max-image-preview:large, max-video-preview:-1\" \/>\n<link rel=\"canonical\" href=\"https:\/\/www.itaipbc.org.mx\/itaipBC-2019\/itaipbc-firma-convenio-con-universidad-xochicalco-y-facultad-de-derecho-de-la-uabc-en-mexicali\/\" \/>\n<meta property=\"og:locale\" content=\"es_ES\" \/>\n<meta property=\"og:type\" content=\"article\" \/>\n<meta property=\"og:title\" content=\"ITAIPBC FIRMA CONVENIO CON UNIVERSIDAD XOCHICALCO Y FACULTAD DE DERECHO DE LA UABC EN MEXICALI - ItaipBC\" \/>\n<meta property=\"og:description\" content=\"ITAIPBC FIRMA CONVENIO CON UNIVERSIDAD XOCHICALCO Y FACULTAD DE DERECHO DE LA UABC EN MEXICALI Mexicali, Baja California, 07 de junio de 2022.- En el marco del D\u00e9cimo Primer Aniversario del Instituto de Transparencia, Acceso a la Informaci\u00f3n y Protecci\u00f3n de Datos Personales del Estado de Baja California (ITAIPBC), se llev\u00f3 a cabo el acto [&hellip;]\" \/>\n<meta property=\"og:url\" content=\"https:\/\/www.itaipbc.org.mx\/itaipBC-2019\/itaipbc-firma-convenio-con-universidad-xochicalco-y-facultad-de-derecho-de-la-uabc-en-mexicali\/\" \/>\n<meta property=\"og:site_name\" content=\"ItaipBC\" \/>\n<meta property=\"article:published_time\" content=\"2022-06-07T17:06:35+00:00\" \/>\n<meta property=\"article:modified_time\" content=\"2022-06-09T17:18:02+00:00\" \/>\n<meta property=\"og:image\" content=\"https:\/\/www.itaipbc.org.mx\/itaipBC-2019\/wp-content\/uploads\/2022\/06\/Firma-2.jpg\" \/>\n\t<meta property=\"og:image:width\" content=\"1272\" \/>\n\t<meta property=\"og:image:height\" content=\"856\" \/>\n\t<meta property=\"og:image:type\" content=\"image\/jpeg\" \/>\n<meta name=\"author\" content=\"Anahi Prescencion\" \/>\n<meta name=\"twitter:card\" content=\"summary_large_image\" \/>\n<meta name=\"twitter:label1\" content=\"Escrito por\" \/>\n\t<meta name=\"twitter:data1\" content=\"Anahi Prescencion\" \/>\n\t<meta name=\"twitter:label2\" content=\"Tiempo de lectura\" \/>\n\t<meta name=\"twitter:data2\" content=\"2 minutos\" \/>\n<script type=\"application\/ld+json\" class=\"yoast-schema-graph\">{\"@context\":\"https:\/\/schema.org\",\"@graph\":[{\"@type\":\"Article\",\"@id\":\"https:\/\/www.itaipbc.org.mx\/itaipBC-2019\/itaipbc-firma-convenio-con-universidad-xochicalco-y-facultad-de-derecho-de-la-uabc-en-mexicali\/#article\",\"isPartOf\":{\"@id\":\"https:\/\/www.itaipbc.org.mx\/itaipBC-2019\/itaipbc-firma-convenio-con-universidad-xochicalco-y-facultad-de-derecho-de-la-uabc-en-mexicali\/\"},\"author\":{\"name\":\"Anahi Prescencion\",\"@id\":\"https:\/\/www.itaipbc.org.mx\/itaipBC-2019\/#\/schema\/person\/fe0517b8be1919f7dd71c9d01a6cdb08\"},\"headline\":\"ITAIPBC FIRMA CONVENIO CON UNIVERSIDAD XOCHICALCO Y FACULTAD DE DERECHO DE LA UABC EN MEXICALI\",\"datePublished\":\"2022-06-07T17:06:35+00:00\",\"dateModified\":\"2022-06-09T17:18:02+00:00\",\"mainEntityOfPage\":{\"@id\":\"https:\/\/www.itaipbc.org.mx\/itaipBC-2019\/itaipbc-firma-convenio-con-universidad-xochicalco-y-facultad-de-derecho-de-la-uabc-en-mexicali\/\"},\"wordCount\":489,\"publisher\":{\"@id\":\"https:\/\/www.itaipbc.org.mx\/itaipBC-2019\/#organization\"},\"image\":{\"@id\":\"https:\/\/www.itaipbc.org.mx\/itaipBC-2019\/itaipbc-firma-convenio-con-universidad-xochicalco-y-facultad-de-derecho-de-la-uabc-en-mexicali\/#primaryimage\"},\"thumbnailUrl\":\"https:\/\/www.itaipbc.org.mx\/itaipBC-2019\/wp-content\/uploads\/2022\/06\/Firma-2.jpg\",\"keywords\":[\"CONVENIO; ITAIPBC\",\"INAI\",\"TRANSPARENCIA\",\"UABC\"],\"articleSection\":[\"Noticias\"],\"inLanguage\":\"es\"},{\"@type\":\"WebPage\",\"@id\":\"https:\/\/www.itaipbc.org.mx\/itaipBC-2019\/itaipbc-firma-convenio-con-universidad-xochicalco-y-facultad-de-derecho-de-la-uabc-en-mexicali\/\",\"url\":\"https:\/\/www.itaipbc.org.mx\/itaipBC-2019\/itaipbc-firma-convenio-con-universidad-xochicalco-y-facultad-de-derecho-de-la-uabc-en-mexicali\/\",\"name\":\"ITAIPBC FIRMA CONVENIO CON UNIVERSIDAD XOCHICALCO Y FACULTAD DE DERECHO DE LA UABC EN MEXICALI - ItaipBC\",\"isPartOf\":{\"@id\":\"https:\/\/www.itaipbc.org.mx\/itaipBC-2019\/#website\"},\"primaryImageOfPage\":{\"@id\":\"https:\/\/www.itaipbc.org.mx\/itaipBC-2019\/itaipbc-firma-convenio-con-universidad-xochicalco-y-facultad-de-derecho-de-la-uabc-en-mexicali\/#primaryimage\"},\"image\":{\"@id\":\"https:\/\/www.itaipbc.org.mx\/itaipBC-2019\/itaipbc-firma-convenio-con-universidad-xochicalco-y-facultad-de-derecho-de-la-uabc-en-mexicali\/#primaryimage\"},\"thumbnailUrl\":\"https:\/\/www.itaipbc.org.mx\/itaipBC-2019\/wp-content\/uploads\/2022\/06\/Firma-2.jpg\",\"datePublished\":\"2022-06-07T17:06:35+00:00\",\"dateModified\":\"2022-06-09T17:18:02+00:00\",\"breadcrumb\":{\"@id\":\"https:\/\/www.itaipbc.org.mx\/itaipBC-2019\/itaipbc-firma-convenio-con-universidad-xochicalco-y-facultad-de-derecho-de-la-uabc-en-mexicali\/#breadcrumb\"},\"inLanguage\":\"es\",\"potentialAction\":[{\"@type\":\"ReadAction\",\"target\":[\"https:\/\/www.itaipbc.org.mx\/itaipBC-2019\/itaipbc-firma-convenio-con-universidad-xochicalco-y-facultad-de-derecho-de-la-uabc-en-mexicali\/\"]}]},{\"@type\":\"ImageObject\",\"inLanguage\":\"es\",\"@id\":\"https:\/\/www.itaipbc.org.mx\/itaipBC-2019\/itaipbc-firma-convenio-con-universidad-xochicalco-y-facultad-de-derecho-de-la-uabc-en-mexicali\/#primaryimage\",\"url\":\"https:\/\/www.itaipbc.org.mx\/itaipBC-2019\/wp-content\/uploads\/2022\/06\/Firma-2.jpg\",\"contentUrl\":\"https:\/\/www.itaipbc.org.mx\/itaipBC-2019\/wp-content\/uploads\/2022\/06\/Firma-2.jpg\",\"width\":1272,\"height\":856},{\"@type\":\"BreadcrumbList\",\"@id\":\"https:\/\/www.itaipbc.org.mx\/itaipBC-2019\/itaipbc-firma-convenio-con-universidad-xochicalco-y-facultad-de-derecho-de-la-uabc-en-mexicali\/#breadcrumb\",\"itemListElement\":[{\"@type\":\"ListItem\",\"position\":1,\"name\":\"Portada\",\"item\":\"https:\/\/www.itaipbc.org.mx\/itaipBC-2019\/\"},{\"@type\":\"ListItem\",\"position\":2,\"name\":\"ITAIPBC FIRMA CONVENIO CON UNIVERSIDAD XOCHICALCO Y FACULTAD DE DERECHO DE LA UABC EN MEXICALI\"}]},{\"@type\":\"WebSite\",\"@id\":\"https:\/\/www.itaipbc.org.mx\/itaipBC-2019\/#website\",\"url\":\"https:\/\/www.itaipbc.org.mx\/itaipBC-2019\/\",\"name\":\"ItaipBC\",\"description\":\"\",\"publisher\":{\"@id\":\"https:\/\/www.itaipbc.org.mx\/itaipBC-2019\/#organization\"},\"potentialAction\":[{\"@type\":\"SearchAction\",\"target\":{\"@type\":\"EntryPoint\",\"urlTemplate\":\"https:\/\/www.itaipbc.org.mx\/itaipBC-2019\/?s={search_term_string}\"},\"query-input\":{\"@type\":\"PropertyValueSpecification\",\"valueRequired\":true,\"valueName\":\"search_term_string\"}}],\"inLanguage\":\"es\"},{\"@type\":\"Organization\",\"@id\":\"https:\/\/www.itaipbc.org.mx\/itaipBC-2019\/#organization\",\"name\":\"Instituto de Transparencia Baja California\",\"url\":\"https:\/\/www.itaipbc.org.mx\/itaipBC-2019\/\",\"logo\":{\"@type\":\"ImageObject\",\"inLanguage\":\"es\",\"@id\":\"https:\/\/www.itaipbc.org.mx\/itaipBC-2019\/#\/schema\/logo\/image\/\",\"url\":\"http:\/\/www.itaipbc.org.mx\/itaipBC-2019\/wp-content\/uploads\/2020\/01\/ITAIPBC-Completo.png\",\"contentUrl\":\"http:\/\/www.itaipbc.org.mx\/itaipBC-2019\/wp-content\/uploads\/2020\/01\/ITAIPBC-Completo.png\",\"width\":750,\"height\":174,\"caption\":\"Instituto de Transparencia Baja California\"},\"image\":{\"@id\":\"https:\/\/www.itaipbc.org.mx\/itaipBC-2019\/#\/schema\/logo\/image\/\"}},{\"@type\":\"Person\",\"@id\":\"https:\/\/www.itaipbc.org.mx\/itaipBC-2019\/#\/schema\/person\/fe0517b8be1919f7dd71c9d01a6cdb08\",\"name\":\"Anahi Prescencion\",\"image\":{\"@type\":\"ImageObject\",\"inLanguage\":\"es\",\"@id\":\"https:\/\/www.itaipbc.org.mx\/itaipBC-2019\/#\/schema\/person\/image\/\",\"url\":\"https:\/\/secure.gravatar.com\/avatar\/2f6176908986880d9eb812e72116ebc8b491e070cabea8a491a62c7deac9b784?s=96&d=mm&r=g\",\"contentUrl\":\"https:\/\/secure.gravatar.com\/avatar\/2f6176908986880d9eb812e72116ebc8b491e070cabea8a491a62c7deac9b784?s=96&d=mm&r=g\",\"caption\":\"Anahi Prescencion\"},\"url\":\"https:\/\/www.itaipbc.org.mx\/itaipBC-2019\/author\/aimeemoran\/\"}]}<\/script>\n<!-- \/ Yoast SEO plugin. -->","yoast_head_json":{"title":"ITAIPBC FIRMA CONVENIO CON UNIVERSIDAD XOCHICALCO Y FACULTAD DE DERECHO DE LA UABC EN MEXICALI - ItaipBC","robots":{"index":"index","follow":"follow","max-snippet":"max-snippet:-1","max-image-preview":"max-image-preview:large","max-video-preview":"max-video-preview:-1"},"canonical":"https:\/\/www.itaipbc.org.mx\/itaipBC-2019\/itaipbc-firma-convenio-con-universidad-xochicalco-y-facultad-de-derecho-de-la-uabc-en-mexicali\/","og_locale":"es_ES","og_type":"article","og_title":"ITAIPBC FIRMA CONVENIO CON UNIVERSIDAD XOCHICALCO Y FACULTAD DE DERECHO DE LA UABC EN MEXICALI - ItaipBC","og_description":"ITAIPBC FIRMA CONVENIO CON UNIVERSIDAD XOCHICALCO Y FACULTAD DE DERECHO DE LA UABC EN MEXICALI Mexicali, Baja California, 07 de junio de 2022.- En el marco del D\u00e9cimo Primer Aniversario del Instituto de Transparencia, Acceso a la Informaci\u00f3n y Protecci\u00f3n de Datos Personales del Estado de Baja California (ITAIPBC), se llev\u00f3 a cabo el acto [&hellip;]","og_url":"https:\/\/www.itaipbc.org.mx\/itaipBC-2019\/itaipbc-firma-convenio-con-universidad-xochicalco-y-facultad-de-derecho-de-la-uabc-en-mexicali\/","og_site_name":"ItaipBC","article_published_time":"2022-06-07T17:06:35+00:00","article_modified_time":"2022-06-09T17:18:02+00:00","og_image":[{"width":1272,"height":856,"url":"https:\/\/www.itaipbc.org.mx\/itaipBC-2019\/wp-content\/uploads\/2022\/06\/Firma-2.jpg","type":"image\/jpeg"}],"author":"Anahi Prescencion","twitter_card":"summary_large_image","twitter_misc":{"Escrito por":"Anahi Prescencion","Tiempo de lectura":"2 minutos"},"schema":{"@context":"https:\/\/schema.org","@graph":[{"@type":"Article","@id":"https:\/\/www.itaipbc.org.mx\/itaipBC-2019\/itaipbc-firma-convenio-con-universidad-xochicalco-y-facultad-de-derecho-de-la-uabc-en-mexicali\/#article","isPartOf":{"@id":"https:\/\/www.itaipbc.org.mx\/itaipBC-2019\/itaipbc-firma-convenio-con-universidad-xochicalco-y-facultad-de-derecho-de-la-uabc-en-mexicali\/"},"author":{"name":"Anahi Prescencion","@id":"https:\/\/www.itaipbc.org.mx\/itaipBC-2019\/#\/schema\/person\/fe0517b8be1919f7dd71c9d01a6cdb08"},"headline":"ITAIPBC FIRMA CONVENIO CON UNIVERSIDAD XOCHICALCO Y FACULTAD DE DERECHO DE LA UABC EN MEXICALI","datePublished":"2022-06-07T17:06:35+00:00","dateModified":"2022-06-09T17:18:02+00:00","mainEntityOfPage":{"@id":"https:\/\/www.itaipbc.org.mx\/itaipBC-2019\/itaipbc-firma-convenio-con-universidad-xochicalco-y-facultad-de-derecho-de-la-uabc-en-mexicali\/"},"wordCount":489,"publisher":{"@id":"https:\/\/www.itaipbc.org.mx\/itaipBC-2019\/#organization"},"image":{"@id":"https:\/\/www.itaipbc.org.mx\/itaipBC-2019\/itaipbc-firma-convenio-con-universidad-xochicalco-y-facultad-de-derecho-de-la-uabc-en-mexicali\/#primaryimage"},"thumbnailUrl":"https:\/\/www.itaipbc.org.mx\/itaipBC-2019\/wp-content\/uploads\/2022\/06\/Firma-2.jpg","keywords":["CONVENIO; ITAIPBC","INAI","TRANSPARENCIA","UABC"],"articleSection":["Noticias"],"inLanguage":"es"},{"@type":"WebPage","@id":"https:\/\/www.itaipbc.org.mx\/itaipBC-2019\/itaipbc-firma-convenio-con-universidad-xochicalco-y-facultad-de-derecho-de-la-uabc-en-mexicali\/","url":"https:\/\/www.itaipbc.org.mx\/itaipBC-2019\/itaipbc-firma-convenio-con-universidad-xochicalco-y-facultad-de-derecho-de-la-uabc-en-mexicali\/","name":"ITAIPBC FIRMA CONVENIO CON UNIVERSIDAD XOCHICALCO Y FACULTAD DE DERECHO DE LA UABC EN MEXICALI - ItaipBC","isPartOf":{"@id":"https:\/\/www.itaipbc.org.mx\/itaipBC-2019\/#website"},"primaryImageOfPage":{"@id":"https:\/\/www.itaipbc.org.mx\/itaipBC-2019\/itaipbc-firma-convenio-con-universidad-xochicalco-y-facultad-de-derecho-de-la-uabc-en-mexicali\/#primaryimage"},"image":{"@id":"https:\/\/www.itaipbc.org.mx\/itaipBC-2019\/itaipbc-firma-convenio-con-universidad-xochicalco-y-facultad-de-derecho-de-la-uabc-en-mexicali\/#primaryimage"},"thumbnailUrl":"https:\/\/www.itaipbc.org.mx\/itaipBC-2019\/wp-content\/uploads\/2022\/06\/Firma-2.jpg","datePublished":"2022-06-07T17:06:35+00:00","dateModified":"2022-06-09T17:18:02+00:00","breadcrumb":{"@id":"https:\/\/www.itaipbc.org.mx\/itaipBC-2019\/itaipbc-firma-convenio-con-universidad-xochicalco-y-facultad-de-derecho-de-la-uabc-en-mexicali\/#breadcrumb"},"inLanguage":"es","potentialAction":[{"@type":"ReadAction","target":["https:\/\/www.itaipbc.org.mx\/itaipBC-2019\/itaipbc-firma-convenio-con-universidad-xochicalco-y-facultad-de-derecho-de-la-uabc-en-mexicali\/"]}]},{"@type":"ImageObject","inLanguage":"es","@id":"https:\/\/www.itaipbc.org.mx\/itaipBC-2019\/itaipbc-firma-convenio-con-universidad-xochicalco-y-facultad-de-derecho-de-la-uabc-en-mexicali\/#primaryimage","url":"https:\/\/www.itaipbc.org.mx\/itaipBC-2019\/wp-content\/uploads\/2022\/06\/Firma-2.jpg","contentUrl":"https:\/\/www.itaipbc.org.mx\/itaipBC-2019\/wp-content\/uploads\/2022\/06\/Firma-2.jpg","width":1272,"height":856},{"@type":"BreadcrumbList","@id":"https:\/\/www.itaipbc.org.mx\/itaipBC-2019\/itaipbc-firma-convenio-con-universidad-xochicalco-y-facultad-de-derecho-de-la-uabc-en-mexicali\/#breadcrumb","itemListElement":[{"@type":"ListItem","position":1,"name":"Portada","item":"https:\/\/www.itaipbc.org.mx\/itaipBC-2019\/"},{"@type":"ListItem","position":2,"name":"ITAIPBC FIRMA CONVENIO CON UNIVERSIDAD XOCHICALCO Y FACULTAD DE DERECHO DE LA UABC EN MEXICALI"}]},{"@type":"WebSite","@id":"https:\/\/www.itaipbc.org.mx\/itaipBC-2019\/#website","url":"https:\/\/www.itaipbc.org.mx\/itaipBC-2019\/","name":"ItaipBC","description":"","publisher":{"@id":"https:\/\/www.itaipbc.org.mx\/itaipBC-2019\/#organization"},"potentialAction":[{"@type":"SearchAction","target":{"@type":"EntryPoint","urlTemplate":"https:\/\/www.itaipbc.org.mx\/itaipBC-2019\/?s={search_term_string}"},"query-input":{"@type":"PropertyValueSpecification","valueRequired":true,"valueName":"search_term_string"}}],"inLanguage":"es"},{"@type":"Organization","@id":"https:\/\/www.itaipbc.org.mx\/itaipBC-2019\/#organization","name":"Instituto de Transparencia Baja California","url":"https:\/\/www.itaipbc.org.mx\/itaipBC-2019\/","logo":{"@type":"ImageObject","inLanguage":"es","@id":"https:\/\/www.itaipbc.org.mx\/itaipBC-2019\/#\/schema\/logo\/image\/","url":"http:\/\/www.itaipbc.org.mx\/itaipBC-2019\/wp-content\/uploads\/2020\/01\/ITAIPBC-Completo.png","contentUrl":"http:\/\/www.itaipbc.org.mx\/itaipBC-2019\/wp-content\/uploads\/2020\/01\/ITAIPBC-Completo.png","width":750,"height":174,"caption":"Instituto de Transparencia Baja California"},"image":{"@id":"https:\/\/www.itaipbc.org.mx\/itaipBC-2019\/#\/schema\/logo\/image\/"}},{"@type":"Person","@id":"https:\/\/www.itaipbc.org.mx\/itaipBC-2019\/#\/schema\/person\/fe0517b8be1919f7dd71c9d01a6cdb08","name":"Anahi Prescencion","image":{"@type":"ImageObject","inLanguage":"es","@id":"https:\/\/www.itaipbc.org.mx\/itaipBC-2019\/#\/schema\/person\/image\/","url":"https:\/\/secure.gravatar.com\/avatar\/2f6176908986880d9eb812e72116ebc8b491e070cabea8a491a62c7deac9b784?s=96&d=mm&r=g","contentUrl":"https:\/\/secure.gravatar.com\/avatar\/2f6176908986880d9eb812e72116ebc8b491e070cabea8a491a62c7deac9b784?s=96&d=mm&r=g","caption":"Anahi Prescencion"},"url":"https:\/\/www.itaipbc.org.mx\/itaipBC-2019\/author\/aimeemoran\/"}]}},"_links":{"self":[{"href":"https:\/\/www.itaipbc.org.mx\/itaipBC-2019\/wp-json\/wp\/v2\/posts\/7723","targetHints":{"allow":["GET"]}}],"collection":[{"href":"https:\/\/www.itaipbc.org.mx\/itaipBC-2019\/wp-json\/wp\/v2\/posts"}],"about":[{"href":"https:\/\/www.itaipbc.org.mx\/itaipBC-2019\/wp-json\/wp\/v2\/types\/post"}],"author":[{"embeddable":true,"href":"https:\/\/www.itaipbc.org.mx\/itaipBC-2019\/wp-json\/wp\/v2\/users\/8"}],"replies":[{"embeddable":true,"href":"https:\/\/www.itaipbc.org.mx\/itaipBC-2019\/wp-json\/wp\/v2\/comments?post=7723"}],"version-history":[{"count":0,"href":"https:\/\/www.itaipbc.org.mx\/itaipBC-2019\/wp-json\/wp\/v2\/posts\/7723\/revisions"}],"wp:featuredmedia":[{"embeddable":true,"href":"https:\/\/www.itaipbc.org.mx\/itaipBC-2019\/wp-json\/wp\/v2\/media\/7724"}],"wp:attachment":[{"href":"https:\/\/www.itaipbc.org.mx\/itaipBC-2019\/wp-json\/wp\/v2\/media?parent=7723"}],"wp:term":[{"taxonomy":"category","embeddable":true,"href":"https:\/\/www.itaipbc.org.mx\/itaipBC-2019\/wp-json\/wp\/v2\/categories?post=7723"},{"taxonomy":"post_tag","embeddable":true,"href":"https:\/\/www.itaipbc.org.mx\/itaipBC-2019\/wp-json\/wp\/v2\/tags?post=7723"}],"curies":[{"name":"wp","href":"https:\/\/api.w.org\/{rel}","templated":true}]}}