{"id":7704,"date":"2022-06-02T17:38:45","date_gmt":"2022-06-03T00:38:45","guid":{"rendered":"http:\/\/www.itaipbc.org.mx\/itaipBC-2019\/?p=7704"},"modified":"2022-06-02T23:45:16","modified_gmt":"2022-06-03T06:45:16","slug":"itaipbc-celebra-sesion-solemne-por-11-aniversario","status":"publish","type":"post","link":"https:\/\/www.itaipbc.org.mx\/itaipBC-2019\/itaipbc-celebra-sesion-solemne-por-11-aniversario\/","title":{"rendered":"ITAIPBC CELEBRA SESI\u00d3N SOLEMNE POR 11\u00b0 ANIVERSARIO"},"content":{"rendered":"<p><img loading=\"lazy\" decoding=\"async\" class=\"alignnone size-medium wp-image-7706\" src=\"http:\/\/www.itaipbc.org.mx\/itaipBC-2019\/wp-content\/uploads\/2022\/06\/Sesion-Comunicado-2-450x260.jpg\" alt=\"\" width=\"450\" height=\"260\" srcset=\"https:\/\/www.itaipbc.org.mx\/itaipBC-2019\/wp-content\/uploads\/2022\/06\/Sesion-Comunicado-2-450x260.jpg 450w, https:\/\/www.itaipbc.org.mx\/itaipBC-2019\/wp-content\/uploads\/2022\/06\/Sesion-Comunicado-2.jpg 565w\" sizes=\"auto, (max-width: 450px) 100vw, 450px\" \/><\/p>\n<p><strong>ITAIPBC CELEBRA SESI\u00d3N SOLEMNE POR 11\u00b0 ANIVERSARIO<\/strong><\/p>\n<p>Con motivo del D\u00e9cimo Primer aniversario de la fundaci\u00f3n del Instituto de Transparencia, Acceso a la Informaci\u00f3n y Protecci\u00f3n de Datos Personales del Estado de Baja California (ITAIPBC), se llev\u00f3 a cabo Sesi\u00f3n Solemne, desarrollada por el Pleno de dicho ente, con el acompa\u00f1amiento de los tres poderes del Estado, el Pleno del INAI y Coordinadores del Sistema Nacional de Transparencia.<\/p>\n<p>El \u00d3rgano Garante bajacaliforniano, fue creado el 1 de junio de 2011 como un organismo aut\u00f3nomo, cuyo objetivo, cumplido a cabalidad durante m\u00e1s de una d\u00e9cada, es garantizar el correcto ejercicio de los derechos de acceso a la informaci\u00f3n y la protecci\u00f3n de datos personales, conforme a los principios y bases establecidos por el art\u00edculo 6\u00ba de la Constituci\u00f3n Federal, la Constituci\u00f3n Local y las leyes de aplicaci\u00f3n en esa entidad federativa.<\/p>\n<p>Durante la sesi\u00f3n, el Comisionado Presidente, Alberto Sandoval, quien encabez\u00f3 el acto protocolario, destac\u00f3 el trabajo de quienes han integrado el ITAIPBC a lo largo de su existencia, en favor del ejercicio de la transparencia, agradeciendo a Coordinadoras, Coordinadores, Proyectistas, Auxiliares, Asistentes y en general a todas las personas que actualmente se desempe\u00f1an en el Instituto con gran ah\u00ednco.<\/p>\n<p><img loading=\"lazy\" decoding=\"async\" class=\"alignnone size-medium wp-image-7705\" src=\"http:\/\/www.itaipbc.org.mx\/itaipBC-2019\/wp-content\/uploads\/2022\/06\/Sesion-COMUNICADO-450x280.jpg\" alt=\"\" width=\"450\" height=\"280\" srcset=\"https:\/\/www.itaipbc.org.mx\/itaipBC-2019\/wp-content\/uploads\/2022\/06\/Sesion-COMUNICADO-450x280.jpg 450w, https:\/\/www.itaipbc.org.mx\/itaipBC-2019\/wp-content\/uploads\/2022\/06\/Sesion-COMUNICADO.jpg 643w\" sizes=\"auto, (max-width: 450px) 100vw, 450px\" \/><\/p>\n<p>Reconoci\u00f3 el apoyo interinstitucional recibido del Ejecutivo Estatal, encabezado por la Gobernadora Constitucional del Estado de Baja California, Marina del Pilar \u00c1vila Olmeda, as\u00ed como del Congreso del Estado, cuya Mesa Directiva es presidida en la actualidad por la Diputada Andrea Gonz\u00e1lez, apreciando tambi\u00e9n la relaci\u00f3n de gran calidad que se tiene con el Poder Judicial, principalmente por el Magistrado Alejandro Isaac Fragozo L\u00f3pez, Presidente del Tribunal de Justicia de Baja California y del Consejo de la Judicatura.<\/p>\n<p>De la misma manera, agradeci\u00f3 la presencia del Coordinador de Gabinete del Gobierno del Estado, Alfredo \u00c1lvarez C\u00e1rdenas, de la Diputada Alejandra Ang, Presidenta de la Comisi\u00f3n de Fiscalizaci\u00f3n del Gasto P\u00fablico, y del Auditor Superior del Estado, Jes\u00fas Garc\u00eda Castro y mencion\u00f3 el trabajo de conjunto que se ha venido realizando con la Secretaria de Honestidad y la Funci\u00f3n P\u00fablica, Rosina del Villar.<\/p>\n<p>En nombre del ITAIPBC, agradeci\u00f3 el respaldo recibido por el Pleno del INAI y del Sistema Nacional de Transparencia, (SNT), presidido por la Comisionada Blanca Lilia Ibarra Cadena, as\u00ed como de quienes con ella integran el Pleno, las Comisionadas y Comisionados del INAI, Josefina Rom\u00e1n Vergara, Norma Julieta del R\u00edo Venegas, Francisco Javier Acu\u00f1a Llamas y Adri\u00e1n Alcal\u00e1 M\u00e9ndez.<\/p>\n<p>Resalt\u00f3 la presencia de Luz Mar\u00eda Mariscal C\u00e1rdenas, Presidenta del IDAIP y Coordinadora de \u00d3rganos Garantes de las Entidades Federativas del SNT y de la Comisionada del IDAIP y Coordinadora de la Regi\u00f3n Norte del SNT, Alma L\u00f3pez de la Torre.<\/p>\n<p>El mensaje de la titular del Poder Ejecutivo Estatal fue expresado por el Coordinador de Gabinete, quien reiter\u00f3 el absoluto respaldo de la Gobernadora a la Transparencia en Baja California, expresando completa disponibilidad para que contin\u00fae en ascenso la relaci\u00f3n interinstitucional con el \u00f3rgano garante.<\/p>\n<p>Por su parte, la Presidenta del INAI y del SNT, felicit\u00f3 a quienes integran el ITAIPBC, puesto que las limitaciones presupuestales y de recursos humanos no han frenado el extraordinario trabajo realizado por el Pleno actual, lo que se ha manifestado al haber subido del trig\u00e9simo al cuarto lugar a nivel nacional en Gobierno Abierto, bot\u00f3n de muestra del gran esfuerzo realizado por todas y todos quienes integran el \u00d3rgano Garante bajacaliforniano, expresiones que fueron respaldadas por todas y todos los Comisionados del INAI en sus intervenciones.<\/p>\n<p>Por su parte, la Comisionada del ITAIPBC, Luc\u00eda Ariana Miranda G\u00f3mez, hizo \u00e9nfasis en los retos que se han presentado en los \u00faltimos a\u00f1os para dar a conocer el derecho de acceso a la informaci\u00f3n a la ciudadan\u00eda, los cuales se han superado con el acompa\u00f1amiento del Sistema Nacional de Transparencia y las diferentes Instancias que lo integran.<\/p>\n<p>En su intervenci\u00f3n, la Comisionada del ITAIPBC, Cinthya Denise G\u00f3mez Casta\u00f1eda, resalt\u00f3 los avances logrados por el ITAIPBC, los cuales han culminado en mejoras de pol\u00edticas p\u00fablicas en materia de protecci\u00f3n de datos personales, Gobierno Abierto y Transparencia Proactiva, as\u00ed como Justicia Abierta.<\/p>\n<p>Atestiguaron la sesi\u00f3n el Pleno del INFOEM, encabezado por el Presidente, Comisionado Luis Gustavo Parra Noriega, quien es Coordinador de la Comisi\u00f3n de Vinculaci\u00f3n del SNT, la Comisionada del IDAIP Durango, Paulina Compean Torres, Coordinadora de la Comisi\u00f3n de Asuntos de Entidades Federativas y Municipios, del SNT, la Comisionada de la COTAI Nuevo Le\u00f3n, \u00c1ngeles Guzm\u00e1n Garc\u00eda, representantes de los Gobiernos Municipales y m\u00e1s de cien Sujetos Obligados y cibernautas que siguieron la transmisi\u00f3n por Internet, a trav\u00e9s de las redes sociales del ITAIPBC.<\/p>\n","protected":false},"excerpt":{"rendered":"<p>ITAIPBC CELEBRA SESI\u00d3N SOLEMNE POR 11\u00b0 ANIVERSARIO Con motivo del D\u00e9cimo Primer aniversario de la fundaci\u00f3n del Instituto de Transparencia, Acceso a la Informaci\u00f3n y Protecci\u00f3n de Datos Personales del Estado de Baja California (ITAIPBC), se llev\u00f3 a cabo Sesi\u00f3n Solemne, desarrollada por el Pleno de dicho ente, con el acompa\u00f1amiento de los tres poderes [&hellip;]<\/p>\n","protected":false},"author":8,"featured_media":7708,"comment_status":"closed","ping_status":"closed","sticky":false,"template":"","format":"standard","meta":{"footnotes":""},"categories":[1],"tags":[115,88,120,90],"class_list":["post-7704","post","type-post","status-publish","format-standard","has-post-thumbnail","hentry","category-noticias","tag-aniversario","tag-itaipbc","tag-sesion-solemne","tag-transparencia"],"yoast_head":"<!-- This site is optimized with the Yoast SEO plugin v26.5 - https:\/\/yoast.com\/wordpress\/plugins\/seo\/ -->\n<title>ITAIPBC CELEBRA SESI\u00d3N SOLEMNE POR 11\u00b0 ANIVERSARIO - ItaipBC<\/title>\n<meta name=\"robots\" content=\"index, follow, max-snippet:-1, max-image-preview:large, max-video-preview:-1\" \/>\n<link rel=\"canonical\" href=\"https:\/\/www.itaipbc.org.mx\/itaipBC-2019\/itaipbc-celebra-sesion-solemne-por-11-aniversario\/\" \/>\n<meta property=\"og:locale\" content=\"es_ES\" \/>\n<meta property=\"og:type\" content=\"article\" \/>\n<meta property=\"og:title\" content=\"ITAIPBC CELEBRA SESI\u00d3N SOLEMNE POR 11\u00b0 ANIVERSARIO - ItaipBC\" \/>\n<meta property=\"og:description\" content=\"ITAIPBC CELEBRA SESI\u00d3N SOLEMNE POR 11\u00b0 ANIVERSARIO Con motivo del D\u00e9cimo Primer aniversario de la fundaci\u00f3n del Instituto de Transparencia, Acceso a la Informaci\u00f3n y Protecci\u00f3n de Datos Personales del Estado de Baja California (ITAIPBC), se llev\u00f3 a cabo Sesi\u00f3n Solemne, desarrollada por el Pleno de dicho ente, con el acompa\u00f1amiento de los tres poderes [&hellip;]\" \/>\n<meta property=\"og:url\" content=\"https:\/\/www.itaipbc.org.mx\/itaipBC-2019\/itaipbc-celebra-sesion-solemne-por-11-aniversario\/\" \/>\n<meta property=\"og:site_name\" content=\"ItaipBC\" \/>\n<meta property=\"article:published_time\" content=\"2022-06-03T00:38:45+00:00\" \/>\n<meta property=\"article:modified_time\" content=\"2022-06-03T06:45:16+00:00\" \/>\n<meta property=\"og:image\" content=\"https:\/\/www.itaipbc.org.mx\/itaipBC-2019\/wp-content\/uploads\/2022\/06\/Sesion-Comunicado-2-1.jpg\" \/>\n\t<meta property=\"og:image:width\" content=\"565\" \/>\n\t<meta property=\"og:image:height\" content=\"327\" \/>\n\t<meta property=\"og:image:type\" content=\"image\/jpeg\" \/>\n<meta name=\"author\" content=\"Anahi Prescencion\" \/>\n<meta name=\"twitter:card\" content=\"summary_large_image\" \/>\n<meta name=\"twitter:label1\" content=\"Escrito por\" \/>\n\t<meta name=\"twitter:data1\" content=\"Anahi Prescencion\" \/>\n\t<meta name=\"twitter:label2\" content=\"Tiempo de lectura\" \/>\n\t<meta name=\"twitter:data2\" content=\"4 minutos\" \/>\n<script type=\"application\/ld+json\" class=\"yoast-schema-graph\">{\"@context\":\"https:\/\/schema.org\",\"@graph\":[{\"@type\":\"Article\",\"@id\":\"https:\/\/www.itaipbc.org.mx\/itaipBC-2019\/itaipbc-celebra-sesion-solemne-por-11-aniversario\/#article\",\"isPartOf\":{\"@id\":\"https:\/\/www.itaipbc.org.mx\/itaipBC-2019\/itaipbc-celebra-sesion-solemne-por-11-aniversario\/\"},\"author\":{\"name\":\"Anahi Prescencion\",\"@id\":\"https:\/\/www.itaipbc.org.mx\/itaipBC-2019\/#\/schema\/person\/fe0517b8be1919f7dd71c9d01a6cdb08\"},\"headline\":\"ITAIPBC CELEBRA SESI\u00d3N SOLEMNE POR 11\u00b0 ANIVERSARIO\",\"datePublished\":\"2022-06-03T00:38:45+00:00\",\"dateModified\":\"2022-06-03T06:45:16+00:00\",\"mainEntityOfPage\":{\"@id\":\"https:\/\/www.itaipbc.org.mx\/itaipBC-2019\/itaipbc-celebra-sesion-solemne-por-11-aniversario\/\"},\"wordCount\":827,\"publisher\":{\"@id\":\"https:\/\/www.itaipbc.org.mx\/itaipBC-2019\/#organization\"},\"image\":{\"@id\":\"https:\/\/www.itaipbc.org.mx\/itaipBC-2019\/itaipbc-celebra-sesion-solemne-por-11-aniversario\/#primaryimage\"},\"thumbnailUrl\":\"https:\/\/www.itaipbc.org.mx\/itaipBC-2019\/wp-content\/uploads\/2022\/06\/Sesion-Comunicado-2-1.jpg\",\"keywords\":[\"ANIVERSARIO\",\"ITAIPBC\",\"SESI\u00d3N SOLEMNE\",\"TRANSPARENCIA\"],\"articleSection\":[\"Noticias\"],\"inLanguage\":\"es\"},{\"@type\":\"WebPage\",\"@id\":\"https:\/\/www.itaipbc.org.mx\/itaipBC-2019\/itaipbc-celebra-sesion-solemne-por-11-aniversario\/\",\"url\":\"https:\/\/www.itaipbc.org.mx\/itaipBC-2019\/itaipbc-celebra-sesion-solemne-por-11-aniversario\/\",\"name\":\"ITAIPBC CELEBRA SESI\u00d3N SOLEMNE POR 11\u00b0 ANIVERSARIO - ItaipBC\",\"isPartOf\":{\"@id\":\"https:\/\/www.itaipbc.org.mx\/itaipBC-2019\/#website\"},\"primaryImageOfPage\":{\"@id\":\"https:\/\/www.itaipbc.org.mx\/itaipBC-2019\/itaipbc-celebra-sesion-solemne-por-11-aniversario\/#primaryimage\"},\"image\":{\"@id\":\"https:\/\/www.itaipbc.org.mx\/itaipBC-2019\/itaipbc-celebra-sesion-solemne-por-11-aniversario\/#primaryimage\"},\"thumbnailUrl\":\"https:\/\/www.itaipbc.org.mx\/itaipBC-2019\/wp-content\/uploads\/2022\/06\/Sesion-Comunicado-2-1.jpg\",\"datePublished\":\"2022-06-03T00:38:45+00:00\",\"dateModified\":\"2022-06-03T06:45:16+00:00\",\"breadcrumb\":{\"@id\":\"https:\/\/www.itaipbc.org.mx\/itaipBC-2019\/itaipbc-celebra-sesion-solemne-por-11-aniversario\/#breadcrumb\"},\"inLanguage\":\"es\",\"potentialAction\":[{\"@type\":\"ReadAction\",\"target\":[\"https:\/\/www.itaipbc.org.mx\/itaipBC-2019\/itaipbc-celebra-sesion-solemne-por-11-aniversario\/\"]}]},{\"@type\":\"ImageObject\",\"inLanguage\":\"es\",\"@id\":\"https:\/\/www.itaipbc.org.mx\/itaipBC-2019\/itaipbc-celebra-sesion-solemne-por-11-aniversario\/#primaryimage\",\"url\":\"https:\/\/www.itaipbc.org.mx\/itaipBC-2019\/wp-content\/uploads\/2022\/06\/Sesion-Comunicado-2-1.jpg\",\"contentUrl\":\"https:\/\/www.itaipbc.org.mx\/itaipBC-2019\/wp-content\/uploads\/2022\/06\/Sesion-Comunicado-2-1.jpg\",\"width\":565,\"height\":327},{\"@type\":\"BreadcrumbList\",\"@id\":\"https:\/\/www.itaipbc.org.mx\/itaipBC-2019\/itaipbc-celebra-sesion-solemne-por-11-aniversario\/#breadcrumb\",\"itemListElement\":[{\"@type\":\"ListItem\",\"position\":1,\"name\":\"Portada\",\"item\":\"https:\/\/www.itaipbc.org.mx\/itaipBC-2019\/\"},{\"@type\":\"ListItem\",\"position\":2,\"name\":\"ITAIPBC CELEBRA SESI\u00d3N SOLEMNE POR 11\u00b0 ANIVERSARIO\"}]},{\"@type\":\"WebSite\",\"@id\":\"https:\/\/www.itaipbc.org.mx\/itaipBC-2019\/#website\",\"url\":\"https:\/\/www.itaipbc.org.mx\/itaipBC-2019\/\",\"name\":\"ItaipBC\",\"description\":\"\",\"publisher\":{\"@id\":\"https:\/\/www.itaipbc.org.mx\/itaipBC-2019\/#organization\"},\"potentialAction\":[{\"@type\":\"SearchAction\",\"target\":{\"@type\":\"EntryPoint\",\"urlTemplate\":\"https:\/\/www.itaipbc.org.mx\/itaipBC-2019\/?s={search_term_string}\"},\"query-input\":{\"@type\":\"PropertyValueSpecification\",\"valueRequired\":true,\"valueName\":\"search_term_string\"}}],\"inLanguage\":\"es\"},{\"@type\":\"Organization\",\"@id\":\"https:\/\/www.itaipbc.org.mx\/itaipBC-2019\/#organization\",\"name\":\"Instituto de Transparencia Baja California\",\"url\":\"https:\/\/www.itaipbc.org.mx\/itaipBC-2019\/\",\"logo\":{\"@type\":\"ImageObject\",\"inLanguage\":\"es\",\"@id\":\"https:\/\/www.itaipbc.org.mx\/itaipBC-2019\/#\/schema\/logo\/image\/\",\"url\":\"http:\/\/www.itaipbc.org.mx\/itaipBC-2019\/wp-content\/uploads\/2020\/01\/ITAIPBC-Completo.png\",\"contentUrl\":\"http:\/\/www.itaipbc.org.mx\/itaipBC-2019\/wp-content\/uploads\/2020\/01\/ITAIPBC-Completo.png\",\"width\":750,\"height\":174,\"caption\":\"Instituto de Transparencia Baja California\"},\"image\":{\"@id\":\"https:\/\/www.itaipbc.org.mx\/itaipBC-2019\/#\/schema\/logo\/image\/\"}},{\"@type\":\"Person\",\"@id\":\"https:\/\/www.itaipbc.org.mx\/itaipBC-2019\/#\/schema\/person\/fe0517b8be1919f7dd71c9d01a6cdb08\",\"name\":\"Anahi Prescencion\",\"image\":{\"@type\":\"ImageObject\",\"inLanguage\":\"es\",\"@id\":\"https:\/\/www.itaipbc.org.mx\/itaipBC-2019\/#\/schema\/person\/image\/\",\"url\":\"https:\/\/secure.gravatar.com\/avatar\/2f6176908986880d9eb812e72116ebc8b491e070cabea8a491a62c7deac9b784?s=96&d=mm&r=g\",\"contentUrl\":\"https:\/\/secure.gravatar.com\/avatar\/2f6176908986880d9eb812e72116ebc8b491e070cabea8a491a62c7deac9b784?s=96&d=mm&r=g\",\"caption\":\"Anahi Prescencion\"},\"url\":\"https:\/\/www.itaipbc.org.mx\/itaipBC-2019\/author\/aimeemoran\/\"}]}<\/script>\n<!-- \/ Yoast SEO plugin. -->","yoast_head_json":{"title":"ITAIPBC CELEBRA SESI\u00d3N SOLEMNE POR 11\u00b0 ANIVERSARIO - ItaipBC","robots":{"index":"index","follow":"follow","max-snippet":"max-snippet:-1","max-image-preview":"max-image-preview:large","max-video-preview":"max-video-preview:-1"},"canonical":"https:\/\/www.itaipbc.org.mx\/itaipBC-2019\/itaipbc-celebra-sesion-solemne-por-11-aniversario\/","og_locale":"es_ES","og_type":"article","og_title":"ITAIPBC CELEBRA SESI\u00d3N SOLEMNE POR 11\u00b0 ANIVERSARIO - ItaipBC","og_description":"ITAIPBC CELEBRA SESI\u00d3N SOLEMNE POR 11\u00b0 ANIVERSARIO Con motivo del D\u00e9cimo Primer aniversario de la fundaci\u00f3n del Instituto de Transparencia, Acceso a la Informaci\u00f3n y Protecci\u00f3n de Datos Personales del Estado de Baja California (ITAIPBC), se llev\u00f3 a cabo Sesi\u00f3n Solemne, desarrollada por el Pleno de dicho ente, con el acompa\u00f1amiento de los tres poderes [&hellip;]","og_url":"https:\/\/www.itaipbc.org.mx\/itaipBC-2019\/itaipbc-celebra-sesion-solemne-por-11-aniversario\/","og_site_name":"ItaipBC","article_published_time":"2022-06-03T00:38:45+00:00","article_modified_time":"2022-06-03T06:45:16+00:00","og_image":[{"width":565,"height":327,"url":"https:\/\/www.itaipbc.org.mx\/itaipBC-2019\/wp-content\/uploads\/2022\/06\/Sesion-Comunicado-2-1.jpg","type":"image\/jpeg"}],"author":"Anahi Prescencion","twitter_card":"summary_large_image","twitter_misc":{"Escrito por":"Anahi Prescencion","Tiempo de lectura":"4 minutos"},"schema":{"@context":"https:\/\/schema.org","@graph":[{"@type":"Article","@id":"https:\/\/www.itaipbc.org.mx\/itaipBC-2019\/itaipbc-celebra-sesion-solemne-por-11-aniversario\/#article","isPartOf":{"@id":"https:\/\/www.itaipbc.org.mx\/itaipBC-2019\/itaipbc-celebra-sesion-solemne-por-11-aniversario\/"},"author":{"name":"Anahi Prescencion","@id":"https:\/\/www.itaipbc.org.mx\/itaipBC-2019\/#\/schema\/person\/fe0517b8be1919f7dd71c9d01a6cdb08"},"headline":"ITAIPBC CELEBRA SESI\u00d3N SOLEMNE POR 11\u00b0 ANIVERSARIO","datePublished":"2022-06-03T00:38:45+00:00","dateModified":"2022-06-03T06:45:16+00:00","mainEntityOfPage":{"@id":"https:\/\/www.itaipbc.org.mx\/itaipBC-2019\/itaipbc-celebra-sesion-solemne-por-11-aniversario\/"},"wordCount":827,"publisher":{"@id":"https:\/\/www.itaipbc.org.mx\/itaipBC-2019\/#organization"},"image":{"@id":"https:\/\/www.itaipbc.org.mx\/itaipBC-2019\/itaipbc-celebra-sesion-solemne-por-11-aniversario\/#primaryimage"},"thumbnailUrl":"https:\/\/www.itaipbc.org.mx\/itaipBC-2019\/wp-content\/uploads\/2022\/06\/Sesion-Comunicado-2-1.jpg","keywords":["ANIVERSARIO","ITAIPBC","SESI\u00d3N SOLEMNE","TRANSPARENCIA"],"articleSection":["Noticias"],"inLanguage":"es"},{"@type":"WebPage","@id":"https:\/\/www.itaipbc.org.mx\/itaipBC-2019\/itaipbc-celebra-sesion-solemne-por-11-aniversario\/","url":"https:\/\/www.itaipbc.org.mx\/itaipBC-2019\/itaipbc-celebra-sesion-solemne-por-11-aniversario\/","name":"ITAIPBC CELEBRA SESI\u00d3N SOLEMNE POR 11\u00b0 ANIVERSARIO - ItaipBC","isPartOf":{"@id":"https:\/\/www.itaipbc.org.mx\/itaipBC-2019\/#website"},"primaryImageOfPage":{"@id":"https:\/\/www.itaipbc.org.mx\/itaipBC-2019\/itaipbc-celebra-sesion-solemne-por-11-aniversario\/#primaryimage"},"image":{"@id":"https:\/\/www.itaipbc.org.mx\/itaipBC-2019\/itaipbc-celebra-sesion-solemne-por-11-aniversario\/#primaryimage"},"thumbnailUrl":"https:\/\/www.itaipbc.org.mx\/itaipBC-2019\/wp-content\/uploads\/2022\/06\/Sesion-Comunicado-2-1.jpg","datePublished":"2022-06-03T00:38:45+00:00","dateModified":"2022-06-03T06:45:16+00:00","breadcrumb":{"@id":"https:\/\/www.itaipbc.org.mx\/itaipBC-2019\/itaipbc-celebra-sesion-solemne-por-11-aniversario\/#breadcrumb"},"inLanguage":"es","potentialAction":[{"@type":"ReadAction","target":["https:\/\/www.itaipbc.org.mx\/itaipBC-2019\/itaipbc-celebra-sesion-solemne-por-11-aniversario\/"]}]},{"@type":"ImageObject","inLanguage":"es","@id":"https:\/\/www.itaipbc.org.mx\/itaipBC-2019\/itaipbc-celebra-sesion-solemne-por-11-aniversario\/#primaryimage","url":"https:\/\/www.itaipbc.org.mx\/itaipBC-2019\/wp-content\/uploads\/2022\/06\/Sesion-Comunicado-2-1.jpg","contentUrl":"https:\/\/www.itaipbc.org.mx\/itaipBC-2019\/wp-content\/uploads\/2022\/06\/Sesion-Comunicado-2-1.jpg","width":565,"height":327},{"@type":"BreadcrumbList","@id":"https:\/\/www.itaipbc.org.mx\/itaipBC-2019\/itaipbc-celebra-sesion-solemne-por-11-aniversario\/#breadcrumb","itemListElement":[{"@type":"ListItem","position":1,"name":"Portada","item":"https:\/\/www.itaipbc.org.mx\/itaipBC-2019\/"},{"@type":"ListItem","position":2,"name":"ITAIPBC CELEBRA SESI\u00d3N SOLEMNE POR 11\u00b0 ANIVERSARIO"}]},{"@type":"WebSite","@id":"https:\/\/www.itaipbc.org.mx\/itaipBC-2019\/#website","url":"https:\/\/www.itaipbc.org.mx\/itaipBC-2019\/","name":"ItaipBC","description":"","publisher":{"@id":"https:\/\/www.itaipbc.org.mx\/itaipBC-2019\/#organization"},"potentialAction":[{"@type":"SearchAction","target":{"@type":"EntryPoint","urlTemplate":"https:\/\/www.itaipbc.org.mx\/itaipBC-2019\/?s={search_term_string}"},"query-input":{"@type":"PropertyValueSpecification","valueRequired":true,"valueName":"search_term_string"}}],"inLanguage":"es"},{"@type":"Organization","@id":"https:\/\/www.itaipbc.org.mx\/itaipBC-2019\/#organization","name":"Instituto de Transparencia Baja California","url":"https:\/\/www.itaipbc.org.mx\/itaipBC-2019\/","logo":{"@type":"ImageObject","inLanguage":"es","@id":"https:\/\/www.itaipbc.org.mx\/itaipBC-2019\/#\/schema\/logo\/image\/","url":"http:\/\/www.itaipbc.org.mx\/itaipBC-2019\/wp-content\/uploads\/2020\/01\/ITAIPBC-Completo.png","contentUrl":"http:\/\/www.itaipbc.org.mx\/itaipBC-2019\/wp-content\/uploads\/2020\/01\/ITAIPBC-Completo.png","width":750,"height":174,"caption":"Instituto de Transparencia Baja California"},"image":{"@id":"https:\/\/www.itaipbc.org.mx\/itaipBC-2019\/#\/schema\/logo\/image\/"}},{"@type":"Person","@id":"https:\/\/www.itaipbc.org.mx\/itaipBC-2019\/#\/schema\/person\/fe0517b8be1919f7dd71c9d01a6cdb08","name":"Anahi Prescencion","image":{"@type":"ImageObject","inLanguage":"es","@id":"https:\/\/www.itaipbc.org.mx\/itaipBC-2019\/#\/schema\/person\/image\/","url":"https:\/\/secure.gravatar.com\/avatar\/2f6176908986880d9eb812e72116ebc8b491e070cabea8a491a62c7deac9b784?s=96&d=mm&r=g","contentUrl":"https:\/\/secure.gravatar.com\/avatar\/2f6176908986880d9eb812e72116ebc8b491e070cabea8a491a62c7deac9b784?s=96&d=mm&r=g","caption":"Anahi Prescencion"},"url":"https:\/\/www.itaipbc.org.mx\/itaipBC-2019\/author\/aimeemoran\/"}]}},"_links":{"self":[{"href":"https:\/\/www.itaipbc.org.mx\/itaipBC-2019\/wp-json\/wp\/v2\/posts\/7704","targetHints":{"allow":["GET"]}}],"collection":[{"href":"https:\/\/www.itaipbc.org.mx\/itaipBC-2019\/wp-json\/wp\/v2\/posts"}],"about":[{"href":"https:\/\/www.itaipbc.org.mx\/itaipBC-2019\/wp-json\/wp\/v2\/types\/post"}],"author":[{"embeddable":true,"href":"https:\/\/www.itaipbc.org.mx\/itaipBC-2019\/wp-json\/wp\/v2\/users\/8"}],"replies":[{"embeddable":true,"href":"https:\/\/www.itaipbc.org.mx\/itaipBC-2019\/wp-json\/wp\/v2\/comments?post=7704"}],"version-history":[{"count":0,"href":"https:\/\/www.itaipbc.org.mx\/itaipBC-2019\/wp-json\/wp\/v2\/posts\/7704\/revisions"}],"wp:featuredmedia":[{"embeddable":true,"href":"https:\/\/www.itaipbc.org.mx\/itaipBC-2019\/wp-json\/wp\/v2\/media\/7708"}],"wp:attachment":[{"href":"https:\/\/www.itaipbc.org.mx\/itaipBC-2019\/wp-json\/wp\/v2\/media?parent=7704"}],"wp:term":[{"taxonomy":"category","embeddable":true,"href":"https:\/\/www.itaipbc.org.mx\/itaipBC-2019\/wp-json\/wp\/v2\/categories?post=7704"},{"taxonomy":"post_tag","embeddable":true,"href":"https:\/\/www.itaipbc.org.mx\/itaipBC-2019\/wp-json\/wp\/v2\/tags?post=7704"}],"curies":[{"name":"wp","href":"https:\/\/api.w.org\/{rel}","templated":true}]}}