{"id":7682,"date":"2022-05-31T00:25:11","date_gmt":"2022-05-31T07:25:11","guid":{"rendered":"http:\/\/www.itaipbc.org.mx\/itaipBC-2019\/?p=7682"},"modified":"2022-05-31T09:25:11","modified_gmt":"2022-05-31T16:25:11","slug":"concluye-diplomado-en-proteccion-de-datos-personales","status":"publish","type":"post","link":"https:\/\/www.itaipbc.org.mx\/itaipBC-2019\/concluye-diplomado-en-proteccion-de-datos-personales\/","title":{"rendered":"CONCLUYE DIPLOMADO EN PROTECCI\u00d3N DE DATOS PERSONALES"},"content":{"rendered":"<p><img loading=\"lazy\" decoding=\"async\" class=\"alignnone size-full wp-image-7683\" src=\"http:\/\/www.itaipbc.org.mx\/itaipBC-2019\/wp-content\/uploads\/2022\/05\/Diplomado-en-PDP.jpg\" alt=\"\" width=\"421\" height=\"247\" \/><\/p>\n<p>CONCLUYE DIPLOMADO EN PROTECCI\u00d3N DE DATOS PERSONALES<\/p>\n<p>El Instituto de Transparencia, Acceso a la Informaci\u00f3n P\u00fablica y Protecci\u00f3n de Datos Personales del Estado de Baja California (ITAIPBC), en coordinaci\u00f3n con la Facultad de Derecho de la Universidad Aut\u00f3noma de Baja California (UABC), campus Mexicali, llevaron a cabo la ceremonia de clausura del Diplomado en Protecci\u00f3n de Datos Personales.<\/p>\n<p>El objetivo de la formaci\u00f3n acad\u00e9mica fue analizar, principalmente, los conceptos b\u00e1sicos del derecho humano a la protecci\u00f3n de datos personales, as\u00ed como los principios y deberes de su tratamiento, a partir de una perspectiva regulatoria que permita un uso adecuado de los datos personales en el desempe\u00f1o de sus funciones, de acuerdo a lo que establece la Ley de la materia.<\/p>\n<p>Durante su mensaje, el Comisionado Presidente del ITAIPBC, Jes\u00fas Alberto Sandoval Franco, expres\u00f3 el benepl\u00e1cito del \u00d3rgano Garante por haberse materializado un segundo diplomado en forma conjunta, tras de que tambi\u00e9n exitosamente llevaron a cabo el de materia de archivos y gesti\u00f3n documental.<\/p>\n<p>Manifest\u00f3 que la oferta acad\u00e9mica realizada por ambas instituciones materializa la voluntad plasmada en el convenio firmado anteriormente, el cual sigue brindando frutos que benefician no solo a ambas entidades aut\u00f3nomas, sino tambi\u00e9n a la poblaci\u00f3n bajacaliforniana, existiendo actualmente en la agenda actividades de coparticipaci\u00f3n tanto en proceso como en proyecci\u00f3n en el corto plazo.<\/p>\n<p>Por su parte, la Comisionada del \u00d3rgano Garante y Secretar\u00eda de la Comisi\u00f3n de Protecci\u00f3n de Datos Personales del Sistema Nacional de Transparencia, Denise G\u00f3mez, resalt\u00f3 la importancia de que los Sujetos Obligados den el debido tratamiento a los datos sensibles de las personas.<\/p>\n<p>Adem\u00e1s, detall\u00f3 que, el diplomado reci\u00e9n concluido, estuvo dirigido a servidoras y servidores p\u00fablicos que tienen en su poder el tratamiento de datos personales, habiendo tenido una duraci\u00f3n de 160 horas, distribuidas a lo largo de siete meses, constando de 10 m\u00f3dulos que fueron impartidos por Comisionadas y Comisionados integrantes del Sistema Nacional de Transparencia, quienes aportaron sus conocimientos en la materia.<\/p>\n<p>En la clase final del curso, el Comisionado Presidente del Instituto de Transparencia, Acceso a la Informaci\u00f3n P\u00fablica, Protecci\u00f3n de Datos Personales y Rendici\u00f3n de Cuentas de la Ciudad de M\u00e9xico, Ar\u00edstides Rodrigo Guerrero Garc\u00eda, brind\u00f3 una conferencia y, posteriormente, se les entregaron sus diplomas a las y los alumnos graduados.<\/p>\n<p>Atestiguaron el acto, la Directora de la Facultad de Derecho de la Universidad Aut\u00f3noma de Baja California, (UABC), campus Tijuana, Laura Alicia Camarillo Govea, la Secretaria de Transparencia de la UABC, Karina C\u00e1rdenas Rodr\u00edguez y la responsable de Educaci\u00f3n Continua en Tijuana, Michell \u00c1lvarez, as\u00ed como servidoras y servidores p\u00fablicos pertenecientes a Sujetos Obligados de diversos estados del pa\u00eds y de Baja California.<\/p>\n","protected":false},"excerpt":{"rendered":"<p>CONCLUYE DIPLOMADO EN PROTECCI\u00d3N DE DATOS PERSONALES El Instituto de Transparencia, Acceso a la Informaci\u00f3n P\u00fablica y Protecci\u00f3n de Datos Personales del Estado de Baja California (ITAIPBC), en coordinaci\u00f3n con la Facultad de Derecho de la Universidad Aut\u00f3noma de Baja California (UABC), campus Mexicali, llevaron a cabo la ceremonia de clausura del Diplomado en Protecci\u00f3n [&hellip;]<\/p>\n","protected":false},"author":8,"featured_media":7685,"comment_status":"closed","ping_status":"closed","sticky":false,"template":"","format":"standard","meta":{"footnotes":""},"categories":[1],"tags":[116,119,88],"class_list":["post-7682","post","type-post","status-publish","format-standard","has-post-thumbnail","hentry","category-noticias","tag-datos","tag-diplomado","tag-itaipbc"],"yoast_head":"<!-- This site is optimized with the Yoast SEO plugin v26.5 - https:\/\/yoast.com\/wordpress\/plugins\/seo\/ -->\n<title>CONCLUYE DIPLOMADO EN PROTECCI\u00d3N DE DATOS PERSONALES - ItaipBC<\/title>\n<meta name=\"robots\" content=\"index, follow, max-snippet:-1, max-image-preview:large, max-video-preview:-1\" \/>\n<link rel=\"canonical\" href=\"https:\/\/www.itaipbc.org.mx\/itaipBC-2019\/concluye-diplomado-en-proteccion-de-datos-personales\/\" \/>\n<meta property=\"og:locale\" content=\"es_ES\" \/>\n<meta property=\"og:type\" content=\"article\" \/>\n<meta property=\"og:title\" content=\"CONCLUYE DIPLOMADO EN PROTECCI\u00d3N DE DATOS PERSONALES - ItaipBC\" \/>\n<meta property=\"og:description\" content=\"CONCLUYE DIPLOMADO EN PROTECCI\u00d3N DE DATOS PERSONALES El Instituto de Transparencia, Acceso a la Informaci\u00f3n P\u00fablica y Protecci\u00f3n de Datos Personales del Estado de Baja California (ITAIPBC), en coordinaci\u00f3n con la Facultad de Derecho de la Universidad Aut\u00f3noma de Baja California (UABC), campus Mexicali, llevaron a cabo la ceremonia de clausura del Diplomado en Protecci\u00f3n [&hellip;]\" \/>\n<meta property=\"og:url\" content=\"https:\/\/www.itaipbc.org.mx\/itaipBC-2019\/concluye-diplomado-en-proteccion-de-datos-personales\/\" \/>\n<meta property=\"og:site_name\" content=\"ItaipBC\" \/>\n<meta property=\"article:published_time\" content=\"2022-05-31T07:25:11+00:00\" \/>\n<meta property=\"article:modified_time\" content=\"2022-05-31T16:25:11+00:00\" \/>\n<meta property=\"og:image\" content=\"https:\/\/www.itaipbc.org.mx\/itaipBC-2019\/wp-content\/uploads\/2022\/05\/Diplomado-en-PDP-1.jpg\" \/>\n\t<meta property=\"og:image:width\" content=\"421\" \/>\n\t<meta property=\"og:image:height\" content=\"247\" \/>\n\t<meta property=\"og:image:type\" content=\"image\/jpeg\" \/>\n<meta name=\"author\" content=\"Anahi Prescencion\" \/>\n<meta name=\"twitter:card\" content=\"summary_large_image\" \/>\n<meta name=\"twitter:label1\" content=\"Escrito por\" \/>\n\t<meta name=\"twitter:data1\" content=\"Anahi Prescencion\" \/>\n\t<meta name=\"twitter:label2\" content=\"Tiempo de lectura\" \/>\n\t<meta name=\"twitter:data2\" content=\"2 minutos\" \/>\n<script type=\"application\/ld+json\" class=\"yoast-schema-graph\">{\"@context\":\"https:\/\/schema.org\",\"@graph\":[{\"@type\":\"Article\",\"@id\":\"https:\/\/www.itaipbc.org.mx\/itaipBC-2019\/concluye-diplomado-en-proteccion-de-datos-personales\/#article\",\"isPartOf\":{\"@id\":\"https:\/\/www.itaipbc.org.mx\/itaipBC-2019\/concluye-diplomado-en-proteccion-de-datos-personales\/\"},\"author\":{\"name\":\"Anahi Prescencion\",\"@id\":\"https:\/\/www.itaipbc.org.mx\/itaipBC-2019\/#\/schema\/person\/fe0517b8be1919f7dd71c9d01a6cdb08\"},\"headline\":\"CONCLUYE DIPLOMADO EN PROTECCI\u00d3N DE DATOS PERSONALES\",\"datePublished\":\"2022-05-31T07:25:11+00:00\",\"dateModified\":\"2022-05-31T16:25:11+00:00\",\"mainEntityOfPage\":{\"@id\":\"https:\/\/www.itaipbc.org.mx\/itaipBC-2019\/concluye-diplomado-en-proteccion-de-datos-personales\/\"},\"wordCount\":488,\"publisher\":{\"@id\":\"https:\/\/www.itaipbc.org.mx\/itaipBC-2019\/#organization\"},\"image\":{\"@id\":\"https:\/\/www.itaipbc.org.mx\/itaipBC-2019\/concluye-diplomado-en-proteccion-de-datos-personales\/#primaryimage\"},\"thumbnailUrl\":\"https:\/\/www.itaipbc.org.mx\/itaipBC-2019\/wp-content\/uploads\/2022\/05\/Diplomado-en-PDP-1.jpg\",\"keywords\":[\"DATOS\",\"DIPLOMADO\",\"ITAIPBC\"],\"articleSection\":[\"Noticias\"],\"inLanguage\":\"es\"},{\"@type\":\"WebPage\",\"@id\":\"https:\/\/www.itaipbc.org.mx\/itaipBC-2019\/concluye-diplomado-en-proteccion-de-datos-personales\/\",\"url\":\"https:\/\/www.itaipbc.org.mx\/itaipBC-2019\/concluye-diplomado-en-proteccion-de-datos-personales\/\",\"name\":\"CONCLUYE DIPLOMADO EN PROTECCI\u00d3N DE DATOS PERSONALES - ItaipBC\",\"isPartOf\":{\"@id\":\"https:\/\/www.itaipbc.org.mx\/itaipBC-2019\/#website\"},\"primaryImageOfPage\":{\"@id\":\"https:\/\/www.itaipbc.org.mx\/itaipBC-2019\/concluye-diplomado-en-proteccion-de-datos-personales\/#primaryimage\"},\"image\":{\"@id\":\"https:\/\/www.itaipbc.org.mx\/itaipBC-2019\/concluye-diplomado-en-proteccion-de-datos-personales\/#primaryimage\"},\"thumbnailUrl\":\"https:\/\/www.itaipbc.org.mx\/itaipBC-2019\/wp-content\/uploads\/2022\/05\/Diplomado-en-PDP-1.jpg\",\"datePublished\":\"2022-05-31T07:25:11+00:00\",\"dateModified\":\"2022-05-31T16:25:11+00:00\",\"breadcrumb\":{\"@id\":\"https:\/\/www.itaipbc.org.mx\/itaipBC-2019\/concluye-diplomado-en-proteccion-de-datos-personales\/#breadcrumb\"},\"inLanguage\":\"es\",\"potentialAction\":[{\"@type\":\"ReadAction\",\"target\":[\"https:\/\/www.itaipbc.org.mx\/itaipBC-2019\/concluye-diplomado-en-proteccion-de-datos-personales\/\"]}]},{\"@type\":\"ImageObject\",\"inLanguage\":\"es\",\"@id\":\"https:\/\/www.itaipbc.org.mx\/itaipBC-2019\/concluye-diplomado-en-proteccion-de-datos-personales\/#primaryimage\",\"url\":\"https:\/\/www.itaipbc.org.mx\/itaipBC-2019\/wp-content\/uploads\/2022\/05\/Diplomado-en-PDP-1.jpg\",\"contentUrl\":\"https:\/\/www.itaipbc.org.mx\/itaipBC-2019\/wp-content\/uploads\/2022\/05\/Diplomado-en-PDP-1.jpg\",\"width\":421,\"height\":247},{\"@type\":\"BreadcrumbList\",\"@id\":\"https:\/\/www.itaipbc.org.mx\/itaipBC-2019\/concluye-diplomado-en-proteccion-de-datos-personales\/#breadcrumb\",\"itemListElement\":[{\"@type\":\"ListItem\",\"position\":1,\"name\":\"Portada\",\"item\":\"https:\/\/www.itaipbc.org.mx\/itaipBC-2019\/\"},{\"@type\":\"ListItem\",\"position\":2,\"name\":\"CONCLUYE DIPLOMADO EN PROTECCI\u00d3N DE DATOS PERSONALES\"}]},{\"@type\":\"WebSite\",\"@id\":\"https:\/\/www.itaipbc.org.mx\/itaipBC-2019\/#website\",\"url\":\"https:\/\/www.itaipbc.org.mx\/itaipBC-2019\/\",\"name\":\"ItaipBC\",\"description\":\"\",\"publisher\":{\"@id\":\"https:\/\/www.itaipbc.org.mx\/itaipBC-2019\/#organization\"},\"potentialAction\":[{\"@type\":\"SearchAction\",\"target\":{\"@type\":\"EntryPoint\",\"urlTemplate\":\"https:\/\/www.itaipbc.org.mx\/itaipBC-2019\/?s={search_term_string}\"},\"query-input\":{\"@type\":\"PropertyValueSpecification\",\"valueRequired\":true,\"valueName\":\"search_term_string\"}}],\"inLanguage\":\"es\"},{\"@type\":\"Organization\",\"@id\":\"https:\/\/www.itaipbc.org.mx\/itaipBC-2019\/#organization\",\"name\":\"Instituto de Transparencia Baja California\",\"url\":\"https:\/\/www.itaipbc.org.mx\/itaipBC-2019\/\",\"logo\":{\"@type\":\"ImageObject\",\"inLanguage\":\"es\",\"@id\":\"https:\/\/www.itaipbc.org.mx\/itaipBC-2019\/#\/schema\/logo\/image\/\",\"url\":\"http:\/\/www.itaipbc.org.mx\/itaipBC-2019\/wp-content\/uploads\/2020\/01\/ITAIPBC-Completo.png\",\"contentUrl\":\"http:\/\/www.itaipbc.org.mx\/itaipBC-2019\/wp-content\/uploads\/2020\/01\/ITAIPBC-Completo.png\",\"width\":750,\"height\":174,\"caption\":\"Instituto de Transparencia Baja California\"},\"image\":{\"@id\":\"https:\/\/www.itaipbc.org.mx\/itaipBC-2019\/#\/schema\/logo\/image\/\"}},{\"@type\":\"Person\",\"@id\":\"https:\/\/www.itaipbc.org.mx\/itaipBC-2019\/#\/schema\/person\/fe0517b8be1919f7dd71c9d01a6cdb08\",\"name\":\"Anahi Prescencion\",\"image\":{\"@type\":\"ImageObject\",\"inLanguage\":\"es\",\"@id\":\"https:\/\/www.itaipbc.org.mx\/itaipBC-2019\/#\/schema\/person\/image\/\",\"url\":\"https:\/\/secure.gravatar.com\/avatar\/2f6176908986880d9eb812e72116ebc8b491e070cabea8a491a62c7deac9b784?s=96&d=mm&r=g\",\"contentUrl\":\"https:\/\/secure.gravatar.com\/avatar\/2f6176908986880d9eb812e72116ebc8b491e070cabea8a491a62c7deac9b784?s=96&d=mm&r=g\",\"caption\":\"Anahi Prescencion\"},\"url\":\"https:\/\/www.itaipbc.org.mx\/itaipBC-2019\/author\/aimeemoran\/\"}]}<\/script>\n<!-- \/ Yoast SEO plugin. -->","yoast_head_json":{"title":"CONCLUYE DIPLOMADO EN PROTECCI\u00d3N DE DATOS PERSONALES - ItaipBC","robots":{"index":"index","follow":"follow","max-snippet":"max-snippet:-1","max-image-preview":"max-image-preview:large","max-video-preview":"max-video-preview:-1"},"canonical":"https:\/\/www.itaipbc.org.mx\/itaipBC-2019\/concluye-diplomado-en-proteccion-de-datos-personales\/","og_locale":"es_ES","og_type":"article","og_title":"CONCLUYE DIPLOMADO EN PROTECCI\u00d3N DE DATOS PERSONALES - ItaipBC","og_description":"CONCLUYE DIPLOMADO EN PROTECCI\u00d3N DE DATOS PERSONALES El Instituto de Transparencia, Acceso a la Informaci\u00f3n P\u00fablica y Protecci\u00f3n de Datos Personales del Estado de Baja California (ITAIPBC), en coordinaci\u00f3n con la Facultad de Derecho de la Universidad Aut\u00f3noma de Baja California (UABC), campus Mexicali, llevaron a cabo la ceremonia de clausura del Diplomado en Protecci\u00f3n [&hellip;]","og_url":"https:\/\/www.itaipbc.org.mx\/itaipBC-2019\/concluye-diplomado-en-proteccion-de-datos-personales\/","og_site_name":"ItaipBC","article_published_time":"2022-05-31T07:25:11+00:00","article_modified_time":"2022-05-31T16:25:11+00:00","og_image":[{"width":421,"height":247,"url":"https:\/\/www.itaipbc.org.mx\/itaipBC-2019\/wp-content\/uploads\/2022\/05\/Diplomado-en-PDP-1.jpg","type":"image\/jpeg"}],"author":"Anahi Prescencion","twitter_card":"summary_large_image","twitter_misc":{"Escrito por":"Anahi Prescencion","Tiempo de lectura":"2 minutos"},"schema":{"@context":"https:\/\/schema.org","@graph":[{"@type":"Article","@id":"https:\/\/www.itaipbc.org.mx\/itaipBC-2019\/concluye-diplomado-en-proteccion-de-datos-personales\/#article","isPartOf":{"@id":"https:\/\/www.itaipbc.org.mx\/itaipBC-2019\/concluye-diplomado-en-proteccion-de-datos-personales\/"},"author":{"name":"Anahi Prescencion","@id":"https:\/\/www.itaipbc.org.mx\/itaipBC-2019\/#\/schema\/person\/fe0517b8be1919f7dd71c9d01a6cdb08"},"headline":"CONCLUYE DIPLOMADO EN PROTECCI\u00d3N DE DATOS PERSONALES","datePublished":"2022-05-31T07:25:11+00:00","dateModified":"2022-05-31T16:25:11+00:00","mainEntityOfPage":{"@id":"https:\/\/www.itaipbc.org.mx\/itaipBC-2019\/concluye-diplomado-en-proteccion-de-datos-personales\/"},"wordCount":488,"publisher":{"@id":"https:\/\/www.itaipbc.org.mx\/itaipBC-2019\/#organization"},"image":{"@id":"https:\/\/www.itaipbc.org.mx\/itaipBC-2019\/concluye-diplomado-en-proteccion-de-datos-personales\/#primaryimage"},"thumbnailUrl":"https:\/\/www.itaipbc.org.mx\/itaipBC-2019\/wp-content\/uploads\/2022\/05\/Diplomado-en-PDP-1.jpg","keywords":["DATOS","DIPLOMADO","ITAIPBC"],"articleSection":["Noticias"],"inLanguage":"es"},{"@type":"WebPage","@id":"https:\/\/www.itaipbc.org.mx\/itaipBC-2019\/concluye-diplomado-en-proteccion-de-datos-personales\/","url":"https:\/\/www.itaipbc.org.mx\/itaipBC-2019\/concluye-diplomado-en-proteccion-de-datos-personales\/","name":"CONCLUYE DIPLOMADO EN PROTECCI\u00d3N DE DATOS PERSONALES - ItaipBC","isPartOf":{"@id":"https:\/\/www.itaipbc.org.mx\/itaipBC-2019\/#website"},"primaryImageOfPage":{"@id":"https:\/\/www.itaipbc.org.mx\/itaipBC-2019\/concluye-diplomado-en-proteccion-de-datos-personales\/#primaryimage"},"image":{"@id":"https:\/\/www.itaipbc.org.mx\/itaipBC-2019\/concluye-diplomado-en-proteccion-de-datos-personales\/#primaryimage"},"thumbnailUrl":"https:\/\/www.itaipbc.org.mx\/itaipBC-2019\/wp-content\/uploads\/2022\/05\/Diplomado-en-PDP-1.jpg","datePublished":"2022-05-31T07:25:11+00:00","dateModified":"2022-05-31T16:25:11+00:00","breadcrumb":{"@id":"https:\/\/www.itaipbc.org.mx\/itaipBC-2019\/concluye-diplomado-en-proteccion-de-datos-personales\/#breadcrumb"},"inLanguage":"es","potentialAction":[{"@type":"ReadAction","target":["https:\/\/www.itaipbc.org.mx\/itaipBC-2019\/concluye-diplomado-en-proteccion-de-datos-personales\/"]}]},{"@type":"ImageObject","inLanguage":"es","@id":"https:\/\/www.itaipbc.org.mx\/itaipBC-2019\/concluye-diplomado-en-proteccion-de-datos-personales\/#primaryimage","url":"https:\/\/www.itaipbc.org.mx\/itaipBC-2019\/wp-content\/uploads\/2022\/05\/Diplomado-en-PDP-1.jpg","contentUrl":"https:\/\/www.itaipbc.org.mx\/itaipBC-2019\/wp-content\/uploads\/2022\/05\/Diplomado-en-PDP-1.jpg","width":421,"height":247},{"@type":"BreadcrumbList","@id":"https:\/\/www.itaipbc.org.mx\/itaipBC-2019\/concluye-diplomado-en-proteccion-de-datos-personales\/#breadcrumb","itemListElement":[{"@type":"ListItem","position":1,"name":"Portada","item":"https:\/\/www.itaipbc.org.mx\/itaipBC-2019\/"},{"@type":"ListItem","position":2,"name":"CONCLUYE DIPLOMADO EN PROTECCI\u00d3N DE DATOS PERSONALES"}]},{"@type":"WebSite","@id":"https:\/\/www.itaipbc.org.mx\/itaipBC-2019\/#website","url":"https:\/\/www.itaipbc.org.mx\/itaipBC-2019\/","name":"ItaipBC","description":"","publisher":{"@id":"https:\/\/www.itaipbc.org.mx\/itaipBC-2019\/#organization"},"potentialAction":[{"@type":"SearchAction","target":{"@type":"EntryPoint","urlTemplate":"https:\/\/www.itaipbc.org.mx\/itaipBC-2019\/?s={search_term_string}"},"query-input":{"@type":"PropertyValueSpecification","valueRequired":true,"valueName":"search_term_string"}}],"inLanguage":"es"},{"@type":"Organization","@id":"https:\/\/www.itaipbc.org.mx\/itaipBC-2019\/#organization","name":"Instituto de Transparencia Baja California","url":"https:\/\/www.itaipbc.org.mx\/itaipBC-2019\/","logo":{"@type":"ImageObject","inLanguage":"es","@id":"https:\/\/www.itaipbc.org.mx\/itaipBC-2019\/#\/schema\/logo\/image\/","url":"http:\/\/www.itaipbc.org.mx\/itaipBC-2019\/wp-content\/uploads\/2020\/01\/ITAIPBC-Completo.png","contentUrl":"http:\/\/www.itaipbc.org.mx\/itaipBC-2019\/wp-content\/uploads\/2020\/01\/ITAIPBC-Completo.png","width":750,"height":174,"caption":"Instituto de Transparencia Baja California"},"image":{"@id":"https:\/\/www.itaipbc.org.mx\/itaipBC-2019\/#\/schema\/logo\/image\/"}},{"@type":"Person","@id":"https:\/\/www.itaipbc.org.mx\/itaipBC-2019\/#\/schema\/person\/fe0517b8be1919f7dd71c9d01a6cdb08","name":"Anahi Prescencion","image":{"@type":"ImageObject","inLanguage":"es","@id":"https:\/\/www.itaipbc.org.mx\/itaipBC-2019\/#\/schema\/person\/image\/","url":"https:\/\/secure.gravatar.com\/avatar\/2f6176908986880d9eb812e72116ebc8b491e070cabea8a491a62c7deac9b784?s=96&d=mm&r=g","contentUrl":"https:\/\/secure.gravatar.com\/avatar\/2f6176908986880d9eb812e72116ebc8b491e070cabea8a491a62c7deac9b784?s=96&d=mm&r=g","caption":"Anahi Prescencion"},"url":"https:\/\/www.itaipbc.org.mx\/itaipBC-2019\/author\/aimeemoran\/"}]}},"_links":{"self":[{"href":"https:\/\/www.itaipbc.org.mx\/itaipBC-2019\/wp-json\/wp\/v2\/posts\/7682","targetHints":{"allow":["GET"]}}],"collection":[{"href":"https:\/\/www.itaipbc.org.mx\/itaipBC-2019\/wp-json\/wp\/v2\/posts"}],"about":[{"href":"https:\/\/www.itaipbc.org.mx\/itaipBC-2019\/wp-json\/wp\/v2\/types\/post"}],"author":[{"embeddable":true,"href":"https:\/\/www.itaipbc.org.mx\/itaipBC-2019\/wp-json\/wp\/v2\/users\/8"}],"replies":[{"embeddable":true,"href":"https:\/\/www.itaipbc.org.mx\/itaipBC-2019\/wp-json\/wp\/v2\/comments?post=7682"}],"version-history":[{"count":0,"href":"https:\/\/www.itaipbc.org.mx\/itaipBC-2019\/wp-json\/wp\/v2\/posts\/7682\/revisions"}],"wp:featuredmedia":[{"embeddable":true,"href":"https:\/\/www.itaipbc.org.mx\/itaipBC-2019\/wp-json\/wp\/v2\/media\/7685"}],"wp:attachment":[{"href":"https:\/\/www.itaipbc.org.mx\/itaipBC-2019\/wp-json\/wp\/v2\/media?parent=7682"}],"wp:term":[{"taxonomy":"category","embeddable":true,"href":"https:\/\/www.itaipbc.org.mx\/itaipBC-2019\/wp-json\/wp\/v2\/categories?post=7682"},{"taxonomy":"post_tag","embeddable":true,"href":"https:\/\/www.itaipbc.org.mx\/itaipBC-2019\/wp-json\/wp\/v2\/tags?post=7682"}],"curies":[{"name":"wp","href":"https:\/\/api.w.org\/{rel}","templated":true}]}}