{"id":7646,"date":"2022-05-20T23:39:00","date_gmt":"2022-05-21T06:39:00","guid":{"rendered":"http:\/\/www.itaipbc.org.mx\/itaipBC-2019\/?p=7646"},"modified":"2022-05-24T23:44:44","modified_gmt":"2022-05-25T06:44:44","slug":"itaipbc-celebrara-11-aniversario-de-trabajar-por-la-transparencia","status":"publish","type":"post","link":"https:\/\/www.itaipbc.org.mx\/itaipBC-2019\/itaipbc-celebrara-11-aniversario-de-trabajar-por-la-transparencia\/","title":{"rendered":"ITAIPBC CELEBRAR\u00c1 11\u00b0 ANIVERSARIO DE TRABAJAR POR LA TRANSPARENCIA"},"content":{"rendered":"<p><img loading=\"lazy\" decoding=\"async\" class=\"alignnone size-medium wp-image-7648\" src=\"http:\/\/www.itaipbc.org.mx\/itaipBC-2019\/wp-content\/uploads\/2022\/05\/ALBERTO-sANDOVAL-3-1-450x325.jpg\" alt=\"\" width=\"450\" height=\"325\" srcset=\"https:\/\/www.itaipbc.org.mx\/itaipBC-2019\/wp-content\/uploads\/2022\/05\/ALBERTO-sANDOVAL-3-1-450x325.jpg 450w, https:\/\/www.itaipbc.org.mx\/itaipBC-2019\/wp-content\/uploads\/2022\/05\/ALBERTO-sANDOVAL-3-1-1024x740.jpg 1024w, https:\/\/www.itaipbc.org.mx\/itaipBC-2019\/wp-content\/uploads\/2022\/05\/ALBERTO-sANDOVAL-3-1-768x555.jpg 768w, https:\/\/www.itaipbc.org.mx\/itaipBC-2019\/wp-content\/uploads\/2022\/05\/ALBERTO-sANDOVAL-3-1.jpg 1098w\" sizes=\"auto, (max-width: 450px) 100vw, 450px\" \/><\/p>\n<p><strong>IT<\/strong><strong>AIPBC CELEBRAR\u00c1 11\u00b0 ANIVERSARIO DE TRABAJAR POR LA TRANSPARENCIA<\/strong><\/p>\n<p><strong>Mexicali, Baja California. \u2013<\/strong> En el marco del onceavo aniversario del Instituto de Transparencia, Acceso a la Informaci\u00f3n P\u00fablica y Protecci\u00f3n de Datos Personales (ITAIPBC), el Pleno del \u00d3rgano Garante, llevar\u00e1 a cabo m\u00faltiples actividades para celebrarlo.<\/p>\n<p>En conferencia ante medios de comunicaci\u00f3n, el Comisionado Presidente del ITAIPBC, Alberto Sandoval, coment\u00f3 que, entre mayo y junio del a\u00f1o en curso, se llevar\u00e1n a cabo eventos con el tema de transparencia, acceso a la informaci\u00f3n y protecci\u00f3n de datos personales.<\/p>\n<p>Los eventos iniciar\u00e1n con la instalaci\u00f3n de la Red Estatal de Datos Abiertos (REDA), que tiene como objetivo transparentar la obra p\u00fablica, mediante el monitoreo de inversi\u00f3n gubernamental, a trav\u00e9s de la vigilancia de la sociedad. El evento de m\u00e9rito se llevar\u00e1 a cabo el viernes 20 de mayo a las 12:00 horas, teniendo como sede la Sala de Lectura de la Universidad Aut\u00f3noma de Baja California.<\/p>\n<p>De igual forma, se realizar\u00e1 la Novena Sesi\u00f3n Ordinaria de la Red Local de Socializaci\u00f3n del Plan DAI en Baja California, en la que se impulsar\u00e1 la implementaci\u00f3n de las jornadas que se llevan a cabo para dar a conocer el derecho de acceso a la informaci\u00f3n.<\/p>\n<p>Asimismo, el Pleno del Instituto llevar\u00e1 a cabo Sesi\u00f3n Solemne para celebrar la fundaci\u00f3n del \u00d3rgano Garante bajacaliforniano, el mi\u00e9rcoles 01 de junio a las 12:00 horas, evento que se podr\u00e1 seguir a trav\u00e9s de las redes sociales.<\/p>\n<p>Por otra parte, el 6 de junio, se impartir\u00e1 una Conferencia Magistral a cargo del Comisionado del INAI, Adri\u00e1n Alcal\u00e1, con sede en la Universidad Xochicalco, campus Mexicali, donde adem\u00e1s se firmar\u00e1 un convenio de colaboraci\u00f3n con dicha instituci\u00f3n educativa.<\/p>\n<p>Por otra parte, el mismo d\u00eda, el Pleno del Instituto signar\u00e1 otro convenio de colaboraci\u00f3n, en ese caso, con la Facultad de Derecho de la Universidad Aut\u00f3noma de Baja California, campus Mexicali, ambos eventos ser\u00e1n transmitidos por redes sociales.<\/p>\n<p>Adem\u00e1s, coment\u00f3 que el 08 de junio, se realizar\u00e1 el Primer Encuentro Virtual de Oficiales de Datos Personales, el cual tiene como objetivo capacitar a los oficiales de protecci\u00f3n de datos personales adscritos a los sujetos obligados del<\/p>\n<p>Estado de Baja California, sobre las funciones y responsabilidades que tienen encomendadas en el marco de cumplimiento de la Ley.<\/p>\n<p>En virtud de que en la Decimo S\u00e9ptima Sesi\u00f3n Ordinaria del Pleno del ITAIPBC, se aprob\u00f3 la suscripci\u00f3n de convenios de colaboraci\u00f3n con la Barra de Abogadas \u201cLic. Mar\u00eda Sandoval de Zarco\u201d, A.C. y la Barra Estatal de Abogadas Lideres de Baja California, A.C, as\u00ed como la Federaci\u00f3n Estatal de Colegios, Barras y Asociaciones de Abogados de Baja California (FEDABO).<\/p>\n","protected":false},"excerpt":{"rendered":"<p>ITAIPBC CELEBRAR\u00c1 11\u00b0 ANIVERSARIO DE TRABAJAR POR LA TRANSPARENCIA Mexicali, Baja California. \u2013 En el marco del onceavo aniversario del Instituto de Transparencia, Acceso a la Informaci\u00f3n P\u00fablica y Protecci\u00f3n de Datos Personales (ITAIPBC), el Pleno del \u00d3rgano Garante, llevar\u00e1 a cabo m\u00faltiples actividades para celebrarlo. En conferencia ante medios de comunicaci\u00f3n, el Comisionado Presidente [&hellip;]<\/p>\n","protected":false},"author":8,"featured_media":7648,"comment_status":"closed","ping_status":"closed","sticky":false,"template":"","format":"standard","meta":{"footnotes":""},"categories":[1],"tags":[115,88,90],"class_list":["post-7646","post","type-post","status-publish","format-standard","has-post-thumbnail","hentry","category-noticias","tag-aniversario","tag-itaipbc","tag-transparencia"],"yoast_head":"<!-- This site is optimized with the Yoast SEO plugin v26.5 - https:\/\/yoast.com\/wordpress\/plugins\/seo\/ -->\n<title>ITAIPBC CELEBRAR\u00c1 11\u00b0 ANIVERSARIO DE TRABAJAR POR LA TRANSPARENCIA - ItaipBC<\/title>\n<meta name=\"robots\" content=\"index, follow, max-snippet:-1, max-image-preview:large, max-video-preview:-1\" \/>\n<link rel=\"canonical\" href=\"https:\/\/www.itaipbc.org.mx\/itaipBC-2019\/itaipbc-celebrara-11-aniversario-de-trabajar-por-la-transparencia\/\" \/>\n<meta property=\"og:locale\" content=\"es_ES\" \/>\n<meta property=\"og:type\" content=\"article\" \/>\n<meta property=\"og:title\" content=\"ITAIPBC CELEBRAR\u00c1 11\u00b0 ANIVERSARIO DE TRABAJAR POR LA TRANSPARENCIA - ItaipBC\" \/>\n<meta property=\"og:description\" content=\"ITAIPBC CELEBRAR\u00c1 11\u00b0 ANIVERSARIO DE TRABAJAR POR LA TRANSPARENCIA Mexicali, Baja California. \u2013 En el marco del onceavo aniversario del Instituto de Transparencia, Acceso a la Informaci\u00f3n P\u00fablica y Protecci\u00f3n de Datos Personales (ITAIPBC), el Pleno del \u00d3rgano Garante, llevar\u00e1 a cabo m\u00faltiples actividades para celebrarlo. En conferencia ante medios de comunicaci\u00f3n, el Comisionado Presidente [&hellip;]\" \/>\n<meta property=\"og:url\" content=\"https:\/\/www.itaipbc.org.mx\/itaipBC-2019\/itaipbc-celebrara-11-aniversario-de-trabajar-por-la-transparencia\/\" \/>\n<meta property=\"og:site_name\" content=\"ItaipBC\" \/>\n<meta property=\"article:published_time\" content=\"2022-05-21T06:39:00+00:00\" \/>\n<meta property=\"article:modified_time\" content=\"2022-05-25T06:44:44+00:00\" \/>\n<meta property=\"og:image\" content=\"https:\/\/www.itaipbc.org.mx\/itaipBC-2019\/wp-content\/uploads\/2022\/05\/ALBERTO-sANDOVAL-3-1.jpg\" \/>\n\t<meta property=\"og:image:width\" content=\"1098\" \/>\n\t<meta property=\"og:image:height\" content=\"793\" \/>\n\t<meta property=\"og:image:type\" content=\"image\/jpeg\" \/>\n<meta name=\"author\" content=\"Anahi Prescencion\" \/>\n<meta name=\"twitter:card\" content=\"summary_large_image\" \/>\n<meta name=\"twitter:label1\" content=\"Escrito por\" \/>\n\t<meta name=\"twitter:data1\" content=\"Anahi Prescencion\" \/>\n\t<meta name=\"twitter:label2\" content=\"Tiempo de lectura\" \/>\n\t<meta name=\"twitter:data2\" content=\"2 minutos\" \/>\n<script type=\"application\/ld+json\" class=\"yoast-schema-graph\">{\"@context\":\"https:\/\/schema.org\",\"@graph\":[{\"@type\":\"Article\",\"@id\":\"https:\/\/www.itaipbc.org.mx\/itaipBC-2019\/itaipbc-celebrara-11-aniversario-de-trabajar-por-la-transparencia\/#article\",\"isPartOf\":{\"@id\":\"https:\/\/www.itaipbc.org.mx\/itaipBC-2019\/itaipbc-celebrara-11-aniversario-de-trabajar-por-la-transparencia\/\"},\"author\":{\"name\":\"Anahi Prescencion\",\"@id\":\"https:\/\/www.itaipbc.org.mx\/itaipBC-2019\/#\/schema\/person\/fe0517b8be1919f7dd71c9d01a6cdb08\"},\"headline\":\"ITAIPBC CELEBRAR\u00c1 11\u00b0 ANIVERSARIO DE TRABAJAR POR LA TRANSPARENCIA\",\"datePublished\":\"2022-05-21T06:39:00+00:00\",\"dateModified\":\"2022-05-25T06:44:44+00:00\",\"mainEntityOfPage\":{\"@id\":\"https:\/\/www.itaipbc.org.mx\/itaipBC-2019\/itaipbc-celebrara-11-aniversario-de-trabajar-por-la-transparencia\/\"},\"wordCount\":480,\"publisher\":{\"@id\":\"https:\/\/www.itaipbc.org.mx\/itaipBC-2019\/#organization\"},\"image\":{\"@id\":\"https:\/\/www.itaipbc.org.mx\/itaipBC-2019\/itaipbc-celebrara-11-aniversario-de-trabajar-por-la-transparencia\/#primaryimage\"},\"thumbnailUrl\":\"https:\/\/www.itaipbc.org.mx\/itaipBC-2019\/wp-content\/uploads\/2022\/05\/ALBERTO-sANDOVAL-3-1.jpg\",\"keywords\":[\"ANIVERSARIO\",\"ITAIPBC\",\"TRANSPARENCIA\"],\"articleSection\":[\"Noticias\"],\"inLanguage\":\"es\"},{\"@type\":\"WebPage\",\"@id\":\"https:\/\/www.itaipbc.org.mx\/itaipBC-2019\/itaipbc-celebrara-11-aniversario-de-trabajar-por-la-transparencia\/\",\"url\":\"https:\/\/www.itaipbc.org.mx\/itaipBC-2019\/itaipbc-celebrara-11-aniversario-de-trabajar-por-la-transparencia\/\",\"name\":\"ITAIPBC CELEBRAR\u00c1 11\u00b0 ANIVERSARIO DE TRABAJAR POR LA TRANSPARENCIA - ItaipBC\",\"isPartOf\":{\"@id\":\"https:\/\/www.itaipbc.org.mx\/itaipBC-2019\/#website\"},\"primaryImageOfPage\":{\"@id\":\"https:\/\/www.itaipbc.org.mx\/itaipBC-2019\/itaipbc-celebrara-11-aniversario-de-trabajar-por-la-transparencia\/#primaryimage\"},\"image\":{\"@id\":\"https:\/\/www.itaipbc.org.mx\/itaipBC-2019\/itaipbc-celebrara-11-aniversario-de-trabajar-por-la-transparencia\/#primaryimage\"},\"thumbnailUrl\":\"https:\/\/www.itaipbc.org.mx\/itaipBC-2019\/wp-content\/uploads\/2022\/05\/ALBERTO-sANDOVAL-3-1.jpg\",\"datePublished\":\"2022-05-21T06:39:00+00:00\",\"dateModified\":\"2022-05-25T06:44:44+00:00\",\"breadcrumb\":{\"@id\":\"https:\/\/www.itaipbc.org.mx\/itaipBC-2019\/itaipbc-celebrara-11-aniversario-de-trabajar-por-la-transparencia\/#breadcrumb\"},\"inLanguage\":\"es\",\"potentialAction\":[{\"@type\":\"ReadAction\",\"target\":[\"https:\/\/www.itaipbc.org.mx\/itaipBC-2019\/itaipbc-celebrara-11-aniversario-de-trabajar-por-la-transparencia\/\"]}]},{\"@type\":\"ImageObject\",\"inLanguage\":\"es\",\"@id\":\"https:\/\/www.itaipbc.org.mx\/itaipBC-2019\/itaipbc-celebrara-11-aniversario-de-trabajar-por-la-transparencia\/#primaryimage\",\"url\":\"https:\/\/www.itaipbc.org.mx\/itaipBC-2019\/wp-content\/uploads\/2022\/05\/ALBERTO-sANDOVAL-3-1.jpg\",\"contentUrl\":\"https:\/\/www.itaipbc.org.mx\/itaipBC-2019\/wp-content\/uploads\/2022\/05\/ALBERTO-sANDOVAL-3-1.jpg\",\"width\":1098,\"height\":793},{\"@type\":\"BreadcrumbList\",\"@id\":\"https:\/\/www.itaipbc.org.mx\/itaipBC-2019\/itaipbc-celebrara-11-aniversario-de-trabajar-por-la-transparencia\/#breadcrumb\",\"itemListElement\":[{\"@type\":\"ListItem\",\"position\":1,\"name\":\"Portada\",\"item\":\"https:\/\/www.itaipbc.org.mx\/itaipBC-2019\/\"},{\"@type\":\"ListItem\",\"position\":2,\"name\":\"ITAIPBC CELEBRAR\u00c1 11\u00b0 ANIVERSARIO DE TRABAJAR POR LA TRANSPARENCIA\"}]},{\"@type\":\"WebSite\",\"@id\":\"https:\/\/www.itaipbc.org.mx\/itaipBC-2019\/#website\",\"url\":\"https:\/\/www.itaipbc.org.mx\/itaipBC-2019\/\",\"name\":\"ItaipBC\",\"description\":\"\",\"publisher\":{\"@id\":\"https:\/\/www.itaipbc.org.mx\/itaipBC-2019\/#organization\"},\"potentialAction\":[{\"@type\":\"SearchAction\",\"target\":{\"@type\":\"EntryPoint\",\"urlTemplate\":\"https:\/\/www.itaipbc.org.mx\/itaipBC-2019\/?s={search_term_string}\"},\"query-input\":{\"@type\":\"PropertyValueSpecification\",\"valueRequired\":true,\"valueName\":\"search_term_string\"}}],\"inLanguage\":\"es\"},{\"@type\":\"Organization\",\"@id\":\"https:\/\/www.itaipbc.org.mx\/itaipBC-2019\/#organization\",\"name\":\"Instituto de Transparencia Baja California\",\"url\":\"https:\/\/www.itaipbc.org.mx\/itaipBC-2019\/\",\"logo\":{\"@type\":\"ImageObject\",\"inLanguage\":\"es\",\"@id\":\"https:\/\/www.itaipbc.org.mx\/itaipBC-2019\/#\/schema\/logo\/image\/\",\"url\":\"http:\/\/www.itaipbc.org.mx\/itaipBC-2019\/wp-content\/uploads\/2020\/01\/ITAIPBC-Completo.png\",\"contentUrl\":\"http:\/\/www.itaipbc.org.mx\/itaipBC-2019\/wp-content\/uploads\/2020\/01\/ITAIPBC-Completo.png\",\"width\":750,\"height\":174,\"caption\":\"Instituto de Transparencia Baja California\"},\"image\":{\"@id\":\"https:\/\/www.itaipbc.org.mx\/itaipBC-2019\/#\/schema\/logo\/image\/\"}},{\"@type\":\"Person\",\"@id\":\"https:\/\/www.itaipbc.org.mx\/itaipBC-2019\/#\/schema\/person\/fe0517b8be1919f7dd71c9d01a6cdb08\",\"name\":\"Anahi Prescencion\",\"image\":{\"@type\":\"ImageObject\",\"inLanguage\":\"es\",\"@id\":\"https:\/\/www.itaipbc.org.mx\/itaipBC-2019\/#\/schema\/person\/image\/\",\"url\":\"https:\/\/secure.gravatar.com\/avatar\/2f6176908986880d9eb812e72116ebc8b491e070cabea8a491a62c7deac9b784?s=96&d=mm&r=g\",\"contentUrl\":\"https:\/\/secure.gravatar.com\/avatar\/2f6176908986880d9eb812e72116ebc8b491e070cabea8a491a62c7deac9b784?s=96&d=mm&r=g\",\"caption\":\"Anahi Prescencion\"},\"url\":\"https:\/\/www.itaipbc.org.mx\/itaipBC-2019\/author\/aimeemoran\/\"}]}<\/script>\n<!-- \/ Yoast SEO plugin. -->","yoast_head_json":{"title":"ITAIPBC CELEBRAR\u00c1 11\u00b0 ANIVERSARIO DE TRABAJAR POR LA TRANSPARENCIA - ItaipBC","robots":{"index":"index","follow":"follow","max-snippet":"max-snippet:-1","max-image-preview":"max-image-preview:large","max-video-preview":"max-video-preview:-1"},"canonical":"https:\/\/www.itaipbc.org.mx\/itaipBC-2019\/itaipbc-celebrara-11-aniversario-de-trabajar-por-la-transparencia\/","og_locale":"es_ES","og_type":"article","og_title":"ITAIPBC CELEBRAR\u00c1 11\u00b0 ANIVERSARIO DE TRABAJAR POR LA TRANSPARENCIA - ItaipBC","og_description":"ITAIPBC CELEBRAR\u00c1 11\u00b0 ANIVERSARIO DE TRABAJAR POR LA TRANSPARENCIA Mexicali, Baja California. \u2013 En el marco del onceavo aniversario del Instituto de Transparencia, Acceso a la Informaci\u00f3n P\u00fablica y Protecci\u00f3n de Datos Personales (ITAIPBC), el Pleno del \u00d3rgano Garante, llevar\u00e1 a cabo m\u00faltiples actividades para celebrarlo. En conferencia ante medios de comunicaci\u00f3n, el Comisionado Presidente [&hellip;]","og_url":"https:\/\/www.itaipbc.org.mx\/itaipBC-2019\/itaipbc-celebrara-11-aniversario-de-trabajar-por-la-transparencia\/","og_site_name":"ItaipBC","article_published_time":"2022-05-21T06:39:00+00:00","article_modified_time":"2022-05-25T06:44:44+00:00","og_image":[{"width":1098,"height":793,"url":"https:\/\/www.itaipbc.org.mx\/itaipBC-2019\/wp-content\/uploads\/2022\/05\/ALBERTO-sANDOVAL-3-1.jpg","type":"image\/jpeg"}],"author":"Anahi Prescencion","twitter_card":"summary_large_image","twitter_misc":{"Escrito por":"Anahi Prescencion","Tiempo de lectura":"2 minutos"},"schema":{"@context":"https:\/\/schema.org","@graph":[{"@type":"Article","@id":"https:\/\/www.itaipbc.org.mx\/itaipBC-2019\/itaipbc-celebrara-11-aniversario-de-trabajar-por-la-transparencia\/#article","isPartOf":{"@id":"https:\/\/www.itaipbc.org.mx\/itaipBC-2019\/itaipbc-celebrara-11-aniversario-de-trabajar-por-la-transparencia\/"},"author":{"name":"Anahi Prescencion","@id":"https:\/\/www.itaipbc.org.mx\/itaipBC-2019\/#\/schema\/person\/fe0517b8be1919f7dd71c9d01a6cdb08"},"headline":"ITAIPBC CELEBRAR\u00c1 11\u00b0 ANIVERSARIO DE TRABAJAR POR LA TRANSPARENCIA","datePublished":"2022-05-21T06:39:00+00:00","dateModified":"2022-05-25T06:44:44+00:00","mainEntityOfPage":{"@id":"https:\/\/www.itaipbc.org.mx\/itaipBC-2019\/itaipbc-celebrara-11-aniversario-de-trabajar-por-la-transparencia\/"},"wordCount":480,"publisher":{"@id":"https:\/\/www.itaipbc.org.mx\/itaipBC-2019\/#organization"},"image":{"@id":"https:\/\/www.itaipbc.org.mx\/itaipBC-2019\/itaipbc-celebrara-11-aniversario-de-trabajar-por-la-transparencia\/#primaryimage"},"thumbnailUrl":"https:\/\/www.itaipbc.org.mx\/itaipBC-2019\/wp-content\/uploads\/2022\/05\/ALBERTO-sANDOVAL-3-1.jpg","keywords":["ANIVERSARIO","ITAIPBC","TRANSPARENCIA"],"articleSection":["Noticias"],"inLanguage":"es"},{"@type":"WebPage","@id":"https:\/\/www.itaipbc.org.mx\/itaipBC-2019\/itaipbc-celebrara-11-aniversario-de-trabajar-por-la-transparencia\/","url":"https:\/\/www.itaipbc.org.mx\/itaipBC-2019\/itaipbc-celebrara-11-aniversario-de-trabajar-por-la-transparencia\/","name":"ITAIPBC CELEBRAR\u00c1 11\u00b0 ANIVERSARIO DE TRABAJAR POR LA TRANSPARENCIA - ItaipBC","isPartOf":{"@id":"https:\/\/www.itaipbc.org.mx\/itaipBC-2019\/#website"},"primaryImageOfPage":{"@id":"https:\/\/www.itaipbc.org.mx\/itaipBC-2019\/itaipbc-celebrara-11-aniversario-de-trabajar-por-la-transparencia\/#primaryimage"},"image":{"@id":"https:\/\/www.itaipbc.org.mx\/itaipBC-2019\/itaipbc-celebrara-11-aniversario-de-trabajar-por-la-transparencia\/#primaryimage"},"thumbnailUrl":"https:\/\/www.itaipbc.org.mx\/itaipBC-2019\/wp-content\/uploads\/2022\/05\/ALBERTO-sANDOVAL-3-1.jpg","datePublished":"2022-05-21T06:39:00+00:00","dateModified":"2022-05-25T06:44:44+00:00","breadcrumb":{"@id":"https:\/\/www.itaipbc.org.mx\/itaipBC-2019\/itaipbc-celebrara-11-aniversario-de-trabajar-por-la-transparencia\/#breadcrumb"},"inLanguage":"es","potentialAction":[{"@type":"ReadAction","target":["https:\/\/www.itaipbc.org.mx\/itaipBC-2019\/itaipbc-celebrara-11-aniversario-de-trabajar-por-la-transparencia\/"]}]},{"@type":"ImageObject","inLanguage":"es","@id":"https:\/\/www.itaipbc.org.mx\/itaipBC-2019\/itaipbc-celebrara-11-aniversario-de-trabajar-por-la-transparencia\/#primaryimage","url":"https:\/\/www.itaipbc.org.mx\/itaipBC-2019\/wp-content\/uploads\/2022\/05\/ALBERTO-sANDOVAL-3-1.jpg","contentUrl":"https:\/\/www.itaipbc.org.mx\/itaipBC-2019\/wp-content\/uploads\/2022\/05\/ALBERTO-sANDOVAL-3-1.jpg","width":1098,"height":793},{"@type":"BreadcrumbList","@id":"https:\/\/www.itaipbc.org.mx\/itaipBC-2019\/itaipbc-celebrara-11-aniversario-de-trabajar-por-la-transparencia\/#breadcrumb","itemListElement":[{"@type":"ListItem","position":1,"name":"Portada","item":"https:\/\/www.itaipbc.org.mx\/itaipBC-2019\/"},{"@type":"ListItem","position":2,"name":"ITAIPBC CELEBRAR\u00c1 11\u00b0 ANIVERSARIO DE TRABAJAR POR LA TRANSPARENCIA"}]},{"@type":"WebSite","@id":"https:\/\/www.itaipbc.org.mx\/itaipBC-2019\/#website","url":"https:\/\/www.itaipbc.org.mx\/itaipBC-2019\/","name":"ItaipBC","description":"","publisher":{"@id":"https:\/\/www.itaipbc.org.mx\/itaipBC-2019\/#organization"},"potentialAction":[{"@type":"SearchAction","target":{"@type":"EntryPoint","urlTemplate":"https:\/\/www.itaipbc.org.mx\/itaipBC-2019\/?s={search_term_string}"},"query-input":{"@type":"PropertyValueSpecification","valueRequired":true,"valueName":"search_term_string"}}],"inLanguage":"es"},{"@type":"Organization","@id":"https:\/\/www.itaipbc.org.mx\/itaipBC-2019\/#organization","name":"Instituto de Transparencia Baja California","url":"https:\/\/www.itaipbc.org.mx\/itaipBC-2019\/","logo":{"@type":"ImageObject","inLanguage":"es","@id":"https:\/\/www.itaipbc.org.mx\/itaipBC-2019\/#\/schema\/logo\/image\/","url":"http:\/\/www.itaipbc.org.mx\/itaipBC-2019\/wp-content\/uploads\/2020\/01\/ITAIPBC-Completo.png","contentUrl":"http:\/\/www.itaipbc.org.mx\/itaipBC-2019\/wp-content\/uploads\/2020\/01\/ITAIPBC-Completo.png","width":750,"height":174,"caption":"Instituto de Transparencia Baja California"},"image":{"@id":"https:\/\/www.itaipbc.org.mx\/itaipBC-2019\/#\/schema\/logo\/image\/"}},{"@type":"Person","@id":"https:\/\/www.itaipbc.org.mx\/itaipBC-2019\/#\/schema\/person\/fe0517b8be1919f7dd71c9d01a6cdb08","name":"Anahi Prescencion","image":{"@type":"ImageObject","inLanguage":"es","@id":"https:\/\/www.itaipbc.org.mx\/itaipBC-2019\/#\/schema\/person\/image\/","url":"https:\/\/secure.gravatar.com\/avatar\/2f6176908986880d9eb812e72116ebc8b491e070cabea8a491a62c7deac9b784?s=96&d=mm&r=g","contentUrl":"https:\/\/secure.gravatar.com\/avatar\/2f6176908986880d9eb812e72116ebc8b491e070cabea8a491a62c7deac9b784?s=96&d=mm&r=g","caption":"Anahi Prescencion"},"url":"https:\/\/www.itaipbc.org.mx\/itaipBC-2019\/author\/aimeemoran\/"}]}},"_links":{"self":[{"href":"https:\/\/www.itaipbc.org.mx\/itaipBC-2019\/wp-json\/wp\/v2\/posts\/7646","targetHints":{"allow":["GET"]}}],"collection":[{"href":"https:\/\/www.itaipbc.org.mx\/itaipBC-2019\/wp-json\/wp\/v2\/posts"}],"about":[{"href":"https:\/\/www.itaipbc.org.mx\/itaipBC-2019\/wp-json\/wp\/v2\/types\/post"}],"author":[{"embeddable":true,"href":"https:\/\/www.itaipbc.org.mx\/itaipBC-2019\/wp-json\/wp\/v2\/users\/8"}],"replies":[{"embeddable":true,"href":"https:\/\/www.itaipbc.org.mx\/itaipBC-2019\/wp-json\/wp\/v2\/comments?post=7646"}],"version-history":[{"count":0,"href":"https:\/\/www.itaipbc.org.mx\/itaipBC-2019\/wp-json\/wp\/v2\/posts\/7646\/revisions"}],"wp:featuredmedia":[{"embeddable":true,"href":"https:\/\/www.itaipbc.org.mx\/itaipBC-2019\/wp-json\/wp\/v2\/media\/7648"}],"wp:attachment":[{"href":"https:\/\/www.itaipbc.org.mx\/itaipBC-2019\/wp-json\/wp\/v2\/media?parent=7646"}],"wp:term":[{"taxonomy":"category","embeddable":true,"href":"https:\/\/www.itaipbc.org.mx\/itaipBC-2019\/wp-json\/wp\/v2\/categories?post=7646"},{"taxonomy":"post_tag","embeddable":true,"href":"https:\/\/www.itaipbc.org.mx\/itaipBC-2019\/wp-json\/wp\/v2\/tags?post=7646"}],"curies":[{"name":"wp","href":"https:\/\/api.w.org\/{rel}","templated":true}]}}