{"id":7488,"date":"2022-04-28T08:16:29","date_gmt":"2022-04-28T15:16:29","guid":{"rendered":"http:\/\/www.itaipbc.org.mx\/itaipBC-2019\/?p=7488"},"modified":"2022-04-29T08:23:20","modified_gmt":"2022-04-29T15:23:20","slug":"aprueban-dictamen-para-la-desincorporacion-de-coepris-del-padron-de-sujetos-obligados-del-itaipbc","status":"publish","type":"post","link":"https:\/\/www.itaipbc.org.mx\/itaipBC-2019\/aprueban-dictamen-para-la-desincorporacion-de-coepris-del-padron-de-sujetos-obligados-del-itaipbc\/","title":{"rendered":"APRUEBAN DICTAMEN PARA LA DESINCORPORACI\u00d3N DE COEPRIS DEL PADRON DE SUJETOS OBLIGADOS DEL ITAIPBC"},"content":{"rendered":"<p><img loading=\"lazy\" decoding=\"async\" class=\"alignnone size-medium wp-image-7489\" src=\"http:\/\/www.itaipbc.org.mx\/itaipBC-2019\/wp-content\/uploads\/2022\/04\/278804607_1131104357458258_5667593832360437104_n-450x296.jpg\" alt=\"\" width=\"450\" height=\"296\" srcset=\"https:\/\/www.itaipbc.org.mx\/itaipBC-2019\/wp-content\/uploads\/2022\/04\/278804607_1131104357458258_5667593832360437104_n-450x296.jpg 450w, https:\/\/www.itaipbc.org.mx\/itaipBC-2019\/wp-content\/uploads\/2022\/04\/278804607_1131104357458258_5667593832360437104_n-1024x673.jpg 1024w, https:\/\/www.itaipbc.org.mx\/itaipBC-2019\/wp-content\/uploads\/2022\/04\/278804607_1131104357458258_5667593832360437104_n-768x505.jpg 768w, https:\/\/www.itaipbc.org.mx\/itaipBC-2019\/wp-content\/uploads\/2022\/04\/278804607_1131104357458258_5667593832360437104_n.jpg 1395w\" sizes=\"auto, (max-width: 450px) 100vw, 450px\" \/><\/p>\n<p>APRUEBAN DICTAMEN PARA LA DESINCORPORACI\u00d3N DE COEPRIS DEL PADRON DE SUJETOS OBLIGADOS DEL ITAIPBC<\/p>\n<p><strong>Mexicali, Baja California. \u2013<\/strong>\u00a0 El Pleno del <strong>Instituto de Transparencia, Acceso a la Informaci\u00f3n P\u00fablica y Protecci\u00f3n de Datos Personales del Estado de Baja California (ITAIPBC)<\/strong>, aprob\u00f3 el dictamen para la desincorporaci\u00f3n de la Comisi\u00f3n Estatal de Protecci\u00f3n Contra Riesgos Sanitarios del padr\u00f3n de sujetos obligados del Estado de Baja California.<\/p>\n<p>Durante la <strong>D\u00e9cimo Cuarta Sesi\u00f3n Ordinar\u00eda<\/strong>, celebrada este martes, se inform\u00f3 que debido a que la Comisi\u00f3n manifest\u00f3 su inter\u00e9s por desincorporarse del padr\u00f3n, argumentando carecer de estructura org\u00e1nica y presupuesto propio, la <strong>Coordinaci\u00f3n de Verificaci\u00f3n y Seguimiento del ITAIPBC<\/strong> realiz\u00f3 un an\u00e1lisis de la situaci\u00f3n, tomando como base lo establecido en el <strong>Art\u00edculo 105 fracci\u00f3n XXVII del Reglamento Interior del Instituto de Transparencia, Acceso a la Informaci\u00f3n P\u00fablica y Protecci\u00f3n de Datos Personales del Estado de Baja California<\/strong>, donde emite el dictamen para llevar a cabo la desincorporaci\u00f3n.<\/p>\n<p>Previ\u00f3 a ello, se presentaron 26 proyectos de recursos de revisi\u00f3n para resoluci\u00f3n.<\/p>\n<p>El <strong>Secretario Ejecutivo<\/strong> dio cuenta que se atendieron de la siguiente manera: se resolvi\u00f3 la modificaci\u00f3n a la respuesta de 10 sujetos obligados, tres de los recursos se sobreseieron, en dos casos se confirm\u00f3 la respuesta y en otra se revoc\u00f3.<\/p>\n<p>En la ponencia de la <strong>Comisionada Cinthya Denise G\u00f3mez Casta\u00f1eda<\/strong>, se resolvi\u00f3 el expediente <strong>RR\/374\/2021<\/strong>, en el que se orden\u00f3 al <strong>Ayuntamiento de Ensenada<\/strong> revocar la respuesta dada a la solicitud de informaci\u00f3n con <strong>folio 00221121<\/strong>. Adem\u00e1s, se le orden\u00f3 informar de la forma adecuada sobre el estatus de la aplicaci\u00f3n de las partidas correspondientes al pago de la sentencia emitida en el <strong>juicio 28\/2017 por la Tercera Sala Del Tribunal Contencioso Administrativo<\/strong>.<\/p>\n<p>En la ponencia del <strong>Comisionado Presidente del ITAIPBC, Jes\u00fas Alberto Sandoval Franco<\/strong>, destaca el expediente <strong>RR\/388\/2021<\/strong> con folio de solicitud de informaci\u00f3n p\u00fablica <strong>00566521<\/strong> en el cual se resolvi\u00f3 que la <strong>Oficial\u00eda Mayor de Gobierno del Estado de Baja California<\/strong>, deber\u00e1 proporcionar informaci\u00f3n de los inmuebles que el ejecutivo estatal puso a la venta del primero de noviembre del 2019 al 15 de mayo del 2021, as\u00ed como nombres de compradores y destino del dinero de las ventas.<\/p>\n<p>En cuanto a la ponencia de la <strong>Comisionada Luc\u00eda Ariana Miranda G\u00f3mez,<\/strong> referente al recurso de revisi\u00f3n <strong>RR\/452\/2021 del Fideicomiso Promotora Municipal de Tijuana<\/strong>, se determin\u00f3 modificar la respuesta otorgada a la <strong>solicitud 00659521<\/strong>, en la que se confirme la inexistencia de la informaci\u00f3n plasmada en el <strong>Acta de su Comit\u00e9 de Transparencia<\/strong>, debido a que se solicit\u00f3 un listado de personas funcionarias a las que han deshabilitado de sus puestos en los \u00faltimos 10 a\u00f1os, as\u00ed como se hiciera saber sobre alguna persona funcionaria de alto nivel que haya pasado por esta situaci\u00f3n, al no obtener la respuesta requerida, la persona solicitante se inconform\u00f3 ante la incompetencia manifestada por el sujeto obligado.<\/p>\n<p>De igual forma, por unanimidad del Pleno se aprobaron acuerdos en relaci\u00f3n a tablas de aplicabilidad, respecto de las obligaciones de transparencia, tanto de la <strong>Secretar\u00eda de Seguridad Ciudadana del Estado de Baja California<\/strong>, como de la <strong>Consejer\u00eda Jur\u00eddica del Estado<\/strong>.<\/p>\n","protected":false},"excerpt":{"rendered":"<p>APRUEBAN DICTAMEN PARA LA DESINCORPORACI\u00d3N DE COEPRIS DEL PADRON DE SUJETOS OBLIGADOS DEL ITAIPBC Mexicali, Baja California. \u2013\u00a0 El Pleno del Instituto de Transparencia, Acceso a la Informaci\u00f3n P\u00fablica y Protecci\u00f3n de Datos Personales del Estado de Baja California (ITAIPBC), aprob\u00f3 el dictamen para la desincorporaci\u00f3n de la Comisi\u00f3n Estatal de Protecci\u00f3n Contra Riesgos Sanitarios [&hellip;]<\/p>\n","protected":false},"author":8,"featured_media":7489,"comment_status":"closed","ping_status":"closed","sticky":false,"template":"","format":"standard","meta":{"footnotes":""},"categories":[1],"tags":[88,101,90,111],"class_list":["post-7488","post","type-post","status-publish","format-standard","has-post-thumbnail","hentry","category-noticias","tag-itaipbc","tag-sujetos-obligados","tag-transparencia","tag-verificacion"],"yoast_head":"<!-- This site is optimized with the Yoast SEO plugin v26.5 - https:\/\/yoast.com\/wordpress\/plugins\/seo\/ -->\n<title>APRUEBAN DICTAMEN PARA LA DESINCORPORACI\u00d3N DE COEPRIS DEL PADRON DE SUJETOS OBLIGADOS DEL ITAIPBC - ItaipBC<\/title>\n<meta name=\"robots\" content=\"index, follow, max-snippet:-1, max-image-preview:large, max-video-preview:-1\" \/>\n<link rel=\"canonical\" href=\"https:\/\/www.itaipbc.org.mx\/itaipBC-2019\/aprueban-dictamen-para-la-desincorporacion-de-coepris-del-padron-de-sujetos-obligados-del-itaipbc\/\" \/>\n<meta property=\"og:locale\" content=\"es_ES\" \/>\n<meta property=\"og:type\" content=\"article\" \/>\n<meta property=\"og:title\" content=\"APRUEBAN DICTAMEN PARA LA DESINCORPORACI\u00d3N DE COEPRIS DEL PADRON DE SUJETOS OBLIGADOS DEL ITAIPBC - ItaipBC\" \/>\n<meta property=\"og:description\" content=\"APRUEBAN DICTAMEN PARA LA DESINCORPORACI\u00d3N DE COEPRIS DEL PADRON DE SUJETOS OBLIGADOS DEL ITAIPBC Mexicali, Baja California. \u2013\u00a0 El Pleno del Instituto de Transparencia, Acceso a la Informaci\u00f3n P\u00fablica y Protecci\u00f3n de Datos Personales del Estado de Baja California (ITAIPBC), aprob\u00f3 el dictamen para la desincorporaci\u00f3n de la Comisi\u00f3n Estatal de Protecci\u00f3n Contra Riesgos Sanitarios [&hellip;]\" \/>\n<meta property=\"og:url\" content=\"https:\/\/www.itaipbc.org.mx\/itaipBC-2019\/aprueban-dictamen-para-la-desincorporacion-de-coepris-del-padron-de-sujetos-obligados-del-itaipbc\/\" \/>\n<meta property=\"og:site_name\" content=\"ItaipBC\" \/>\n<meta property=\"article:published_time\" content=\"2022-04-28T15:16:29+00:00\" \/>\n<meta property=\"article:modified_time\" content=\"2022-04-29T15:23:20+00:00\" \/>\n<meta property=\"og:image\" content=\"https:\/\/www.itaipbc.org.mx\/itaipBC-2019\/wp-content\/uploads\/2022\/04\/278804607_1131104357458258_5667593832360437104_n.jpg\" \/>\n\t<meta property=\"og:image:width\" content=\"1395\" \/>\n\t<meta property=\"og:image:height\" content=\"917\" \/>\n\t<meta property=\"og:image:type\" content=\"image\/jpeg\" \/>\n<meta name=\"author\" content=\"Anahi Prescencion\" \/>\n<meta name=\"twitter:card\" content=\"summary_large_image\" \/>\n<meta name=\"twitter:label1\" content=\"Escrito por\" \/>\n\t<meta name=\"twitter:data1\" content=\"Anahi Prescencion\" \/>\n\t<meta name=\"twitter:label2\" content=\"Tiempo de lectura\" \/>\n\t<meta name=\"twitter:data2\" content=\"3 minutos\" \/>\n<script type=\"application\/ld+json\" class=\"yoast-schema-graph\">{\"@context\":\"https:\/\/schema.org\",\"@graph\":[{\"@type\":\"Article\",\"@id\":\"https:\/\/www.itaipbc.org.mx\/itaipBC-2019\/aprueban-dictamen-para-la-desincorporacion-de-coepris-del-padron-de-sujetos-obligados-del-itaipbc\/#article\",\"isPartOf\":{\"@id\":\"https:\/\/www.itaipbc.org.mx\/itaipBC-2019\/aprueban-dictamen-para-la-desincorporacion-de-coepris-del-padron-de-sujetos-obligados-del-itaipbc\/\"},\"author\":{\"name\":\"Anahi Prescencion\",\"@id\":\"https:\/\/www.itaipbc.org.mx\/itaipBC-2019\/#\/schema\/person\/fe0517b8be1919f7dd71c9d01a6cdb08\"},\"headline\":\"APRUEBAN DICTAMEN PARA LA DESINCORPORACI\u00d3N DE COEPRIS DEL PADRON DE SUJETOS OBLIGADOS DEL ITAIPBC\",\"datePublished\":\"2022-04-28T15:16:29+00:00\",\"dateModified\":\"2022-04-29T15:23:20+00:00\",\"mainEntityOfPage\":{\"@id\":\"https:\/\/www.itaipbc.org.mx\/itaipBC-2019\/aprueban-dictamen-para-la-desincorporacion-de-coepris-del-padron-de-sujetos-obligados-del-itaipbc\/\"},\"wordCount\":564,\"publisher\":{\"@id\":\"https:\/\/www.itaipbc.org.mx\/itaipBC-2019\/#organization\"},\"image\":{\"@id\":\"https:\/\/www.itaipbc.org.mx\/itaipBC-2019\/aprueban-dictamen-para-la-desincorporacion-de-coepris-del-padron-de-sujetos-obligados-del-itaipbc\/#primaryimage\"},\"thumbnailUrl\":\"https:\/\/www.itaipbc.org.mx\/itaipBC-2019\/wp-content\/uploads\/2022\/04\/278804607_1131104357458258_5667593832360437104_n.jpg\",\"keywords\":[\"ITAIPBC\",\"Sujetos obligados\",\"TRANSPARENCIA\",\"VERIFICACI\u00d3N\"],\"articleSection\":[\"Noticias\"],\"inLanguage\":\"es\"},{\"@type\":\"WebPage\",\"@id\":\"https:\/\/www.itaipbc.org.mx\/itaipBC-2019\/aprueban-dictamen-para-la-desincorporacion-de-coepris-del-padron-de-sujetos-obligados-del-itaipbc\/\",\"url\":\"https:\/\/www.itaipbc.org.mx\/itaipBC-2019\/aprueban-dictamen-para-la-desincorporacion-de-coepris-del-padron-de-sujetos-obligados-del-itaipbc\/\",\"name\":\"APRUEBAN DICTAMEN PARA LA DESINCORPORACI\u00d3N DE COEPRIS DEL PADRON DE SUJETOS OBLIGADOS DEL ITAIPBC - ItaipBC\",\"isPartOf\":{\"@id\":\"https:\/\/www.itaipbc.org.mx\/itaipBC-2019\/#website\"},\"primaryImageOfPage\":{\"@id\":\"https:\/\/www.itaipbc.org.mx\/itaipBC-2019\/aprueban-dictamen-para-la-desincorporacion-de-coepris-del-padron-de-sujetos-obligados-del-itaipbc\/#primaryimage\"},\"image\":{\"@id\":\"https:\/\/www.itaipbc.org.mx\/itaipBC-2019\/aprueban-dictamen-para-la-desincorporacion-de-coepris-del-padron-de-sujetos-obligados-del-itaipbc\/#primaryimage\"},\"thumbnailUrl\":\"https:\/\/www.itaipbc.org.mx\/itaipBC-2019\/wp-content\/uploads\/2022\/04\/278804607_1131104357458258_5667593832360437104_n.jpg\",\"datePublished\":\"2022-04-28T15:16:29+00:00\",\"dateModified\":\"2022-04-29T15:23:20+00:00\",\"breadcrumb\":{\"@id\":\"https:\/\/www.itaipbc.org.mx\/itaipBC-2019\/aprueban-dictamen-para-la-desincorporacion-de-coepris-del-padron-de-sujetos-obligados-del-itaipbc\/#breadcrumb\"},\"inLanguage\":\"es\",\"potentialAction\":[{\"@type\":\"ReadAction\",\"target\":[\"https:\/\/www.itaipbc.org.mx\/itaipBC-2019\/aprueban-dictamen-para-la-desincorporacion-de-coepris-del-padron-de-sujetos-obligados-del-itaipbc\/\"]}]},{\"@type\":\"ImageObject\",\"inLanguage\":\"es\",\"@id\":\"https:\/\/www.itaipbc.org.mx\/itaipBC-2019\/aprueban-dictamen-para-la-desincorporacion-de-coepris-del-padron-de-sujetos-obligados-del-itaipbc\/#primaryimage\",\"url\":\"https:\/\/www.itaipbc.org.mx\/itaipBC-2019\/wp-content\/uploads\/2022\/04\/278804607_1131104357458258_5667593832360437104_n.jpg\",\"contentUrl\":\"https:\/\/www.itaipbc.org.mx\/itaipBC-2019\/wp-content\/uploads\/2022\/04\/278804607_1131104357458258_5667593832360437104_n.jpg\",\"width\":1395,\"height\":917},{\"@type\":\"BreadcrumbList\",\"@id\":\"https:\/\/www.itaipbc.org.mx\/itaipBC-2019\/aprueban-dictamen-para-la-desincorporacion-de-coepris-del-padron-de-sujetos-obligados-del-itaipbc\/#breadcrumb\",\"itemListElement\":[{\"@type\":\"ListItem\",\"position\":1,\"name\":\"Portada\",\"item\":\"https:\/\/www.itaipbc.org.mx\/itaipBC-2019\/\"},{\"@type\":\"ListItem\",\"position\":2,\"name\":\"APRUEBAN DICTAMEN PARA LA DESINCORPORACI\u00d3N DE COEPRIS DEL PADRON DE SUJETOS OBLIGADOS DEL ITAIPBC\"}]},{\"@type\":\"WebSite\",\"@id\":\"https:\/\/www.itaipbc.org.mx\/itaipBC-2019\/#website\",\"url\":\"https:\/\/www.itaipbc.org.mx\/itaipBC-2019\/\",\"name\":\"ItaipBC\",\"description\":\"\",\"publisher\":{\"@id\":\"https:\/\/www.itaipbc.org.mx\/itaipBC-2019\/#organization\"},\"potentialAction\":[{\"@type\":\"SearchAction\",\"target\":{\"@type\":\"EntryPoint\",\"urlTemplate\":\"https:\/\/www.itaipbc.org.mx\/itaipBC-2019\/?s={search_term_string}\"},\"query-input\":{\"@type\":\"PropertyValueSpecification\",\"valueRequired\":true,\"valueName\":\"search_term_string\"}}],\"inLanguage\":\"es\"},{\"@type\":\"Organization\",\"@id\":\"https:\/\/www.itaipbc.org.mx\/itaipBC-2019\/#organization\",\"name\":\"Instituto de Transparencia Baja California\",\"url\":\"https:\/\/www.itaipbc.org.mx\/itaipBC-2019\/\",\"logo\":{\"@type\":\"ImageObject\",\"inLanguage\":\"es\",\"@id\":\"https:\/\/www.itaipbc.org.mx\/itaipBC-2019\/#\/schema\/logo\/image\/\",\"url\":\"http:\/\/www.itaipbc.org.mx\/itaipBC-2019\/wp-content\/uploads\/2020\/01\/ITAIPBC-Completo.png\",\"contentUrl\":\"http:\/\/www.itaipbc.org.mx\/itaipBC-2019\/wp-content\/uploads\/2020\/01\/ITAIPBC-Completo.png\",\"width\":750,\"height\":174,\"caption\":\"Instituto de Transparencia Baja California\"},\"image\":{\"@id\":\"https:\/\/www.itaipbc.org.mx\/itaipBC-2019\/#\/schema\/logo\/image\/\"}},{\"@type\":\"Person\",\"@id\":\"https:\/\/www.itaipbc.org.mx\/itaipBC-2019\/#\/schema\/person\/fe0517b8be1919f7dd71c9d01a6cdb08\",\"name\":\"Anahi Prescencion\",\"image\":{\"@type\":\"ImageObject\",\"inLanguage\":\"es\",\"@id\":\"https:\/\/www.itaipbc.org.mx\/itaipBC-2019\/#\/schema\/person\/image\/\",\"url\":\"https:\/\/secure.gravatar.com\/avatar\/2f6176908986880d9eb812e72116ebc8b491e070cabea8a491a62c7deac9b784?s=96&d=mm&r=g\",\"contentUrl\":\"https:\/\/secure.gravatar.com\/avatar\/2f6176908986880d9eb812e72116ebc8b491e070cabea8a491a62c7deac9b784?s=96&d=mm&r=g\",\"caption\":\"Anahi Prescencion\"},\"url\":\"https:\/\/www.itaipbc.org.mx\/itaipBC-2019\/author\/aimeemoran\/\"}]}<\/script>\n<!-- \/ Yoast SEO plugin. -->","yoast_head_json":{"title":"APRUEBAN DICTAMEN PARA LA DESINCORPORACI\u00d3N DE COEPRIS DEL PADRON DE SUJETOS OBLIGADOS DEL ITAIPBC - ItaipBC","robots":{"index":"index","follow":"follow","max-snippet":"max-snippet:-1","max-image-preview":"max-image-preview:large","max-video-preview":"max-video-preview:-1"},"canonical":"https:\/\/www.itaipbc.org.mx\/itaipBC-2019\/aprueban-dictamen-para-la-desincorporacion-de-coepris-del-padron-de-sujetos-obligados-del-itaipbc\/","og_locale":"es_ES","og_type":"article","og_title":"APRUEBAN DICTAMEN PARA LA DESINCORPORACI\u00d3N DE COEPRIS DEL PADRON DE SUJETOS OBLIGADOS DEL ITAIPBC - ItaipBC","og_description":"APRUEBAN DICTAMEN PARA LA DESINCORPORACI\u00d3N DE COEPRIS DEL PADRON DE SUJETOS OBLIGADOS DEL ITAIPBC Mexicali, Baja California. \u2013\u00a0 El Pleno del Instituto de Transparencia, Acceso a la Informaci\u00f3n P\u00fablica y Protecci\u00f3n de Datos Personales del Estado de Baja California (ITAIPBC), aprob\u00f3 el dictamen para la desincorporaci\u00f3n de la Comisi\u00f3n Estatal de Protecci\u00f3n Contra Riesgos Sanitarios [&hellip;]","og_url":"https:\/\/www.itaipbc.org.mx\/itaipBC-2019\/aprueban-dictamen-para-la-desincorporacion-de-coepris-del-padron-de-sujetos-obligados-del-itaipbc\/","og_site_name":"ItaipBC","article_published_time":"2022-04-28T15:16:29+00:00","article_modified_time":"2022-04-29T15:23:20+00:00","og_image":[{"width":1395,"height":917,"url":"https:\/\/www.itaipbc.org.mx\/itaipBC-2019\/wp-content\/uploads\/2022\/04\/278804607_1131104357458258_5667593832360437104_n.jpg","type":"image\/jpeg"}],"author":"Anahi Prescencion","twitter_card":"summary_large_image","twitter_misc":{"Escrito por":"Anahi Prescencion","Tiempo de lectura":"3 minutos"},"schema":{"@context":"https:\/\/schema.org","@graph":[{"@type":"Article","@id":"https:\/\/www.itaipbc.org.mx\/itaipBC-2019\/aprueban-dictamen-para-la-desincorporacion-de-coepris-del-padron-de-sujetos-obligados-del-itaipbc\/#article","isPartOf":{"@id":"https:\/\/www.itaipbc.org.mx\/itaipBC-2019\/aprueban-dictamen-para-la-desincorporacion-de-coepris-del-padron-de-sujetos-obligados-del-itaipbc\/"},"author":{"name":"Anahi Prescencion","@id":"https:\/\/www.itaipbc.org.mx\/itaipBC-2019\/#\/schema\/person\/fe0517b8be1919f7dd71c9d01a6cdb08"},"headline":"APRUEBAN DICTAMEN PARA LA DESINCORPORACI\u00d3N DE COEPRIS DEL PADRON DE SUJETOS OBLIGADOS DEL ITAIPBC","datePublished":"2022-04-28T15:16:29+00:00","dateModified":"2022-04-29T15:23:20+00:00","mainEntityOfPage":{"@id":"https:\/\/www.itaipbc.org.mx\/itaipBC-2019\/aprueban-dictamen-para-la-desincorporacion-de-coepris-del-padron-de-sujetos-obligados-del-itaipbc\/"},"wordCount":564,"publisher":{"@id":"https:\/\/www.itaipbc.org.mx\/itaipBC-2019\/#organization"},"image":{"@id":"https:\/\/www.itaipbc.org.mx\/itaipBC-2019\/aprueban-dictamen-para-la-desincorporacion-de-coepris-del-padron-de-sujetos-obligados-del-itaipbc\/#primaryimage"},"thumbnailUrl":"https:\/\/www.itaipbc.org.mx\/itaipBC-2019\/wp-content\/uploads\/2022\/04\/278804607_1131104357458258_5667593832360437104_n.jpg","keywords":["ITAIPBC","Sujetos obligados","TRANSPARENCIA","VERIFICACI\u00d3N"],"articleSection":["Noticias"],"inLanguage":"es"},{"@type":"WebPage","@id":"https:\/\/www.itaipbc.org.mx\/itaipBC-2019\/aprueban-dictamen-para-la-desincorporacion-de-coepris-del-padron-de-sujetos-obligados-del-itaipbc\/","url":"https:\/\/www.itaipbc.org.mx\/itaipBC-2019\/aprueban-dictamen-para-la-desincorporacion-de-coepris-del-padron-de-sujetos-obligados-del-itaipbc\/","name":"APRUEBAN DICTAMEN PARA LA DESINCORPORACI\u00d3N DE COEPRIS DEL PADRON DE SUJETOS OBLIGADOS DEL ITAIPBC - ItaipBC","isPartOf":{"@id":"https:\/\/www.itaipbc.org.mx\/itaipBC-2019\/#website"},"primaryImageOfPage":{"@id":"https:\/\/www.itaipbc.org.mx\/itaipBC-2019\/aprueban-dictamen-para-la-desincorporacion-de-coepris-del-padron-de-sujetos-obligados-del-itaipbc\/#primaryimage"},"image":{"@id":"https:\/\/www.itaipbc.org.mx\/itaipBC-2019\/aprueban-dictamen-para-la-desincorporacion-de-coepris-del-padron-de-sujetos-obligados-del-itaipbc\/#primaryimage"},"thumbnailUrl":"https:\/\/www.itaipbc.org.mx\/itaipBC-2019\/wp-content\/uploads\/2022\/04\/278804607_1131104357458258_5667593832360437104_n.jpg","datePublished":"2022-04-28T15:16:29+00:00","dateModified":"2022-04-29T15:23:20+00:00","breadcrumb":{"@id":"https:\/\/www.itaipbc.org.mx\/itaipBC-2019\/aprueban-dictamen-para-la-desincorporacion-de-coepris-del-padron-de-sujetos-obligados-del-itaipbc\/#breadcrumb"},"inLanguage":"es","potentialAction":[{"@type":"ReadAction","target":["https:\/\/www.itaipbc.org.mx\/itaipBC-2019\/aprueban-dictamen-para-la-desincorporacion-de-coepris-del-padron-de-sujetos-obligados-del-itaipbc\/"]}]},{"@type":"ImageObject","inLanguage":"es","@id":"https:\/\/www.itaipbc.org.mx\/itaipBC-2019\/aprueban-dictamen-para-la-desincorporacion-de-coepris-del-padron-de-sujetos-obligados-del-itaipbc\/#primaryimage","url":"https:\/\/www.itaipbc.org.mx\/itaipBC-2019\/wp-content\/uploads\/2022\/04\/278804607_1131104357458258_5667593832360437104_n.jpg","contentUrl":"https:\/\/www.itaipbc.org.mx\/itaipBC-2019\/wp-content\/uploads\/2022\/04\/278804607_1131104357458258_5667593832360437104_n.jpg","width":1395,"height":917},{"@type":"BreadcrumbList","@id":"https:\/\/www.itaipbc.org.mx\/itaipBC-2019\/aprueban-dictamen-para-la-desincorporacion-de-coepris-del-padron-de-sujetos-obligados-del-itaipbc\/#breadcrumb","itemListElement":[{"@type":"ListItem","position":1,"name":"Portada","item":"https:\/\/www.itaipbc.org.mx\/itaipBC-2019\/"},{"@type":"ListItem","position":2,"name":"APRUEBAN DICTAMEN PARA LA DESINCORPORACI\u00d3N DE COEPRIS DEL PADRON DE SUJETOS OBLIGADOS DEL ITAIPBC"}]},{"@type":"WebSite","@id":"https:\/\/www.itaipbc.org.mx\/itaipBC-2019\/#website","url":"https:\/\/www.itaipbc.org.mx\/itaipBC-2019\/","name":"ItaipBC","description":"","publisher":{"@id":"https:\/\/www.itaipbc.org.mx\/itaipBC-2019\/#organization"},"potentialAction":[{"@type":"SearchAction","target":{"@type":"EntryPoint","urlTemplate":"https:\/\/www.itaipbc.org.mx\/itaipBC-2019\/?s={search_term_string}"},"query-input":{"@type":"PropertyValueSpecification","valueRequired":true,"valueName":"search_term_string"}}],"inLanguage":"es"},{"@type":"Organization","@id":"https:\/\/www.itaipbc.org.mx\/itaipBC-2019\/#organization","name":"Instituto de Transparencia Baja California","url":"https:\/\/www.itaipbc.org.mx\/itaipBC-2019\/","logo":{"@type":"ImageObject","inLanguage":"es","@id":"https:\/\/www.itaipbc.org.mx\/itaipBC-2019\/#\/schema\/logo\/image\/","url":"http:\/\/www.itaipbc.org.mx\/itaipBC-2019\/wp-content\/uploads\/2020\/01\/ITAIPBC-Completo.png","contentUrl":"http:\/\/www.itaipbc.org.mx\/itaipBC-2019\/wp-content\/uploads\/2020\/01\/ITAIPBC-Completo.png","width":750,"height":174,"caption":"Instituto de Transparencia Baja California"},"image":{"@id":"https:\/\/www.itaipbc.org.mx\/itaipBC-2019\/#\/schema\/logo\/image\/"}},{"@type":"Person","@id":"https:\/\/www.itaipbc.org.mx\/itaipBC-2019\/#\/schema\/person\/fe0517b8be1919f7dd71c9d01a6cdb08","name":"Anahi Prescencion","image":{"@type":"ImageObject","inLanguage":"es","@id":"https:\/\/www.itaipbc.org.mx\/itaipBC-2019\/#\/schema\/person\/image\/","url":"https:\/\/secure.gravatar.com\/avatar\/2f6176908986880d9eb812e72116ebc8b491e070cabea8a491a62c7deac9b784?s=96&d=mm&r=g","contentUrl":"https:\/\/secure.gravatar.com\/avatar\/2f6176908986880d9eb812e72116ebc8b491e070cabea8a491a62c7deac9b784?s=96&d=mm&r=g","caption":"Anahi Prescencion"},"url":"https:\/\/www.itaipbc.org.mx\/itaipBC-2019\/author\/aimeemoran\/"}]}},"_links":{"self":[{"href":"https:\/\/www.itaipbc.org.mx\/itaipBC-2019\/wp-json\/wp\/v2\/posts\/7488","targetHints":{"allow":["GET"]}}],"collection":[{"href":"https:\/\/www.itaipbc.org.mx\/itaipBC-2019\/wp-json\/wp\/v2\/posts"}],"about":[{"href":"https:\/\/www.itaipbc.org.mx\/itaipBC-2019\/wp-json\/wp\/v2\/types\/post"}],"author":[{"embeddable":true,"href":"https:\/\/www.itaipbc.org.mx\/itaipBC-2019\/wp-json\/wp\/v2\/users\/8"}],"replies":[{"embeddable":true,"href":"https:\/\/www.itaipbc.org.mx\/itaipBC-2019\/wp-json\/wp\/v2\/comments?post=7488"}],"version-history":[{"count":0,"href":"https:\/\/www.itaipbc.org.mx\/itaipBC-2019\/wp-json\/wp\/v2\/posts\/7488\/revisions"}],"wp:featuredmedia":[{"embeddable":true,"href":"https:\/\/www.itaipbc.org.mx\/itaipBC-2019\/wp-json\/wp\/v2\/media\/7489"}],"wp:attachment":[{"href":"https:\/\/www.itaipbc.org.mx\/itaipBC-2019\/wp-json\/wp\/v2\/media?parent=7488"}],"wp:term":[{"taxonomy":"category","embeddable":true,"href":"https:\/\/www.itaipbc.org.mx\/itaipBC-2019\/wp-json\/wp\/v2\/categories?post=7488"},{"taxonomy":"post_tag","embeddable":true,"href":"https:\/\/www.itaipbc.org.mx\/itaipBC-2019\/wp-json\/wp\/v2\/tags?post=7488"}],"curies":[{"name":"wp","href":"https:\/\/api.w.org\/{rel}","templated":true}]}}