{"id":7439,"date":"2022-04-22T13:46:49","date_gmt":"2022-04-22T20:46:49","guid":{"rendered":"http:\/\/www.itaipbc.org.mx\/itaipBC-2019\/?p=7439"},"modified":"2022-04-22T13:46:49","modified_gmt":"2022-04-22T20:46:49","slug":"itaipbc-brinda-capacitacion-a-issstecali-en-materia-de-proteccion-de-datos-personales","status":"publish","type":"post","link":"https:\/\/www.itaipbc.org.mx\/itaipBC-2019\/itaipbc-brinda-capacitacion-a-issstecali-en-materia-de-proteccion-de-datos-personales\/","title":{"rendered":"ITAIPBC BRINDA CAPACITACI\u00d3N A ISSSTECALI EN MATERIA DE PROTECCI\u00d3N DE DATOS PERSONALES"},"content":{"rendered":"<p><img loading=\"lazy\" decoding=\"async\" class=\"alignnone size-medium wp-image-7440\" src=\"http:\/\/www.itaipbc.org.mx\/itaipBC-2019\/wp-content\/uploads\/2022\/04\/CAPACITACION-ISSSTECALI-450x253.jpg\" alt=\"\" width=\"450\" height=\"253\" srcset=\"https:\/\/www.itaipbc.org.mx\/itaipBC-2019\/wp-content\/uploads\/2022\/04\/CAPACITACION-ISSSTECALI-450x253.jpg 450w, https:\/\/www.itaipbc.org.mx\/itaipBC-2019\/wp-content\/uploads\/2022\/04\/CAPACITACION-ISSSTECALI-1024x576.jpg 1024w, https:\/\/www.itaipbc.org.mx\/itaipBC-2019\/wp-content\/uploads\/2022\/04\/CAPACITACION-ISSSTECALI-768x432.jpg 768w, https:\/\/www.itaipbc.org.mx\/itaipBC-2019\/wp-content\/uploads\/2022\/04\/CAPACITACION-ISSSTECALI-1536x864.jpg 1536w, https:\/\/www.itaipbc.org.mx\/itaipBC-2019\/wp-content\/uploads\/2022\/04\/CAPACITACION-ISSSTECALI.jpg 1920w\" sizes=\"auto, (max-width: 450px) 100vw, 450px\" \/><\/p>\n<p><strong>ITAIPBC BRINDA CAPACITACI\u00d3N A ISSSTECALI EN MATERIA DE PROTECCI\u00d3N DE DATOS PERSONALES<\/strong><\/p>\n<p><strong>\u00a0<\/strong><strong>Mexicali, Baja California. &#8211;<\/strong> Con la finalidad de concientizar a las servidoras y servidores p\u00fablicos de Baja California de la importancia de proteger los datos personales, el <strong>Instituto de Transparencia, Acceso a la Informaci\u00f3n P\u00fablica y Protecci\u00f3n de Datos Personales del Estado de Baja California (ITAIPBC)<\/strong> llev\u00f3 a cabo la<strong> <em>\u201cJornada de capacitaciones en materia de Protecci\u00f3n de Datos Personales<\/em>\u201d<\/strong>, dirigida a 150 funcionarios del<strong> Instituto de Seguridad y Servicios Sociales de los Trabajadores del Gobierno y Municipios del Estado de Baja California (ISSSTECALI)<\/strong>, perteneciente a las 38 unidades m\u00e9dicas y \u00e1reas administrativas con las que cuentan en la entidad.<\/p>\n<p>Al respecto, el <strong>Comisionado Presidente del ITAIPBC, Jes\u00fas Alberto Sandoval Franco,<\/strong> coment\u00f3 que la capacitaci\u00f3n, que se realiz\u00f3 durante toda la semana, correspondi\u00f3 a las atribuciones que los sujetos obligados deben cumplir, de acuerdo lo establecido por la<strong> Ley General de Protecci\u00f3n de Datos Personales en Posesi\u00f3n de Sujetos Obligados, la Ley de Protecci\u00f3n de Datos Personales en Posesi\u00f3n de Sujetos Obligados para el Estado de Baja California<\/strong> y los <strong>Lineamientos de protecci\u00f3n de datos personales en posesi\u00f3n de Sujetos Obligados del Estado de Baja California<\/strong>.<\/p>\n<p>Indic\u00f3 que el tema es de suma importancia para el sector salud, debido a la delicada informaci\u00f3n que manejan en su rubro, por lo que el tratamiento que se le debe dar a los datos sensibles de pacientes y personas particulares debe ser muy cuidadoso para no violentar sus derechos.<\/p>\n<p>\u201cAsimismo, se les est\u00e1n brindando los mecanismos, procedimientos y acciones pertinentes que se deben implementar al interior de su unidad de transparencia y \u00e1reas administrativas, para que realicen el debido tratamiento de los datos\u201d, precis\u00f3.<\/p>\n<p>Sandoval Franco detall\u00f3 que el programa de capacitaciones incluy\u00f3 los temas <strong>\u201cIntroducci\u00f3n a la protecci\u00f3n de datos personales<em>\u201d, \u201cDeberes para la protecci\u00f3n de datos personales y Sistema de Gesti\u00f3n\u201d<\/em>, <em>\u201cGesti\u00f3n de solicitudes ARCOP (Acceso, Rectificaci\u00f3n, Cancelaci\u00f3n, Oposici\u00f3n y Portabilidad), \u201cClasificaci\u00f3n y desclasificaci\u00f3n de la informaci\u00f3n\u201d, <\/em>\u201c<em>Introducci\u00f3n al generador de versiones p\u00fablicas: TEST DATA\u201d<\/em> <\/strong>y, adicionalmente, se brind\u00f3 el tema de <em><strong>\u201cObligaciones de Transparencia \u00bfen qu\u00e9 consisten y c\u00f3mo se actualizan\u201d<\/strong>, as\u00ed como <strong>\u201c<\/strong><\/em><strong><em>Carga de informaci\u00f3n p\u00fablica en portales de Internet y SIPOT\u201d<\/em><\/strong>.<\/p>\n<p>Durante las capacitaciones estuvieron presentes la Comisionada del ITAIPBC <strong>Cinthya Denise G\u00f3mez Casta\u00f1eda<\/strong>; Comisionada <strong>Luc\u00eda Ariana Miranda G\u00f3mez;<\/strong> Titular de la Unidad de Transparencia de ISSSTECALI, <strong>Daniel Maga\u00f1a Hern\u00e1ndez<\/strong>; la Subdirectora General M\u00e9dica de ISSSTECALI, <strong>Guadalupe Angelica Pon M\u00e9ndez<\/strong>; Subdirector General de Prestaciones Econ\u00f3micas y Sociales del ISSSTECALI, <strong>Carlos Castillo Monta\u00f1o<\/strong>; la Coordinadora de Protecci\u00f3n de Datos Personales del ITAIPBC, <strong>Mariela Ju\u00e1rez L\u00f3pez<\/strong>; la Coordinadora de Asuntos Jur\u00eddicos del ITAIPBC; <strong>Jimena Jim\u00e9nez Mena<\/strong>; el Coordinador de Verificaci\u00f3n y Seguimiento del ITAIPBC; <strong>Christian Jes\u00fas Aguayo Becerra<\/strong> y el Coordinador de la Unidad de Transparencia y Oficial de Datos Personales del ISSSTECALI, <strong>\u00d3scar Francisco Osuna Carrasco.<\/strong><\/p>\n","protected":false},"excerpt":{"rendered":"<p>ITAIPBC BRINDA CAPACITACI\u00d3N A ISSSTECALI EN MATERIA DE PROTECCI\u00d3N DE DATOS PERSONALES \u00a0Mexicali, Baja California. &#8211; Con la finalidad de concientizar a las servidoras y servidores p\u00fablicos de Baja California de la importancia de proteger los datos personales, el Instituto de Transparencia, Acceso a la Informaci\u00f3n P\u00fablica y Protecci\u00f3n de Datos Personales del Estado de [&hellip;]<\/p>\n","protected":false},"author":8,"featured_media":7441,"comment_status":"closed","ping_status":"closed","sticky":false,"template":"","format":"standard","meta":{"footnotes":""},"categories":[1],"tags":[110],"class_list":["post-7439","post","type-post","status-publish","format-standard","has-post-thumbnail","hentry","category-noticias","tag-issstecali-itaipbc-datos-personales"],"yoast_head":"<!-- This site is optimized with the Yoast SEO plugin v26.5 - https:\/\/yoast.com\/wordpress\/plugins\/seo\/ -->\n<title>ITAIPBC BRINDA CAPACITACI\u00d3N A ISSSTECALI EN MATERIA DE PROTECCI\u00d3N DE DATOS PERSONALES - ItaipBC<\/title>\n<meta name=\"robots\" content=\"index, follow, max-snippet:-1, max-image-preview:large, max-video-preview:-1\" \/>\n<link rel=\"canonical\" href=\"https:\/\/www.itaipbc.org.mx\/itaipBC-2019\/itaipbc-brinda-capacitacion-a-issstecali-en-materia-de-proteccion-de-datos-personales\/\" \/>\n<meta property=\"og:locale\" content=\"es_ES\" \/>\n<meta property=\"og:type\" content=\"article\" \/>\n<meta property=\"og:title\" content=\"ITAIPBC BRINDA CAPACITACI\u00d3N A ISSSTECALI EN MATERIA DE PROTECCI\u00d3N DE DATOS PERSONALES - ItaipBC\" \/>\n<meta property=\"og:description\" content=\"ITAIPBC BRINDA CAPACITACI\u00d3N A ISSSTECALI EN MATERIA DE PROTECCI\u00d3N DE DATOS PERSONALES \u00a0Mexicali, Baja California. &#8211; Con la finalidad de concientizar a las servidoras y servidores p\u00fablicos de Baja California de la importancia de proteger los datos personales, el Instituto de Transparencia, Acceso a la Informaci\u00f3n P\u00fablica y Protecci\u00f3n de Datos Personales del Estado de [&hellip;]\" \/>\n<meta property=\"og:url\" content=\"https:\/\/www.itaipbc.org.mx\/itaipBC-2019\/itaipbc-brinda-capacitacion-a-issstecali-en-materia-de-proteccion-de-datos-personales\/\" \/>\n<meta property=\"og:site_name\" content=\"ItaipBC\" \/>\n<meta property=\"article:published_time\" content=\"2022-04-22T20:46:49+00:00\" \/>\n<meta property=\"og:image\" content=\"https:\/\/www.itaipbc.org.mx\/itaipBC-2019\/wp-content\/uploads\/2022\/04\/CAPACITACION-ISSSTECALI-1.jpg\" \/>\n\t<meta property=\"og:image:width\" content=\"1920\" \/>\n\t<meta property=\"og:image:height\" content=\"1080\" \/>\n\t<meta property=\"og:image:type\" content=\"image\/jpeg\" \/>\n<meta name=\"author\" content=\"Anahi Prescencion\" \/>\n<meta name=\"twitter:card\" content=\"summary_large_image\" \/>\n<meta name=\"twitter:label1\" content=\"Escrito por\" \/>\n\t<meta name=\"twitter:data1\" content=\"Anahi Prescencion\" \/>\n\t<meta name=\"twitter:label2\" content=\"Tiempo de lectura\" \/>\n\t<meta name=\"twitter:data2\" content=\"3 minutos\" \/>\n<script type=\"application\/ld+json\" class=\"yoast-schema-graph\">{\"@context\":\"https:\/\/schema.org\",\"@graph\":[{\"@type\":\"Article\",\"@id\":\"https:\/\/www.itaipbc.org.mx\/itaipBC-2019\/itaipbc-brinda-capacitacion-a-issstecali-en-materia-de-proteccion-de-datos-personales\/#article\",\"isPartOf\":{\"@id\":\"https:\/\/www.itaipbc.org.mx\/itaipBC-2019\/itaipbc-brinda-capacitacion-a-issstecali-en-materia-de-proteccion-de-datos-personales\/\"},\"author\":{\"name\":\"Anahi Prescencion\",\"@id\":\"https:\/\/www.itaipbc.org.mx\/itaipBC-2019\/#\/schema\/person\/fe0517b8be1919f7dd71c9d01a6cdb08\"},\"headline\":\"ITAIPBC BRINDA CAPACITACI\u00d3N A ISSSTECALI EN MATERIA DE PROTECCI\u00d3N DE DATOS PERSONALES\",\"datePublished\":\"2022-04-22T20:46:49+00:00\",\"mainEntityOfPage\":{\"@id\":\"https:\/\/www.itaipbc.org.mx\/itaipBC-2019\/itaipbc-brinda-capacitacion-a-issstecali-en-materia-de-proteccion-de-datos-personales\/\"},\"wordCount\":532,\"publisher\":{\"@id\":\"https:\/\/www.itaipbc.org.mx\/itaipBC-2019\/#organization\"},\"image\":{\"@id\":\"https:\/\/www.itaipbc.org.mx\/itaipBC-2019\/itaipbc-brinda-capacitacion-a-issstecali-en-materia-de-proteccion-de-datos-personales\/#primaryimage\"},\"thumbnailUrl\":\"https:\/\/www.itaipbc.org.mx\/itaipBC-2019\/wp-content\/uploads\/2022\/04\/CAPACITACION-ISSSTECALI-1.jpg\",\"keywords\":[\"ISSSTECALI; ITAIPBC; DATOS PERSONALES\"],\"articleSection\":[\"Noticias\"],\"inLanguage\":\"es\"},{\"@type\":\"WebPage\",\"@id\":\"https:\/\/www.itaipbc.org.mx\/itaipBC-2019\/itaipbc-brinda-capacitacion-a-issstecali-en-materia-de-proteccion-de-datos-personales\/\",\"url\":\"https:\/\/www.itaipbc.org.mx\/itaipBC-2019\/itaipbc-brinda-capacitacion-a-issstecali-en-materia-de-proteccion-de-datos-personales\/\",\"name\":\"ITAIPBC BRINDA CAPACITACI\u00d3N A ISSSTECALI EN MATERIA DE PROTECCI\u00d3N DE DATOS PERSONALES - ItaipBC\",\"isPartOf\":{\"@id\":\"https:\/\/www.itaipbc.org.mx\/itaipBC-2019\/#website\"},\"primaryImageOfPage\":{\"@id\":\"https:\/\/www.itaipbc.org.mx\/itaipBC-2019\/itaipbc-brinda-capacitacion-a-issstecali-en-materia-de-proteccion-de-datos-personales\/#primaryimage\"},\"image\":{\"@id\":\"https:\/\/www.itaipbc.org.mx\/itaipBC-2019\/itaipbc-brinda-capacitacion-a-issstecali-en-materia-de-proteccion-de-datos-personales\/#primaryimage\"},\"thumbnailUrl\":\"https:\/\/www.itaipbc.org.mx\/itaipBC-2019\/wp-content\/uploads\/2022\/04\/CAPACITACION-ISSSTECALI-1.jpg\",\"datePublished\":\"2022-04-22T20:46:49+00:00\",\"breadcrumb\":{\"@id\":\"https:\/\/www.itaipbc.org.mx\/itaipBC-2019\/itaipbc-brinda-capacitacion-a-issstecali-en-materia-de-proteccion-de-datos-personales\/#breadcrumb\"},\"inLanguage\":\"es\",\"potentialAction\":[{\"@type\":\"ReadAction\",\"target\":[\"https:\/\/www.itaipbc.org.mx\/itaipBC-2019\/itaipbc-brinda-capacitacion-a-issstecali-en-materia-de-proteccion-de-datos-personales\/\"]}]},{\"@type\":\"ImageObject\",\"inLanguage\":\"es\",\"@id\":\"https:\/\/www.itaipbc.org.mx\/itaipBC-2019\/itaipbc-brinda-capacitacion-a-issstecali-en-materia-de-proteccion-de-datos-personales\/#primaryimage\",\"url\":\"https:\/\/www.itaipbc.org.mx\/itaipBC-2019\/wp-content\/uploads\/2022\/04\/CAPACITACION-ISSSTECALI-1.jpg\",\"contentUrl\":\"https:\/\/www.itaipbc.org.mx\/itaipBC-2019\/wp-content\/uploads\/2022\/04\/CAPACITACION-ISSSTECALI-1.jpg\",\"width\":1920,\"height\":1080},{\"@type\":\"BreadcrumbList\",\"@id\":\"https:\/\/www.itaipbc.org.mx\/itaipBC-2019\/itaipbc-brinda-capacitacion-a-issstecali-en-materia-de-proteccion-de-datos-personales\/#breadcrumb\",\"itemListElement\":[{\"@type\":\"ListItem\",\"position\":1,\"name\":\"Portada\",\"item\":\"https:\/\/www.itaipbc.org.mx\/itaipBC-2019\/\"},{\"@type\":\"ListItem\",\"position\":2,\"name\":\"ITAIPBC BRINDA CAPACITACI\u00d3N A ISSSTECALI EN MATERIA DE PROTECCI\u00d3N DE DATOS PERSONALES\"}]},{\"@type\":\"WebSite\",\"@id\":\"https:\/\/www.itaipbc.org.mx\/itaipBC-2019\/#website\",\"url\":\"https:\/\/www.itaipbc.org.mx\/itaipBC-2019\/\",\"name\":\"ItaipBC\",\"description\":\"\",\"publisher\":{\"@id\":\"https:\/\/www.itaipbc.org.mx\/itaipBC-2019\/#organization\"},\"potentialAction\":[{\"@type\":\"SearchAction\",\"target\":{\"@type\":\"EntryPoint\",\"urlTemplate\":\"https:\/\/www.itaipbc.org.mx\/itaipBC-2019\/?s={search_term_string}\"},\"query-input\":{\"@type\":\"PropertyValueSpecification\",\"valueRequired\":true,\"valueName\":\"search_term_string\"}}],\"inLanguage\":\"es\"},{\"@type\":\"Organization\",\"@id\":\"https:\/\/www.itaipbc.org.mx\/itaipBC-2019\/#organization\",\"name\":\"Instituto de Transparencia Baja California\",\"url\":\"https:\/\/www.itaipbc.org.mx\/itaipBC-2019\/\",\"logo\":{\"@type\":\"ImageObject\",\"inLanguage\":\"es\",\"@id\":\"https:\/\/www.itaipbc.org.mx\/itaipBC-2019\/#\/schema\/logo\/image\/\",\"url\":\"http:\/\/www.itaipbc.org.mx\/itaipBC-2019\/wp-content\/uploads\/2020\/01\/ITAIPBC-Completo.png\",\"contentUrl\":\"http:\/\/www.itaipbc.org.mx\/itaipBC-2019\/wp-content\/uploads\/2020\/01\/ITAIPBC-Completo.png\",\"width\":750,\"height\":174,\"caption\":\"Instituto de Transparencia Baja California\"},\"image\":{\"@id\":\"https:\/\/www.itaipbc.org.mx\/itaipBC-2019\/#\/schema\/logo\/image\/\"}},{\"@type\":\"Person\",\"@id\":\"https:\/\/www.itaipbc.org.mx\/itaipBC-2019\/#\/schema\/person\/fe0517b8be1919f7dd71c9d01a6cdb08\",\"name\":\"Anahi Prescencion\",\"image\":{\"@type\":\"ImageObject\",\"inLanguage\":\"es\",\"@id\":\"https:\/\/www.itaipbc.org.mx\/itaipBC-2019\/#\/schema\/person\/image\/\",\"url\":\"https:\/\/secure.gravatar.com\/avatar\/2f6176908986880d9eb812e72116ebc8b491e070cabea8a491a62c7deac9b784?s=96&d=mm&r=g\",\"contentUrl\":\"https:\/\/secure.gravatar.com\/avatar\/2f6176908986880d9eb812e72116ebc8b491e070cabea8a491a62c7deac9b784?s=96&d=mm&r=g\",\"caption\":\"Anahi Prescencion\"},\"url\":\"https:\/\/www.itaipbc.org.mx\/itaipBC-2019\/author\/aimeemoran\/\"}]}<\/script>\n<!-- \/ Yoast SEO plugin. -->","yoast_head_json":{"title":"ITAIPBC BRINDA CAPACITACI\u00d3N A ISSSTECALI EN MATERIA DE PROTECCI\u00d3N DE DATOS PERSONALES - ItaipBC","robots":{"index":"index","follow":"follow","max-snippet":"max-snippet:-1","max-image-preview":"max-image-preview:large","max-video-preview":"max-video-preview:-1"},"canonical":"https:\/\/www.itaipbc.org.mx\/itaipBC-2019\/itaipbc-brinda-capacitacion-a-issstecali-en-materia-de-proteccion-de-datos-personales\/","og_locale":"es_ES","og_type":"article","og_title":"ITAIPBC BRINDA CAPACITACI\u00d3N A ISSSTECALI EN MATERIA DE PROTECCI\u00d3N DE DATOS PERSONALES - ItaipBC","og_description":"ITAIPBC BRINDA CAPACITACI\u00d3N A ISSSTECALI EN MATERIA DE PROTECCI\u00d3N DE DATOS PERSONALES \u00a0Mexicali, Baja California. &#8211; Con la finalidad de concientizar a las servidoras y servidores p\u00fablicos de Baja California de la importancia de proteger los datos personales, el Instituto de Transparencia, Acceso a la Informaci\u00f3n P\u00fablica y Protecci\u00f3n de Datos Personales del Estado de [&hellip;]","og_url":"https:\/\/www.itaipbc.org.mx\/itaipBC-2019\/itaipbc-brinda-capacitacion-a-issstecali-en-materia-de-proteccion-de-datos-personales\/","og_site_name":"ItaipBC","article_published_time":"2022-04-22T20:46:49+00:00","og_image":[{"width":1920,"height":1080,"url":"https:\/\/www.itaipbc.org.mx\/itaipBC-2019\/wp-content\/uploads\/2022\/04\/CAPACITACION-ISSSTECALI-1.jpg","type":"image\/jpeg"}],"author":"Anahi Prescencion","twitter_card":"summary_large_image","twitter_misc":{"Escrito por":"Anahi Prescencion","Tiempo de lectura":"3 minutos"},"schema":{"@context":"https:\/\/schema.org","@graph":[{"@type":"Article","@id":"https:\/\/www.itaipbc.org.mx\/itaipBC-2019\/itaipbc-brinda-capacitacion-a-issstecali-en-materia-de-proteccion-de-datos-personales\/#article","isPartOf":{"@id":"https:\/\/www.itaipbc.org.mx\/itaipBC-2019\/itaipbc-brinda-capacitacion-a-issstecali-en-materia-de-proteccion-de-datos-personales\/"},"author":{"name":"Anahi Prescencion","@id":"https:\/\/www.itaipbc.org.mx\/itaipBC-2019\/#\/schema\/person\/fe0517b8be1919f7dd71c9d01a6cdb08"},"headline":"ITAIPBC BRINDA CAPACITACI\u00d3N A ISSSTECALI EN MATERIA DE PROTECCI\u00d3N DE DATOS PERSONALES","datePublished":"2022-04-22T20:46:49+00:00","mainEntityOfPage":{"@id":"https:\/\/www.itaipbc.org.mx\/itaipBC-2019\/itaipbc-brinda-capacitacion-a-issstecali-en-materia-de-proteccion-de-datos-personales\/"},"wordCount":532,"publisher":{"@id":"https:\/\/www.itaipbc.org.mx\/itaipBC-2019\/#organization"},"image":{"@id":"https:\/\/www.itaipbc.org.mx\/itaipBC-2019\/itaipbc-brinda-capacitacion-a-issstecali-en-materia-de-proteccion-de-datos-personales\/#primaryimage"},"thumbnailUrl":"https:\/\/www.itaipbc.org.mx\/itaipBC-2019\/wp-content\/uploads\/2022\/04\/CAPACITACION-ISSSTECALI-1.jpg","keywords":["ISSSTECALI; ITAIPBC; DATOS PERSONALES"],"articleSection":["Noticias"],"inLanguage":"es"},{"@type":"WebPage","@id":"https:\/\/www.itaipbc.org.mx\/itaipBC-2019\/itaipbc-brinda-capacitacion-a-issstecali-en-materia-de-proteccion-de-datos-personales\/","url":"https:\/\/www.itaipbc.org.mx\/itaipBC-2019\/itaipbc-brinda-capacitacion-a-issstecali-en-materia-de-proteccion-de-datos-personales\/","name":"ITAIPBC BRINDA CAPACITACI\u00d3N A ISSSTECALI EN MATERIA DE PROTECCI\u00d3N DE DATOS PERSONALES - ItaipBC","isPartOf":{"@id":"https:\/\/www.itaipbc.org.mx\/itaipBC-2019\/#website"},"primaryImageOfPage":{"@id":"https:\/\/www.itaipbc.org.mx\/itaipBC-2019\/itaipbc-brinda-capacitacion-a-issstecali-en-materia-de-proteccion-de-datos-personales\/#primaryimage"},"image":{"@id":"https:\/\/www.itaipbc.org.mx\/itaipBC-2019\/itaipbc-brinda-capacitacion-a-issstecali-en-materia-de-proteccion-de-datos-personales\/#primaryimage"},"thumbnailUrl":"https:\/\/www.itaipbc.org.mx\/itaipBC-2019\/wp-content\/uploads\/2022\/04\/CAPACITACION-ISSSTECALI-1.jpg","datePublished":"2022-04-22T20:46:49+00:00","breadcrumb":{"@id":"https:\/\/www.itaipbc.org.mx\/itaipBC-2019\/itaipbc-brinda-capacitacion-a-issstecali-en-materia-de-proteccion-de-datos-personales\/#breadcrumb"},"inLanguage":"es","potentialAction":[{"@type":"ReadAction","target":["https:\/\/www.itaipbc.org.mx\/itaipBC-2019\/itaipbc-brinda-capacitacion-a-issstecali-en-materia-de-proteccion-de-datos-personales\/"]}]},{"@type":"ImageObject","inLanguage":"es","@id":"https:\/\/www.itaipbc.org.mx\/itaipBC-2019\/itaipbc-brinda-capacitacion-a-issstecali-en-materia-de-proteccion-de-datos-personales\/#primaryimage","url":"https:\/\/www.itaipbc.org.mx\/itaipBC-2019\/wp-content\/uploads\/2022\/04\/CAPACITACION-ISSSTECALI-1.jpg","contentUrl":"https:\/\/www.itaipbc.org.mx\/itaipBC-2019\/wp-content\/uploads\/2022\/04\/CAPACITACION-ISSSTECALI-1.jpg","width":1920,"height":1080},{"@type":"BreadcrumbList","@id":"https:\/\/www.itaipbc.org.mx\/itaipBC-2019\/itaipbc-brinda-capacitacion-a-issstecali-en-materia-de-proteccion-de-datos-personales\/#breadcrumb","itemListElement":[{"@type":"ListItem","position":1,"name":"Portada","item":"https:\/\/www.itaipbc.org.mx\/itaipBC-2019\/"},{"@type":"ListItem","position":2,"name":"ITAIPBC BRINDA CAPACITACI\u00d3N A ISSSTECALI EN MATERIA DE PROTECCI\u00d3N DE DATOS PERSONALES"}]},{"@type":"WebSite","@id":"https:\/\/www.itaipbc.org.mx\/itaipBC-2019\/#website","url":"https:\/\/www.itaipbc.org.mx\/itaipBC-2019\/","name":"ItaipBC","description":"","publisher":{"@id":"https:\/\/www.itaipbc.org.mx\/itaipBC-2019\/#organization"},"potentialAction":[{"@type":"SearchAction","target":{"@type":"EntryPoint","urlTemplate":"https:\/\/www.itaipbc.org.mx\/itaipBC-2019\/?s={search_term_string}"},"query-input":{"@type":"PropertyValueSpecification","valueRequired":true,"valueName":"search_term_string"}}],"inLanguage":"es"},{"@type":"Organization","@id":"https:\/\/www.itaipbc.org.mx\/itaipBC-2019\/#organization","name":"Instituto de Transparencia Baja California","url":"https:\/\/www.itaipbc.org.mx\/itaipBC-2019\/","logo":{"@type":"ImageObject","inLanguage":"es","@id":"https:\/\/www.itaipbc.org.mx\/itaipBC-2019\/#\/schema\/logo\/image\/","url":"http:\/\/www.itaipbc.org.mx\/itaipBC-2019\/wp-content\/uploads\/2020\/01\/ITAIPBC-Completo.png","contentUrl":"http:\/\/www.itaipbc.org.mx\/itaipBC-2019\/wp-content\/uploads\/2020\/01\/ITAIPBC-Completo.png","width":750,"height":174,"caption":"Instituto de Transparencia Baja California"},"image":{"@id":"https:\/\/www.itaipbc.org.mx\/itaipBC-2019\/#\/schema\/logo\/image\/"}},{"@type":"Person","@id":"https:\/\/www.itaipbc.org.mx\/itaipBC-2019\/#\/schema\/person\/fe0517b8be1919f7dd71c9d01a6cdb08","name":"Anahi Prescencion","image":{"@type":"ImageObject","inLanguage":"es","@id":"https:\/\/www.itaipbc.org.mx\/itaipBC-2019\/#\/schema\/person\/image\/","url":"https:\/\/secure.gravatar.com\/avatar\/2f6176908986880d9eb812e72116ebc8b491e070cabea8a491a62c7deac9b784?s=96&d=mm&r=g","contentUrl":"https:\/\/secure.gravatar.com\/avatar\/2f6176908986880d9eb812e72116ebc8b491e070cabea8a491a62c7deac9b784?s=96&d=mm&r=g","caption":"Anahi Prescencion"},"url":"https:\/\/www.itaipbc.org.mx\/itaipBC-2019\/author\/aimeemoran\/"}]}},"_links":{"self":[{"href":"https:\/\/www.itaipbc.org.mx\/itaipBC-2019\/wp-json\/wp\/v2\/posts\/7439","targetHints":{"allow":["GET"]}}],"collection":[{"href":"https:\/\/www.itaipbc.org.mx\/itaipBC-2019\/wp-json\/wp\/v2\/posts"}],"about":[{"href":"https:\/\/www.itaipbc.org.mx\/itaipBC-2019\/wp-json\/wp\/v2\/types\/post"}],"author":[{"embeddable":true,"href":"https:\/\/www.itaipbc.org.mx\/itaipBC-2019\/wp-json\/wp\/v2\/users\/8"}],"replies":[{"embeddable":true,"href":"https:\/\/www.itaipbc.org.mx\/itaipBC-2019\/wp-json\/wp\/v2\/comments?post=7439"}],"version-history":[{"count":0,"href":"https:\/\/www.itaipbc.org.mx\/itaipBC-2019\/wp-json\/wp\/v2\/posts\/7439\/revisions"}],"wp:featuredmedia":[{"embeddable":true,"href":"https:\/\/www.itaipbc.org.mx\/itaipBC-2019\/wp-json\/wp\/v2\/media\/7441"}],"wp:attachment":[{"href":"https:\/\/www.itaipbc.org.mx\/itaipBC-2019\/wp-json\/wp\/v2\/media?parent=7439"}],"wp:term":[{"taxonomy":"category","embeddable":true,"href":"https:\/\/www.itaipbc.org.mx\/itaipBC-2019\/wp-json\/wp\/v2\/categories?post=7439"},{"taxonomy":"post_tag","embeddable":true,"href":"https:\/\/www.itaipbc.org.mx\/itaipBC-2019\/wp-json\/wp\/v2\/tags?post=7439"}],"curies":[{"name":"wp","href":"https:\/\/api.w.org\/{rel}","templated":true}]}}