{"id":7002,"date":"2022-02-23T15:06:05","date_gmt":"2022-02-23T23:06:05","guid":{"rendered":"http:\/\/www.itaipbc.org.mx\/itaipBC-2019\/?p=7002"},"modified":"2022-02-23T16:01:10","modified_gmt":"2022-02-24T00:01:10","slug":"itaipbc-firma-pacto-nacional-para-la-justicia-abierta-con-perspectiva-de-genero","status":"publish","type":"post","link":"https:\/\/www.itaipbc.org.mx\/itaipBC-2019\/itaipbc-firma-pacto-nacional-para-la-justicia-abierta-con-perspectiva-de-genero\/","title":{"rendered":"ITAIPBC FIRMA PACTO NACIONAL PARA LA JUSTICIA ABIERTA CON PERSPECTIVA DE G\u00c9NERO"},"content":{"rendered":"<p><img loading=\"lazy\" decoding=\"async\" class=\"alignnone size-medium wp-image-7004\" src=\"http:\/\/www.itaipbc.org.mx\/itaipBC-2019\/wp-content\/uploads\/2022\/02\/foto-4-b-450x338.jpg\" alt=\"\" width=\"450\" height=\"338\" srcset=\"https:\/\/www.itaipbc.org.mx\/itaipBC-2019\/wp-content\/uploads\/2022\/02\/foto-4-b-450x338.jpg 450w, https:\/\/www.itaipbc.org.mx\/itaipBC-2019\/wp-content\/uploads\/2022\/02\/foto-4-b-768x576.jpg 768w, https:\/\/www.itaipbc.org.mx\/itaipBC-2019\/wp-content\/uploads\/2022\/02\/foto-4-b.jpg 800w\" sizes=\"auto, (max-width: 450px) 100vw, 450px\" \/><\/p>\n<p><strong>ITAIPBC FIRMA PACTO NACIONAL PARA LA JUSTICIA ABIERTA CON PERSPECTIVA DE G\u00c9NERO<\/strong><\/p>\n<p><strong>-El Pacto impulsar\u00e1\u00a0buenas pr\u00e1cticas innovadoras para la justicia abierta con perspectiva de g\u00e9nero en M\u00e9xico.<\/strong><\/p>\n<p><strong>-En la firma particip\u00f3 el INAI, \u00d3rganos Garantes, Poderes Judiciales y Organismos No Gubernamentales.<\/strong><\/p>\n<p><strong>Mexicali, BC, 23 de febrero de 2022.<\/strong> El <strong>Instituto de Transparencia, Acceso a la Informaci\u00f3n P\u00fablica y Protecci\u00f3n de Datos Personales del Estado de Baja California (ITAIPBC)<\/strong>, firm\u00f3 el \u201cPacto Nacional por la Justicia Abierta con Perspectiva de G\u00e9nero\u201d, en aras de impulsar buenas pr\u00e1cticas innovadoras para la justicia abierta con perspectiva de g\u00e9nero en M\u00e9xico.<\/p>\n<p>El Comisionado Presidente del ITAIPBC, <strong>Jes\u00fas Alberto Sandoval Franco<\/strong>, en representaci\u00f3n del Instituto, particip\u00f3 en el acto protocolario, que se llev\u00f3 a cabo de forma h\u00edbrida, en forma simult\u00e1nea con los \u00d3rganos Garantes de las entidades federativas, el <strong>Instituto Nacional de Transparencia, Acceso a la Informaci\u00f3n y Protecci\u00f3n de Datos Personales (INAI)<\/strong> y representantes de Poderes Judiciales locales, quienes formalizaron de esta manera el proyecto presentado por el Organismo No Gubernamental EQUIS: Justicia para las Mujeres entre otros Organismos de la Sociedad Civil y del sector acad\u00e9mico.<\/p>\n<p>El Pacto deriva de la aprobaci\u00f3n la reforma a la fracci\u00f3n II del Art\u00edculo 73 de la <strong>Ley General de Transparencia y Acceso a la Informaci\u00f3n, <\/strong>mediante la cual se aprueba la publicaci\u00f3n de todas las sentencias, m\u00e1s all\u00e1 de la previa difusi\u00f3n de las sentencias de inter\u00e9s p\u00fablico emitidas por los Poderes Judiciales estatales y federal, con el prop\u00f3sito de dar a conocer versiones p\u00fablicas, cuidando, principalmente los datos personales de los involucrados y evitando cometer injusticias o desigualdad social.<\/p>\n<p>En relaci\u00f3n con su participaci\u00f3n en la firma del Pacto, el Comisionado Presidente del Instituto de Transparencia, manifest\u00f3 que <strong>el 15 de diciembre del a\u00f1o 2021<\/strong>, durante el desarrollo de la <strong>Cuadrag\u00e9sima Primera Sesi\u00f3n Ordinaria<\/strong> de ese a\u00f1o del <strong>Pleno del ITAIPBC<\/strong>, se aprob\u00f3 la adhesi\u00f3n del Instituto a la formalizaci\u00f3n del Pacto, lo que en su oportunidad se comunic\u00f3 al <strong>Sistema Nacional de Transparencia<\/strong> <strong>(SNT)<\/strong>.<\/p>\n","protected":false},"excerpt":{"rendered":"<p>ITAIPBC FIRMA PACTO NACIONAL PARA LA JUSTICIA ABIERTA CON PERSPECTIVA DE G\u00c9NERO -El Pacto impulsar\u00e1\u00a0buenas pr\u00e1cticas innovadoras para la justicia abierta con perspectiva de g\u00e9nero en M\u00e9xico. -En la firma particip\u00f3 el INAI, \u00d3rganos Garantes, Poderes Judiciales y Organismos No Gubernamentales. Mexicali, BC, 23 de febrero de 2022. El Instituto de Transparencia, Acceso a la [&hellip;]<\/p>\n","protected":false},"author":8,"featured_media":7004,"comment_status":"closed","ping_status":"closed","sticky":false,"template":"","format":"standard","meta":{"footnotes":""},"categories":[1],"tags":[93,88,94],"class_list":["post-7002","post","type-post","status-publish","format-standard","has-post-thumbnail","hentry","category-noticias","tag-inai","tag-itaipbc","tag-perspectiva-genero"],"yoast_head":"<!-- This site is optimized with the Yoast SEO plugin v26.5 - https:\/\/yoast.com\/wordpress\/plugins\/seo\/ -->\n<title>ITAIPBC FIRMA PACTO NACIONAL PARA LA JUSTICIA ABIERTA CON PERSPECTIVA DE G\u00c9NERO - ItaipBC<\/title>\n<meta name=\"robots\" content=\"index, follow, max-snippet:-1, max-image-preview:large, max-video-preview:-1\" \/>\n<link rel=\"canonical\" href=\"https:\/\/www.itaipbc.org.mx\/itaipBC-2019\/itaipbc-firma-pacto-nacional-para-la-justicia-abierta-con-perspectiva-de-genero\/\" \/>\n<meta property=\"og:locale\" content=\"es_ES\" \/>\n<meta property=\"og:type\" content=\"article\" \/>\n<meta property=\"og:title\" content=\"ITAIPBC FIRMA PACTO NACIONAL PARA LA JUSTICIA ABIERTA CON PERSPECTIVA DE G\u00c9NERO - ItaipBC\" \/>\n<meta property=\"og:description\" content=\"ITAIPBC FIRMA PACTO NACIONAL PARA LA JUSTICIA ABIERTA CON PERSPECTIVA DE G\u00c9NERO -El Pacto impulsar\u00e1\u00a0buenas pr\u00e1cticas innovadoras para la justicia abierta con perspectiva de g\u00e9nero en M\u00e9xico. -En la firma particip\u00f3 el INAI, \u00d3rganos Garantes, Poderes Judiciales y Organismos No Gubernamentales. Mexicali, BC, 23 de febrero de 2022. El Instituto de Transparencia, Acceso a la [&hellip;]\" \/>\n<meta property=\"og:url\" content=\"https:\/\/www.itaipbc.org.mx\/itaipBC-2019\/itaipbc-firma-pacto-nacional-para-la-justicia-abierta-con-perspectiva-de-genero\/\" \/>\n<meta property=\"og:site_name\" content=\"ItaipBC\" \/>\n<meta property=\"article:published_time\" content=\"2022-02-23T23:06:05+00:00\" \/>\n<meta property=\"article:modified_time\" content=\"2022-02-24T00:01:10+00:00\" \/>\n<meta property=\"og:image\" content=\"https:\/\/www.itaipbc.org.mx\/itaipBC-2019\/wp-content\/uploads\/2022\/02\/foto-4-b.jpg\" \/>\n\t<meta property=\"og:image:width\" content=\"800\" \/>\n\t<meta property=\"og:image:height\" content=\"600\" \/>\n\t<meta property=\"og:image:type\" content=\"image\/jpeg\" \/>\n<meta name=\"author\" content=\"Anahi Prescencion\" \/>\n<meta name=\"twitter:card\" content=\"summary_large_image\" \/>\n<meta name=\"twitter:label1\" content=\"Escrito por\" \/>\n\t<meta name=\"twitter:data1\" content=\"Anahi Prescencion\" \/>\n\t<meta name=\"twitter:label2\" content=\"Tiempo de lectura\" \/>\n\t<meta name=\"twitter:data2\" content=\"2 minutos\" \/>\n<script type=\"application\/ld+json\" class=\"yoast-schema-graph\">{\"@context\":\"https:\/\/schema.org\",\"@graph\":[{\"@type\":\"Article\",\"@id\":\"https:\/\/www.itaipbc.org.mx\/itaipBC-2019\/itaipbc-firma-pacto-nacional-para-la-justicia-abierta-con-perspectiva-de-genero\/#article\",\"isPartOf\":{\"@id\":\"https:\/\/www.itaipbc.org.mx\/itaipBC-2019\/itaipbc-firma-pacto-nacional-para-la-justicia-abierta-con-perspectiva-de-genero\/\"},\"author\":{\"name\":\"Anahi Prescencion\",\"@id\":\"https:\/\/www.itaipbc.org.mx\/itaipBC-2019\/#\/schema\/person\/fe0517b8be1919f7dd71c9d01a6cdb08\"},\"headline\":\"ITAIPBC FIRMA PACTO NACIONAL PARA LA JUSTICIA ABIERTA CON PERSPECTIVA DE G\u00c9NERO\",\"datePublished\":\"2022-02-23T23:06:05+00:00\",\"dateModified\":\"2022-02-24T00:01:10+00:00\",\"mainEntityOfPage\":{\"@id\":\"https:\/\/www.itaipbc.org.mx\/itaipBC-2019\/itaipbc-firma-pacto-nacional-para-la-justicia-abierta-con-perspectiva-de-genero\/\"},\"wordCount\":377,\"publisher\":{\"@id\":\"https:\/\/www.itaipbc.org.mx\/itaipBC-2019\/#organization\"},\"image\":{\"@id\":\"https:\/\/www.itaipbc.org.mx\/itaipBC-2019\/itaipbc-firma-pacto-nacional-para-la-justicia-abierta-con-perspectiva-de-genero\/#primaryimage\"},\"thumbnailUrl\":\"https:\/\/www.itaipbc.org.mx\/itaipBC-2019\/wp-content\/uploads\/2022\/02\/foto-4-b.jpg\",\"keywords\":[\"INAI\",\"ITAIPBC\",\"Perspectiva g\u00e9nero\"],\"articleSection\":[\"Noticias\"],\"inLanguage\":\"es\"},{\"@type\":\"WebPage\",\"@id\":\"https:\/\/www.itaipbc.org.mx\/itaipBC-2019\/itaipbc-firma-pacto-nacional-para-la-justicia-abierta-con-perspectiva-de-genero\/\",\"url\":\"https:\/\/www.itaipbc.org.mx\/itaipBC-2019\/itaipbc-firma-pacto-nacional-para-la-justicia-abierta-con-perspectiva-de-genero\/\",\"name\":\"ITAIPBC FIRMA PACTO NACIONAL PARA LA JUSTICIA ABIERTA CON PERSPECTIVA DE G\u00c9NERO - ItaipBC\",\"isPartOf\":{\"@id\":\"https:\/\/www.itaipbc.org.mx\/itaipBC-2019\/#website\"},\"primaryImageOfPage\":{\"@id\":\"https:\/\/www.itaipbc.org.mx\/itaipBC-2019\/itaipbc-firma-pacto-nacional-para-la-justicia-abierta-con-perspectiva-de-genero\/#primaryimage\"},\"image\":{\"@id\":\"https:\/\/www.itaipbc.org.mx\/itaipBC-2019\/itaipbc-firma-pacto-nacional-para-la-justicia-abierta-con-perspectiva-de-genero\/#primaryimage\"},\"thumbnailUrl\":\"https:\/\/www.itaipbc.org.mx\/itaipBC-2019\/wp-content\/uploads\/2022\/02\/foto-4-b.jpg\",\"datePublished\":\"2022-02-23T23:06:05+00:00\",\"dateModified\":\"2022-02-24T00:01:10+00:00\",\"breadcrumb\":{\"@id\":\"https:\/\/www.itaipbc.org.mx\/itaipBC-2019\/itaipbc-firma-pacto-nacional-para-la-justicia-abierta-con-perspectiva-de-genero\/#breadcrumb\"},\"inLanguage\":\"es\",\"potentialAction\":[{\"@type\":\"ReadAction\",\"target\":[\"https:\/\/www.itaipbc.org.mx\/itaipBC-2019\/itaipbc-firma-pacto-nacional-para-la-justicia-abierta-con-perspectiva-de-genero\/\"]}]},{\"@type\":\"ImageObject\",\"inLanguage\":\"es\",\"@id\":\"https:\/\/www.itaipbc.org.mx\/itaipBC-2019\/itaipbc-firma-pacto-nacional-para-la-justicia-abierta-con-perspectiva-de-genero\/#primaryimage\",\"url\":\"https:\/\/www.itaipbc.org.mx\/itaipBC-2019\/wp-content\/uploads\/2022\/02\/foto-4-b.jpg\",\"contentUrl\":\"https:\/\/www.itaipbc.org.mx\/itaipBC-2019\/wp-content\/uploads\/2022\/02\/foto-4-b.jpg\",\"width\":800,\"height\":600},{\"@type\":\"BreadcrumbList\",\"@id\":\"https:\/\/www.itaipbc.org.mx\/itaipBC-2019\/itaipbc-firma-pacto-nacional-para-la-justicia-abierta-con-perspectiva-de-genero\/#breadcrumb\",\"itemListElement\":[{\"@type\":\"ListItem\",\"position\":1,\"name\":\"Portada\",\"item\":\"https:\/\/www.itaipbc.org.mx\/itaipBC-2019\/\"},{\"@type\":\"ListItem\",\"position\":2,\"name\":\"ITAIPBC FIRMA PACTO NACIONAL PARA LA JUSTICIA ABIERTA CON PERSPECTIVA DE G\u00c9NERO\"}]},{\"@type\":\"WebSite\",\"@id\":\"https:\/\/www.itaipbc.org.mx\/itaipBC-2019\/#website\",\"url\":\"https:\/\/www.itaipbc.org.mx\/itaipBC-2019\/\",\"name\":\"ItaipBC\",\"description\":\"\",\"publisher\":{\"@id\":\"https:\/\/www.itaipbc.org.mx\/itaipBC-2019\/#organization\"},\"potentialAction\":[{\"@type\":\"SearchAction\",\"target\":{\"@type\":\"EntryPoint\",\"urlTemplate\":\"https:\/\/www.itaipbc.org.mx\/itaipBC-2019\/?s={search_term_string}\"},\"query-input\":{\"@type\":\"PropertyValueSpecification\",\"valueRequired\":true,\"valueName\":\"search_term_string\"}}],\"inLanguage\":\"es\"},{\"@type\":\"Organization\",\"@id\":\"https:\/\/www.itaipbc.org.mx\/itaipBC-2019\/#organization\",\"name\":\"Instituto de Transparencia Baja California\",\"url\":\"https:\/\/www.itaipbc.org.mx\/itaipBC-2019\/\",\"logo\":{\"@type\":\"ImageObject\",\"inLanguage\":\"es\",\"@id\":\"https:\/\/www.itaipbc.org.mx\/itaipBC-2019\/#\/schema\/logo\/image\/\",\"url\":\"http:\/\/www.itaipbc.org.mx\/itaipBC-2019\/wp-content\/uploads\/2020\/01\/ITAIPBC-Completo.png\",\"contentUrl\":\"http:\/\/www.itaipbc.org.mx\/itaipBC-2019\/wp-content\/uploads\/2020\/01\/ITAIPBC-Completo.png\",\"width\":750,\"height\":174,\"caption\":\"Instituto de Transparencia Baja California\"},\"image\":{\"@id\":\"https:\/\/www.itaipbc.org.mx\/itaipBC-2019\/#\/schema\/logo\/image\/\"}},{\"@type\":\"Person\",\"@id\":\"https:\/\/www.itaipbc.org.mx\/itaipBC-2019\/#\/schema\/person\/fe0517b8be1919f7dd71c9d01a6cdb08\",\"name\":\"Anahi Prescencion\",\"image\":{\"@type\":\"ImageObject\",\"inLanguage\":\"es\",\"@id\":\"https:\/\/www.itaipbc.org.mx\/itaipBC-2019\/#\/schema\/person\/image\/\",\"url\":\"https:\/\/secure.gravatar.com\/avatar\/2f6176908986880d9eb812e72116ebc8b491e070cabea8a491a62c7deac9b784?s=96&d=mm&r=g\",\"contentUrl\":\"https:\/\/secure.gravatar.com\/avatar\/2f6176908986880d9eb812e72116ebc8b491e070cabea8a491a62c7deac9b784?s=96&d=mm&r=g\",\"caption\":\"Anahi Prescencion\"},\"url\":\"https:\/\/www.itaipbc.org.mx\/itaipBC-2019\/author\/aimeemoran\/\"}]}<\/script>\n<!-- \/ Yoast SEO plugin. -->","yoast_head_json":{"title":"ITAIPBC FIRMA PACTO NACIONAL PARA LA JUSTICIA ABIERTA CON PERSPECTIVA DE G\u00c9NERO - ItaipBC","robots":{"index":"index","follow":"follow","max-snippet":"max-snippet:-1","max-image-preview":"max-image-preview:large","max-video-preview":"max-video-preview:-1"},"canonical":"https:\/\/www.itaipbc.org.mx\/itaipBC-2019\/itaipbc-firma-pacto-nacional-para-la-justicia-abierta-con-perspectiva-de-genero\/","og_locale":"es_ES","og_type":"article","og_title":"ITAIPBC FIRMA PACTO NACIONAL PARA LA JUSTICIA ABIERTA CON PERSPECTIVA DE G\u00c9NERO - ItaipBC","og_description":"ITAIPBC FIRMA PACTO NACIONAL PARA LA JUSTICIA ABIERTA CON PERSPECTIVA DE G\u00c9NERO -El Pacto impulsar\u00e1\u00a0buenas pr\u00e1cticas innovadoras para la justicia abierta con perspectiva de g\u00e9nero en M\u00e9xico. -En la firma particip\u00f3 el INAI, \u00d3rganos Garantes, Poderes Judiciales y Organismos No Gubernamentales. Mexicali, BC, 23 de febrero de 2022. El Instituto de Transparencia, Acceso a la [&hellip;]","og_url":"https:\/\/www.itaipbc.org.mx\/itaipBC-2019\/itaipbc-firma-pacto-nacional-para-la-justicia-abierta-con-perspectiva-de-genero\/","og_site_name":"ItaipBC","article_published_time":"2022-02-23T23:06:05+00:00","article_modified_time":"2022-02-24T00:01:10+00:00","og_image":[{"width":800,"height":600,"url":"https:\/\/www.itaipbc.org.mx\/itaipBC-2019\/wp-content\/uploads\/2022\/02\/foto-4-b.jpg","type":"image\/jpeg"}],"author":"Anahi Prescencion","twitter_card":"summary_large_image","twitter_misc":{"Escrito por":"Anahi Prescencion","Tiempo de lectura":"2 minutos"},"schema":{"@context":"https:\/\/schema.org","@graph":[{"@type":"Article","@id":"https:\/\/www.itaipbc.org.mx\/itaipBC-2019\/itaipbc-firma-pacto-nacional-para-la-justicia-abierta-con-perspectiva-de-genero\/#article","isPartOf":{"@id":"https:\/\/www.itaipbc.org.mx\/itaipBC-2019\/itaipbc-firma-pacto-nacional-para-la-justicia-abierta-con-perspectiva-de-genero\/"},"author":{"name":"Anahi Prescencion","@id":"https:\/\/www.itaipbc.org.mx\/itaipBC-2019\/#\/schema\/person\/fe0517b8be1919f7dd71c9d01a6cdb08"},"headline":"ITAIPBC FIRMA PACTO NACIONAL PARA LA JUSTICIA ABIERTA CON PERSPECTIVA DE G\u00c9NERO","datePublished":"2022-02-23T23:06:05+00:00","dateModified":"2022-02-24T00:01:10+00:00","mainEntityOfPage":{"@id":"https:\/\/www.itaipbc.org.mx\/itaipBC-2019\/itaipbc-firma-pacto-nacional-para-la-justicia-abierta-con-perspectiva-de-genero\/"},"wordCount":377,"publisher":{"@id":"https:\/\/www.itaipbc.org.mx\/itaipBC-2019\/#organization"},"image":{"@id":"https:\/\/www.itaipbc.org.mx\/itaipBC-2019\/itaipbc-firma-pacto-nacional-para-la-justicia-abierta-con-perspectiva-de-genero\/#primaryimage"},"thumbnailUrl":"https:\/\/www.itaipbc.org.mx\/itaipBC-2019\/wp-content\/uploads\/2022\/02\/foto-4-b.jpg","keywords":["INAI","ITAIPBC","Perspectiva g\u00e9nero"],"articleSection":["Noticias"],"inLanguage":"es"},{"@type":"WebPage","@id":"https:\/\/www.itaipbc.org.mx\/itaipBC-2019\/itaipbc-firma-pacto-nacional-para-la-justicia-abierta-con-perspectiva-de-genero\/","url":"https:\/\/www.itaipbc.org.mx\/itaipBC-2019\/itaipbc-firma-pacto-nacional-para-la-justicia-abierta-con-perspectiva-de-genero\/","name":"ITAIPBC FIRMA PACTO NACIONAL PARA LA JUSTICIA ABIERTA CON PERSPECTIVA DE G\u00c9NERO - ItaipBC","isPartOf":{"@id":"https:\/\/www.itaipbc.org.mx\/itaipBC-2019\/#website"},"primaryImageOfPage":{"@id":"https:\/\/www.itaipbc.org.mx\/itaipBC-2019\/itaipbc-firma-pacto-nacional-para-la-justicia-abierta-con-perspectiva-de-genero\/#primaryimage"},"image":{"@id":"https:\/\/www.itaipbc.org.mx\/itaipBC-2019\/itaipbc-firma-pacto-nacional-para-la-justicia-abierta-con-perspectiva-de-genero\/#primaryimage"},"thumbnailUrl":"https:\/\/www.itaipbc.org.mx\/itaipBC-2019\/wp-content\/uploads\/2022\/02\/foto-4-b.jpg","datePublished":"2022-02-23T23:06:05+00:00","dateModified":"2022-02-24T00:01:10+00:00","breadcrumb":{"@id":"https:\/\/www.itaipbc.org.mx\/itaipBC-2019\/itaipbc-firma-pacto-nacional-para-la-justicia-abierta-con-perspectiva-de-genero\/#breadcrumb"},"inLanguage":"es","potentialAction":[{"@type":"ReadAction","target":["https:\/\/www.itaipbc.org.mx\/itaipBC-2019\/itaipbc-firma-pacto-nacional-para-la-justicia-abierta-con-perspectiva-de-genero\/"]}]},{"@type":"ImageObject","inLanguage":"es","@id":"https:\/\/www.itaipbc.org.mx\/itaipBC-2019\/itaipbc-firma-pacto-nacional-para-la-justicia-abierta-con-perspectiva-de-genero\/#primaryimage","url":"https:\/\/www.itaipbc.org.mx\/itaipBC-2019\/wp-content\/uploads\/2022\/02\/foto-4-b.jpg","contentUrl":"https:\/\/www.itaipbc.org.mx\/itaipBC-2019\/wp-content\/uploads\/2022\/02\/foto-4-b.jpg","width":800,"height":600},{"@type":"BreadcrumbList","@id":"https:\/\/www.itaipbc.org.mx\/itaipBC-2019\/itaipbc-firma-pacto-nacional-para-la-justicia-abierta-con-perspectiva-de-genero\/#breadcrumb","itemListElement":[{"@type":"ListItem","position":1,"name":"Portada","item":"https:\/\/www.itaipbc.org.mx\/itaipBC-2019\/"},{"@type":"ListItem","position":2,"name":"ITAIPBC FIRMA PACTO NACIONAL PARA LA JUSTICIA ABIERTA CON PERSPECTIVA DE G\u00c9NERO"}]},{"@type":"WebSite","@id":"https:\/\/www.itaipbc.org.mx\/itaipBC-2019\/#website","url":"https:\/\/www.itaipbc.org.mx\/itaipBC-2019\/","name":"ItaipBC","description":"","publisher":{"@id":"https:\/\/www.itaipbc.org.mx\/itaipBC-2019\/#organization"},"potentialAction":[{"@type":"SearchAction","target":{"@type":"EntryPoint","urlTemplate":"https:\/\/www.itaipbc.org.mx\/itaipBC-2019\/?s={search_term_string}"},"query-input":{"@type":"PropertyValueSpecification","valueRequired":true,"valueName":"search_term_string"}}],"inLanguage":"es"},{"@type":"Organization","@id":"https:\/\/www.itaipbc.org.mx\/itaipBC-2019\/#organization","name":"Instituto de Transparencia Baja California","url":"https:\/\/www.itaipbc.org.mx\/itaipBC-2019\/","logo":{"@type":"ImageObject","inLanguage":"es","@id":"https:\/\/www.itaipbc.org.mx\/itaipBC-2019\/#\/schema\/logo\/image\/","url":"http:\/\/www.itaipbc.org.mx\/itaipBC-2019\/wp-content\/uploads\/2020\/01\/ITAIPBC-Completo.png","contentUrl":"http:\/\/www.itaipbc.org.mx\/itaipBC-2019\/wp-content\/uploads\/2020\/01\/ITAIPBC-Completo.png","width":750,"height":174,"caption":"Instituto de Transparencia Baja California"},"image":{"@id":"https:\/\/www.itaipbc.org.mx\/itaipBC-2019\/#\/schema\/logo\/image\/"}},{"@type":"Person","@id":"https:\/\/www.itaipbc.org.mx\/itaipBC-2019\/#\/schema\/person\/fe0517b8be1919f7dd71c9d01a6cdb08","name":"Anahi Prescencion","image":{"@type":"ImageObject","inLanguage":"es","@id":"https:\/\/www.itaipbc.org.mx\/itaipBC-2019\/#\/schema\/person\/image\/","url":"https:\/\/secure.gravatar.com\/avatar\/2f6176908986880d9eb812e72116ebc8b491e070cabea8a491a62c7deac9b784?s=96&d=mm&r=g","contentUrl":"https:\/\/secure.gravatar.com\/avatar\/2f6176908986880d9eb812e72116ebc8b491e070cabea8a491a62c7deac9b784?s=96&d=mm&r=g","caption":"Anahi Prescencion"},"url":"https:\/\/www.itaipbc.org.mx\/itaipBC-2019\/author\/aimeemoran\/"}]}},"_links":{"self":[{"href":"https:\/\/www.itaipbc.org.mx\/itaipBC-2019\/wp-json\/wp\/v2\/posts\/7002","targetHints":{"allow":["GET"]}}],"collection":[{"href":"https:\/\/www.itaipbc.org.mx\/itaipBC-2019\/wp-json\/wp\/v2\/posts"}],"about":[{"href":"https:\/\/www.itaipbc.org.mx\/itaipBC-2019\/wp-json\/wp\/v2\/types\/post"}],"author":[{"embeddable":true,"href":"https:\/\/www.itaipbc.org.mx\/itaipBC-2019\/wp-json\/wp\/v2\/users\/8"}],"replies":[{"embeddable":true,"href":"https:\/\/www.itaipbc.org.mx\/itaipBC-2019\/wp-json\/wp\/v2\/comments?post=7002"}],"version-history":[{"count":0,"href":"https:\/\/www.itaipbc.org.mx\/itaipBC-2019\/wp-json\/wp\/v2\/posts\/7002\/revisions"}],"wp:featuredmedia":[{"embeddable":true,"href":"https:\/\/www.itaipbc.org.mx\/itaipBC-2019\/wp-json\/wp\/v2\/media\/7004"}],"wp:attachment":[{"href":"https:\/\/www.itaipbc.org.mx\/itaipBC-2019\/wp-json\/wp\/v2\/media?parent=7002"}],"wp:term":[{"taxonomy":"category","embeddable":true,"href":"https:\/\/www.itaipbc.org.mx\/itaipBC-2019\/wp-json\/wp\/v2\/categories?post=7002"},{"taxonomy":"post_tag","embeddable":true,"href":"https:\/\/www.itaipbc.org.mx\/itaipBC-2019\/wp-json\/wp\/v2\/tags?post=7002"}],"curies":[{"name":"wp","href":"https:\/\/api.w.org\/{rel}","templated":true}]}}