{"id":2920,"date":"2020-03-23T12:58:58","date_gmt":"2020-03-23T19:58:58","guid":{"rendered":"http:\/\/www.itaipbc.org.mx\/itaipBC-2019\/?p=2920"},"modified":"2020-07-02T14:04:02","modified_gmt":"2020-07-02T21:04:02","slug":"recomendaciones-para-el-debido-tratamiento-de-datos-personales-ante-covid-19","status":"publish","type":"post","link":"https:\/\/www.itaipbc.org.mx\/itaipBC-2019\/recomendaciones-para-el-debido-tratamiento-de-datos-personales-ante-covid-19\/","title":{"rendered":"RECOMENDACIONES PARA EL DEBIDO TRATAMIENTO DE DATOS PERSONALES ANTE COVID-19"},"content":{"rendered":"<p class=\"c-font-19 c-margin-b-20 c-margin-t-20 c-font-dark-1\"><strong>Mexicali, Baja California a 23 de marzo del 2020 <\/strong>A manera de garantizar los derechos fundamentales de protecci\u00f3n de datos personales, el Instituto de Transparencia, Acceso a la Informaci\u00f3n P\u00fablica y Protecci\u00f3n de Datos Personales del Estado de Baja California (ITAIPBC), emite las siguientes recomendaciones para el debido tratamiento de la informaci\u00f3n personal de las personas diagnosticadas con COVID-19.<\/p>\n<p class=\"c-font-19 c-margin-b-20 c-margin-t-20 c-font-dark-1\">Para este \u00d3rgano Garante es de suma importancia evitar un riesgo a la privacidad de los pacientes, as\u00ed como los familiares de los mismos que exponen sus datos personales ante autoridades de salud p\u00fablica para evitar la propagaci\u00f3n del COVID-19, por lo que al tratarse de transferencias de datos personales debe de realizarse bajo \u00f3ptimas medidas de seguridad f\u00edsicas, t\u00e9cnicas y administrativas para evitar la reproducci\u00f3n no autorizada de los mismos.<\/p>\n<p class=\"c-font-19 c-margin-b-20 c-margin-t-20 c-font-dark-1\">Asimismo, se deben tomar en cuenta e implementar las medidas de seguridad que garanticen la protecci\u00f3n de datos personales de las personas que se encuentran vulnerables ante esta situaci\u00f3n, garantizando la confidencialidad, disponibilidad e integridad de sus datos personales.<\/p>\n<p class=\"c-font-19 c-margin-b-20 c-margin-t-20 c-font-dark-1\">Dado que los datos de salud son considerados de car\u00e1cter sensible, se hace un llamado a los servidores p\u00fablicos que laboran en instituciones de salud de la entidad, para que act\u00faen con \u00e9tica protegiendo siempre la integridad y confidencialidad de los pacientes con base en la Ley de Protecci\u00f3n de Datos Personales en Posesi\u00f3n de Sujetos Obligados del Estado de Baja California.<\/p>\n<p class=\"c-font-19 c-margin-b-20 c-margin-t-20 c-font-dark-1\">En este sentido, se recomienda a dichas autoridades recabar los datos m\u00ednimos necesarios para implementar las medidas de prevenci\u00f3n y contenci\u00f3n del virus.<\/p>\n<p class=\"c-font-19 c-margin-b-20 c-margin-t-20 c-font-dark-1\">Por lo anterior, se exhorta a los responsables y encargados del tratamiento de los datos personales a no revelar datos confidenciales y tratarlos \u00fanicamente con la finalidad por la que son recolectados.<\/p>\n<p class=\"c-font-19 c-margin-b-20 c-margin-t-20 c-font-dark-1\">Por \u00faltimo y de la manera m\u00e1s atenta se solicita a todos los medios de comunicaci\u00f3n bajacalifornianos, que con base en el ejercicio de sus funciones brinden informaci\u00f3n confiable y ver\u00eddica a los ciudadanos, protegiendo en todo momento los datos personales de los pacientes por COVID-19.<\/p>\n<p class=\"c-font-19 c-margin-b-20 c-margin-t-20 c-font-dark-1\" align=\"center\">Luc\u00eda Ariana Miranda G\u00f3mez<br \/>\nComisionada Presidente del ITAIPBC.<\/p>\n","protected":false},"excerpt":{"rendered":"<p>Mexicali, Baja California a 23 de marzo del 2020 A manera de garantizar los derechos fundamentales de protecci\u00f3n de datos personales, el Instituto de Transparencia, Acceso a la Informaci\u00f3n P\u00fablica y Protecci\u00f3n de Datos Personales del Estado de Baja California (ITAIPBC), emite las siguientes recomendaciones para el debido tratamiento de la informaci\u00f3n personal de las [&hellip;]<\/p>\n","protected":false},"author":11,"featured_media":2912,"comment_status":"closed","ping_status":"closed","sticky":false,"template":"","format":"standard","meta":{"footnotes":""},"categories":[19],"tags":[],"class_list":["post-2920","post","type-post","status-publish","format-standard","has-post-thumbnail","hentry","category-principal"],"yoast_head":"<!-- This site is optimized with the Yoast SEO plugin v26.5 - https:\/\/yoast.com\/wordpress\/plugins\/seo\/ -->\n<title>RECOMENDACIONES PARA EL DEBIDO TRATAMIENTO DE DATOS PERSONALES ANTE COVID-19 - ItaipBC<\/title>\n<meta name=\"robots\" content=\"index, follow, max-snippet:-1, max-image-preview:large, max-video-preview:-1\" \/>\n<link rel=\"canonical\" href=\"https:\/\/www.itaipbc.org.mx\/itaipBC-2019\/recomendaciones-para-el-debido-tratamiento-de-datos-personales-ante-covid-19\/\" \/>\n<meta property=\"og:locale\" content=\"es_ES\" \/>\n<meta property=\"og:type\" content=\"article\" \/>\n<meta property=\"og:title\" content=\"RECOMENDACIONES PARA EL DEBIDO TRATAMIENTO DE DATOS PERSONALES ANTE COVID-19 - ItaipBC\" \/>\n<meta property=\"og:description\" content=\"Mexicali, Baja California a 23 de marzo del 2020 A manera de garantizar los derechos fundamentales de protecci\u00f3n de datos personales, el Instituto de Transparencia, Acceso a la Informaci\u00f3n P\u00fablica y Protecci\u00f3n de Datos Personales del Estado de Baja California (ITAIPBC), emite las siguientes recomendaciones para el debido tratamiento de la informaci\u00f3n personal de las [&hellip;]\" \/>\n<meta property=\"og:url\" content=\"https:\/\/www.itaipbc.org.mx\/itaipBC-2019\/recomendaciones-para-el-debido-tratamiento-de-datos-personales-ante-covid-19\/\" \/>\n<meta property=\"og:site_name\" content=\"ItaipBC\" \/>\n<meta property=\"article:published_time\" content=\"2020-03-23T19:58:58+00:00\" \/>\n<meta property=\"article:modified_time\" content=\"2020-07-02T21:04:02+00:00\" \/>\n<meta property=\"og:image\" content=\"https:\/\/www.itaipbc.org.mx\/itaipBC-2019\/wp-content\/uploads\/2020\/04\/boletin233.png\" \/>\n\t<meta property=\"og:image:width\" content=\"985\" \/>\n\t<meta property=\"og:image:height\" content=\"570\" \/>\n\t<meta property=\"og:image:type\" content=\"image\/png\" \/>\n<meta name=\"author\" content=\"Luis Daniel Sanchez Erenas\" \/>\n<meta name=\"twitter:card\" content=\"summary_large_image\" \/>\n<meta name=\"twitter:label1\" content=\"Escrito por\" \/>\n\t<meta name=\"twitter:data1\" content=\"Luis Daniel Sanchez Erenas\" \/>\n\t<meta name=\"twitter:label2\" content=\"Tiempo de lectura\" \/>\n\t<meta name=\"twitter:data2\" content=\"2 minutos\" \/>\n<script type=\"application\/ld+json\" class=\"yoast-schema-graph\">{\"@context\":\"https:\/\/schema.org\",\"@graph\":[{\"@type\":\"Article\",\"@id\":\"https:\/\/www.itaipbc.org.mx\/itaipBC-2019\/recomendaciones-para-el-debido-tratamiento-de-datos-personales-ante-covid-19\/#article\",\"isPartOf\":{\"@id\":\"https:\/\/www.itaipbc.org.mx\/itaipBC-2019\/recomendaciones-para-el-debido-tratamiento-de-datos-personales-ante-covid-19\/\"},\"author\":{\"name\":\"Luis Daniel Sanchez Erenas\",\"@id\":\"https:\/\/www.itaipbc.org.mx\/itaipBC-2019\/#\/schema\/person\/77ca95a1be870d8dffb7f2599507593d\"},\"headline\":\"RECOMENDACIONES PARA EL DEBIDO TRATAMIENTO DE DATOS PERSONALES ANTE COVID-19\",\"datePublished\":\"2020-03-23T19:58:58+00:00\",\"dateModified\":\"2020-07-02T21:04:02+00:00\",\"mainEntityOfPage\":{\"@id\":\"https:\/\/www.itaipbc.org.mx\/itaipBC-2019\/recomendaciones-para-el-debido-tratamiento-de-datos-personales-ante-covid-19\/\"},\"wordCount\":374,\"publisher\":{\"@id\":\"https:\/\/www.itaipbc.org.mx\/itaipBC-2019\/#organization\"},\"image\":{\"@id\":\"https:\/\/www.itaipbc.org.mx\/itaipBC-2019\/recomendaciones-para-el-debido-tratamiento-de-datos-personales-ante-covid-19\/#primaryimage\"},\"thumbnailUrl\":\"https:\/\/www.itaipbc.org.mx\/itaipBC-2019\/wp-content\/uploads\/2020\/04\/boletin233.png\",\"articleSection\":[\"Principal\"],\"inLanguage\":\"es\"},{\"@type\":\"WebPage\",\"@id\":\"https:\/\/www.itaipbc.org.mx\/itaipBC-2019\/recomendaciones-para-el-debido-tratamiento-de-datos-personales-ante-covid-19\/\",\"url\":\"https:\/\/www.itaipbc.org.mx\/itaipBC-2019\/recomendaciones-para-el-debido-tratamiento-de-datos-personales-ante-covid-19\/\",\"name\":\"RECOMENDACIONES PARA EL DEBIDO TRATAMIENTO DE DATOS PERSONALES ANTE COVID-19 - ItaipBC\",\"isPartOf\":{\"@id\":\"https:\/\/www.itaipbc.org.mx\/itaipBC-2019\/#website\"},\"primaryImageOfPage\":{\"@id\":\"https:\/\/www.itaipbc.org.mx\/itaipBC-2019\/recomendaciones-para-el-debido-tratamiento-de-datos-personales-ante-covid-19\/#primaryimage\"},\"image\":{\"@id\":\"https:\/\/www.itaipbc.org.mx\/itaipBC-2019\/recomendaciones-para-el-debido-tratamiento-de-datos-personales-ante-covid-19\/#primaryimage\"},\"thumbnailUrl\":\"https:\/\/www.itaipbc.org.mx\/itaipBC-2019\/wp-content\/uploads\/2020\/04\/boletin233.png\",\"datePublished\":\"2020-03-23T19:58:58+00:00\",\"dateModified\":\"2020-07-02T21:04:02+00:00\",\"breadcrumb\":{\"@id\":\"https:\/\/www.itaipbc.org.mx\/itaipBC-2019\/recomendaciones-para-el-debido-tratamiento-de-datos-personales-ante-covid-19\/#breadcrumb\"},\"inLanguage\":\"es\",\"potentialAction\":[{\"@type\":\"ReadAction\",\"target\":[\"https:\/\/www.itaipbc.org.mx\/itaipBC-2019\/recomendaciones-para-el-debido-tratamiento-de-datos-personales-ante-covid-19\/\"]}]},{\"@type\":\"ImageObject\",\"inLanguage\":\"es\",\"@id\":\"https:\/\/www.itaipbc.org.mx\/itaipBC-2019\/recomendaciones-para-el-debido-tratamiento-de-datos-personales-ante-covid-19\/#primaryimage\",\"url\":\"https:\/\/www.itaipbc.org.mx\/itaipBC-2019\/wp-content\/uploads\/2020\/04\/boletin233.png\",\"contentUrl\":\"https:\/\/www.itaipbc.org.mx\/itaipBC-2019\/wp-content\/uploads\/2020\/04\/boletin233.png\",\"width\":985,\"height\":570},{\"@type\":\"BreadcrumbList\",\"@id\":\"https:\/\/www.itaipbc.org.mx\/itaipBC-2019\/recomendaciones-para-el-debido-tratamiento-de-datos-personales-ante-covid-19\/#breadcrumb\",\"itemListElement\":[{\"@type\":\"ListItem\",\"position\":1,\"name\":\"Portada\",\"item\":\"https:\/\/www.itaipbc.org.mx\/itaipBC-2019\/\"},{\"@type\":\"ListItem\",\"position\":2,\"name\":\"RECOMENDACIONES PARA EL DEBIDO TRATAMIENTO DE DATOS PERSONALES ANTE COVID-19\"}]},{\"@type\":\"WebSite\",\"@id\":\"https:\/\/www.itaipbc.org.mx\/itaipBC-2019\/#website\",\"url\":\"https:\/\/www.itaipbc.org.mx\/itaipBC-2019\/\",\"name\":\"ItaipBC\",\"description\":\"\",\"publisher\":{\"@id\":\"https:\/\/www.itaipbc.org.mx\/itaipBC-2019\/#organization\"},\"potentialAction\":[{\"@type\":\"SearchAction\",\"target\":{\"@type\":\"EntryPoint\",\"urlTemplate\":\"https:\/\/www.itaipbc.org.mx\/itaipBC-2019\/?s={search_term_string}\"},\"query-input\":{\"@type\":\"PropertyValueSpecification\",\"valueRequired\":true,\"valueName\":\"search_term_string\"}}],\"inLanguage\":\"es\"},{\"@type\":\"Organization\",\"@id\":\"https:\/\/www.itaipbc.org.mx\/itaipBC-2019\/#organization\",\"name\":\"Instituto de Transparencia Baja California\",\"url\":\"https:\/\/www.itaipbc.org.mx\/itaipBC-2019\/\",\"logo\":{\"@type\":\"ImageObject\",\"inLanguage\":\"es\",\"@id\":\"https:\/\/www.itaipbc.org.mx\/itaipBC-2019\/#\/schema\/logo\/image\/\",\"url\":\"http:\/\/www.itaipbc.org.mx\/itaipBC-2019\/wp-content\/uploads\/2020\/01\/ITAIPBC-Completo.png\",\"contentUrl\":\"http:\/\/www.itaipbc.org.mx\/itaipBC-2019\/wp-content\/uploads\/2020\/01\/ITAIPBC-Completo.png\",\"width\":750,\"height\":174,\"caption\":\"Instituto de Transparencia Baja California\"},\"image\":{\"@id\":\"https:\/\/www.itaipbc.org.mx\/itaipBC-2019\/#\/schema\/logo\/image\/\"}},{\"@type\":\"Person\",\"@id\":\"https:\/\/www.itaipbc.org.mx\/itaipBC-2019\/#\/schema\/person\/77ca95a1be870d8dffb7f2599507593d\",\"name\":\"Luis Daniel Sanchez Erenas\",\"image\":{\"@type\":\"ImageObject\",\"inLanguage\":\"es\",\"@id\":\"https:\/\/www.itaipbc.org.mx\/itaipBC-2019\/#\/schema\/person\/image\/\",\"url\":\"https:\/\/secure.gravatar.com\/avatar\/a45012700f462c241d76ccc0c519fab87158366d15a159fc4774183914173d71?s=96&d=mm&r=g\",\"contentUrl\":\"https:\/\/secure.gravatar.com\/avatar\/a45012700f462c241d76ccc0c519fab87158366d15a159fc4774183914173d71?s=96&d=mm&r=g\",\"caption\":\"Luis Daniel Sanchez Erenas\"},\"url\":\"https:\/\/www.itaipbc.org.mx\/itaipBC-2019\/author\/ldsanchez\/\"}]}<\/script>\n<!-- \/ Yoast SEO plugin. -->","yoast_head_json":{"title":"RECOMENDACIONES PARA EL DEBIDO TRATAMIENTO DE DATOS PERSONALES ANTE COVID-19 - ItaipBC","robots":{"index":"index","follow":"follow","max-snippet":"max-snippet:-1","max-image-preview":"max-image-preview:large","max-video-preview":"max-video-preview:-1"},"canonical":"https:\/\/www.itaipbc.org.mx\/itaipBC-2019\/recomendaciones-para-el-debido-tratamiento-de-datos-personales-ante-covid-19\/","og_locale":"es_ES","og_type":"article","og_title":"RECOMENDACIONES PARA EL DEBIDO TRATAMIENTO DE DATOS PERSONALES ANTE COVID-19 - ItaipBC","og_description":"Mexicali, Baja California a 23 de marzo del 2020 A manera de garantizar los derechos fundamentales de protecci\u00f3n de datos personales, el Instituto de Transparencia, Acceso a la Informaci\u00f3n P\u00fablica y Protecci\u00f3n de Datos Personales del Estado de Baja California (ITAIPBC), emite las siguientes recomendaciones para el debido tratamiento de la informaci\u00f3n personal de las [&hellip;]","og_url":"https:\/\/www.itaipbc.org.mx\/itaipBC-2019\/recomendaciones-para-el-debido-tratamiento-de-datos-personales-ante-covid-19\/","og_site_name":"ItaipBC","article_published_time":"2020-03-23T19:58:58+00:00","article_modified_time":"2020-07-02T21:04:02+00:00","og_image":[{"width":985,"height":570,"url":"https:\/\/www.itaipbc.org.mx\/itaipBC-2019\/wp-content\/uploads\/2020\/04\/boletin233.png","type":"image\/png"}],"author":"Luis Daniel Sanchez Erenas","twitter_card":"summary_large_image","twitter_misc":{"Escrito por":"Luis Daniel Sanchez Erenas","Tiempo de lectura":"2 minutos"},"schema":{"@context":"https:\/\/schema.org","@graph":[{"@type":"Article","@id":"https:\/\/www.itaipbc.org.mx\/itaipBC-2019\/recomendaciones-para-el-debido-tratamiento-de-datos-personales-ante-covid-19\/#article","isPartOf":{"@id":"https:\/\/www.itaipbc.org.mx\/itaipBC-2019\/recomendaciones-para-el-debido-tratamiento-de-datos-personales-ante-covid-19\/"},"author":{"name":"Luis Daniel Sanchez Erenas","@id":"https:\/\/www.itaipbc.org.mx\/itaipBC-2019\/#\/schema\/person\/77ca95a1be870d8dffb7f2599507593d"},"headline":"RECOMENDACIONES PARA EL DEBIDO TRATAMIENTO DE DATOS PERSONALES ANTE COVID-19","datePublished":"2020-03-23T19:58:58+00:00","dateModified":"2020-07-02T21:04:02+00:00","mainEntityOfPage":{"@id":"https:\/\/www.itaipbc.org.mx\/itaipBC-2019\/recomendaciones-para-el-debido-tratamiento-de-datos-personales-ante-covid-19\/"},"wordCount":374,"publisher":{"@id":"https:\/\/www.itaipbc.org.mx\/itaipBC-2019\/#organization"},"image":{"@id":"https:\/\/www.itaipbc.org.mx\/itaipBC-2019\/recomendaciones-para-el-debido-tratamiento-de-datos-personales-ante-covid-19\/#primaryimage"},"thumbnailUrl":"https:\/\/www.itaipbc.org.mx\/itaipBC-2019\/wp-content\/uploads\/2020\/04\/boletin233.png","articleSection":["Principal"],"inLanguage":"es"},{"@type":"WebPage","@id":"https:\/\/www.itaipbc.org.mx\/itaipBC-2019\/recomendaciones-para-el-debido-tratamiento-de-datos-personales-ante-covid-19\/","url":"https:\/\/www.itaipbc.org.mx\/itaipBC-2019\/recomendaciones-para-el-debido-tratamiento-de-datos-personales-ante-covid-19\/","name":"RECOMENDACIONES PARA EL DEBIDO TRATAMIENTO DE DATOS PERSONALES ANTE COVID-19 - ItaipBC","isPartOf":{"@id":"https:\/\/www.itaipbc.org.mx\/itaipBC-2019\/#website"},"primaryImageOfPage":{"@id":"https:\/\/www.itaipbc.org.mx\/itaipBC-2019\/recomendaciones-para-el-debido-tratamiento-de-datos-personales-ante-covid-19\/#primaryimage"},"image":{"@id":"https:\/\/www.itaipbc.org.mx\/itaipBC-2019\/recomendaciones-para-el-debido-tratamiento-de-datos-personales-ante-covid-19\/#primaryimage"},"thumbnailUrl":"https:\/\/www.itaipbc.org.mx\/itaipBC-2019\/wp-content\/uploads\/2020\/04\/boletin233.png","datePublished":"2020-03-23T19:58:58+00:00","dateModified":"2020-07-02T21:04:02+00:00","breadcrumb":{"@id":"https:\/\/www.itaipbc.org.mx\/itaipBC-2019\/recomendaciones-para-el-debido-tratamiento-de-datos-personales-ante-covid-19\/#breadcrumb"},"inLanguage":"es","potentialAction":[{"@type":"ReadAction","target":["https:\/\/www.itaipbc.org.mx\/itaipBC-2019\/recomendaciones-para-el-debido-tratamiento-de-datos-personales-ante-covid-19\/"]}]},{"@type":"ImageObject","inLanguage":"es","@id":"https:\/\/www.itaipbc.org.mx\/itaipBC-2019\/recomendaciones-para-el-debido-tratamiento-de-datos-personales-ante-covid-19\/#primaryimage","url":"https:\/\/www.itaipbc.org.mx\/itaipBC-2019\/wp-content\/uploads\/2020\/04\/boletin233.png","contentUrl":"https:\/\/www.itaipbc.org.mx\/itaipBC-2019\/wp-content\/uploads\/2020\/04\/boletin233.png","width":985,"height":570},{"@type":"BreadcrumbList","@id":"https:\/\/www.itaipbc.org.mx\/itaipBC-2019\/recomendaciones-para-el-debido-tratamiento-de-datos-personales-ante-covid-19\/#breadcrumb","itemListElement":[{"@type":"ListItem","position":1,"name":"Portada","item":"https:\/\/www.itaipbc.org.mx\/itaipBC-2019\/"},{"@type":"ListItem","position":2,"name":"RECOMENDACIONES PARA EL DEBIDO TRATAMIENTO DE DATOS PERSONALES ANTE COVID-19"}]},{"@type":"WebSite","@id":"https:\/\/www.itaipbc.org.mx\/itaipBC-2019\/#website","url":"https:\/\/www.itaipbc.org.mx\/itaipBC-2019\/","name":"ItaipBC","description":"","publisher":{"@id":"https:\/\/www.itaipbc.org.mx\/itaipBC-2019\/#organization"},"potentialAction":[{"@type":"SearchAction","target":{"@type":"EntryPoint","urlTemplate":"https:\/\/www.itaipbc.org.mx\/itaipBC-2019\/?s={search_term_string}"},"query-input":{"@type":"PropertyValueSpecification","valueRequired":true,"valueName":"search_term_string"}}],"inLanguage":"es"},{"@type":"Organization","@id":"https:\/\/www.itaipbc.org.mx\/itaipBC-2019\/#organization","name":"Instituto de Transparencia Baja California","url":"https:\/\/www.itaipbc.org.mx\/itaipBC-2019\/","logo":{"@type":"ImageObject","inLanguage":"es","@id":"https:\/\/www.itaipbc.org.mx\/itaipBC-2019\/#\/schema\/logo\/image\/","url":"http:\/\/www.itaipbc.org.mx\/itaipBC-2019\/wp-content\/uploads\/2020\/01\/ITAIPBC-Completo.png","contentUrl":"http:\/\/www.itaipbc.org.mx\/itaipBC-2019\/wp-content\/uploads\/2020\/01\/ITAIPBC-Completo.png","width":750,"height":174,"caption":"Instituto de Transparencia Baja California"},"image":{"@id":"https:\/\/www.itaipbc.org.mx\/itaipBC-2019\/#\/schema\/logo\/image\/"}},{"@type":"Person","@id":"https:\/\/www.itaipbc.org.mx\/itaipBC-2019\/#\/schema\/person\/77ca95a1be870d8dffb7f2599507593d","name":"Luis Daniel Sanchez Erenas","image":{"@type":"ImageObject","inLanguage":"es","@id":"https:\/\/www.itaipbc.org.mx\/itaipBC-2019\/#\/schema\/person\/image\/","url":"https:\/\/secure.gravatar.com\/avatar\/a45012700f462c241d76ccc0c519fab87158366d15a159fc4774183914173d71?s=96&d=mm&r=g","contentUrl":"https:\/\/secure.gravatar.com\/avatar\/a45012700f462c241d76ccc0c519fab87158366d15a159fc4774183914173d71?s=96&d=mm&r=g","caption":"Luis Daniel Sanchez Erenas"},"url":"https:\/\/www.itaipbc.org.mx\/itaipBC-2019\/author\/ldsanchez\/"}]}},"_links":{"self":[{"href":"https:\/\/www.itaipbc.org.mx\/itaipBC-2019\/wp-json\/wp\/v2\/posts\/2920","targetHints":{"allow":["GET"]}}],"collection":[{"href":"https:\/\/www.itaipbc.org.mx\/itaipBC-2019\/wp-json\/wp\/v2\/posts"}],"about":[{"href":"https:\/\/www.itaipbc.org.mx\/itaipBC-2019\/wp-json\/wp\/v2\/types\/post"}],"author":[{"embeddable":true,"href":"https:\/\/www.itaipbc.org.mx\/itaipBC-2019\/wp-json\/wp\/v2\/users\/11"}],"replies":[{"embeddable":true,"href":"https:\/\/www.itaipbc.org.mx\/itaipBC-2019\/wp-json\/wp\/v2\/comments?post=2920"}],"version-history":[{"count":0,"href":"https:\/\/www.itaipbc.org.mx\/itaipBC-2019\/wp-json\/wp\/v2\/posts\/2920\/revisions"}],"wp:featuredmedia":[{"embeddable":true,"href":"https:\/\/www.itaipbc.org.mx\/itaipBC-2019\/wp-json\/wp\/v2\/media\/2912"}],"wp:attachment":[{"href":"https:\/\/www.itaipbc.org.mx\/itaipBC-2019\/wp-json\/wp\/v2\/media?parent=2920"}],"wp:term":[{"taxonomy":"category","embeddable":true,"href":"https:\/\/www.itaipbc.org.mx\/itaipBC-2019\/wp-json\/wp\/v2\/categories?post=2920"},{"taxonomy":"post_tag","embeddable":true,"href":"https:\/\/www.itaipbc.org.mx\/itaipBC-2019\/wp-json\/wp\/v2\/tags?post=2920"}],"curies":[{"name":"wp","href":"https:\/\/api.w.org\/{rel}","templated":true}]}}