{"id":2918,"date":"2020-03-18T12:55:45","date_gmt":"2020-03-18T19:55:45","guid":{"rendered":"http:\/\/www.itaipbc.org.mx\/itaipBC-2019\/?p=2918"},"modified":"2020-07-02T14:03:26","modified_gmt":"2020-07-02T21:03:26","slug":"frente-al-coronavirus-covid-19-el-itaipbc-suspende-actividades-como-medida-preventiva","status":"publish","type":"post","link":"https:\/\/www.itaipbc.org.mx\/itaipBC-2019\/frente-al-coronavirus-covid-19-el-itaipbc-suspende-actividades-como-medida-preventiva\/","title":{"rendered":"FRENTE AL CORONAVIRUS COVID-19, EL ITAIPBC SUSPENDE ACTIVIDADES COMO MEDIDA PREVENTIVA"},"content":{"rendered":"<p class=\"c-font-19 c-margin-b-20 c-margin-t-20 c-font-dark-1\"><strong>Mexicali, Baja California a 18 de marzo del 2020<\/strong>Ante la situaci\u00f3n de emergencia en la que se encuentra actualmente nuestro pa\u00eds y nuestro Estado con respecto a la pandemia del coronavirus COVID-19, y atendiendo las medidas preventivas emitidas por organizaciones e instituciones de salud, el Pleno del Instituto de Transparencia, Acceso a la Informaci\u00f3n P\u00fablica y Protecci\u00f3n de Datos Personales del Estado de Baja California (ITAIPBC), determin\u00f3 la suspensi\u00f3n de actividades en el \u00d3rgano Garante, dentro del periodo comprendido del 18 de marzo al 17 de abril del 2020.<\/p>\n<p class=\"c-font-19 c-margin-b-20 c-margin-t-20 c-font-dark-1\">Lo anterior, en alcance al Acuerdo emitido por el Pleno donde se Suspenden Actividades de Asistencia Masiva, con la finalidad de solidarizarnos con las dependencias gubernamentales, \u00f3rganos aut\u00f3nomos y sociedad civil para evitar la propagaci\u00f3n del virus, as\u00ed como contagios y riesgos a la salud del personal del ITAIPBC.<\/p>\n<p class=\"c-font-19 c-margin-b-20 c-margin-t-20 c-font-dark-1\">&#8211; Quedan suspendidas las actividades procesales; plazos y t\u00e9rminos de solicitudes de transparencia, recursos de revisi\u00f3n, denuncias de incumplimiento de obligaciones de transparencia, requerimientos o procedimientos realizados por este \u00d3rgano Garante.<\/p>\n<p class=\"c-font-19 c-margin-b-20 c-margin-t-20 c-font-dark-1\">&#8211; Las Coordinaciones del Instituto atender\u00e1n cualquier duda que se pudiera brindar en forma electr\u00f3nica (transparencia@itaipbc.org.mx), telef\u00f3nica (686 151 65 99) o virtual en materia de transparencia.<\/p>\n<p class=\"c-font-19 c-margin-b-20 c-margin-t-20 c-font-dark-1\">&#8211; El personal laborar\u00e1 a distancia desde sus domicilios respet\u00e1ndose el periodo vacacional del 06 al 10 de abril del 2020.<\/p>\n<p class=\"c-font-19 c-margin-b-20 c-margin-t-20 c-font-dark-1\"><strong>Acuerdo mediante el cual el pleno del Instituto de Transparencia, Acceso a la Informaci\u00f3n P\u00fablica y Protecci\u00f3n de Datos Personales del Estado de Baja California, suspende actividades de asistencia masiva:\u00a0<\/strong><a href=\"http:\/\/www.itaipbc.org.mx\/files\/ACUERDO%20SUSPENSION%20ACTIVIDADES%20PUBLICAS%20ITAIPBC%2017-03-20.pdf\">-Ver Auerdo-<\/a><\/p>\n","protected":false},"excerpt":{"rendered":"<p>Mexicali, Baja California a 18 de marzo del 2020Ante la situaci\u00f3n de emergencia en la que se encuentra actualmente nuestro pa\u00eds y nuestro Estado con respecto a la pandemia del coronavirus COVID-19, y atendiendo las medidas preventivas emitidas por organizaciones e instituciones de salud, el Pleno del Instituto de Transparencia, Acceso a la Informaci\u00f3n P\u00fablica [&hellip;]<\/p>\n","protected":false},"author":11,"featured_media":2911,"comment_status":"closed","ping_status":"closed","sticky":false,"template":"","format":"standard","meta":{"footnotes":""},"categories":[19],"tags":[],"class_list":["post-2918","post","type-post","status-publish","format-standard","has-post-thumbnail","hentry","category-principal"],"yoast_head":"<!-- This site is optimized with the Yoast SEO plugin v26.5 - https:\/\/yoast.com\/wordpress\/plugins\/seo\/ -->\n<title>FRENTE AL CORONAVIRUS COVID-19, EL ITAIPBC SUSPENDE ACTIVIDADES COMO MEDIDA PREVENTIVA - ItaipBC<\/title>\n<meta name=\"robots\" content=\"index, follow, max-snippet:-1, max-image-preview:large, max-video-preview:-1\" \/>\n<link rel=\"canonical\" href=\"https:\/\/www.itaipbc.org.mx\/itaipBC-2019\/frente-al-coronavirus-covid-19-el-itaipbc-suspende-actividades-como-medida-preventiva\/\" \/>\n<meta property=\"og:locale\" content=\"es_ES\" \/>\n<meta property=\"og:type\" content=\"article\" \/>\n<meta property=\"og:title\" content=\"FRENTE AL CORONAVIRUS COVID-19, EL ITAIPBC SUSPENDE ACTIVIDADES COMO MEDIDA PREVENTIVA - ItaipBC\" \/>\n<meta property=\"og:description\" content=\"Mexicali, Baja California a 18 de marzo del 2020Ante la situaci\u00f3n de emergencia en la que se encuentra actualmente nuestro pa\u00eds y nuestro Estado con respecto a la pandemia del coronavirus COVID-19, y atendiendo las medidas preventivas emitidas por organizaciones e instituciones de salud, el Pleno del Instituto de Transparencia, Acceso a la Informaci\u00f3n P\u00fablica [&hellip;]\" \/>\n<meta property=\"og:url\" content=\"https:\/\/www.itaipbc.org.mx\/itaipBC-2019\/frente-al-coronavirus-covid-19-el-itaipbc-suspende-actividades-como-medida-preventiva\/\" \/>\n<meta property=\"og:site_name\" content=\"ItaipBC\" \/>\n<meta property=\"article:published_time\" content=\"2020-03-18T19:55:45+00:00\" \/>\n<meta property=\"article:modified_time\" content=\"2020-07-02T21:03:26+00:00\" \/>\n<meta property=\"og:image\" content=\"https:\/\/www.itaipbc.org.mx\/itaipBC-2019\/wp-content\/uploads\/2020\/04\/boletin232-768x444.png\" \/>\n\t<meta property=\"og:image:width\" content=\"768\" \/>\n\t<meta property=\"og:image:height\" content=\"444\" \/>\n\t<meta property=\"og:image:type\" content=\"image\/png\" \/>\n<meta name=\"author\" content=\"Luis Daniel Sanchez Erenas\" \/>\n<meta name=\"twitter:card\" content=\"summary_large_image\" \/>\n<meta name=\"twitter:label1\" content=\"Escrito por\" \/>\n\t<meta name=\"twitter:data1\" content=\"Luis Daniel Sanchez Erenas\" \/>\n\t<meta name=\"twitter:label2\" content=\"Tiempo de lectura\" \/>\n\t<meta name=\"twitter:data2\" content=\"1 minuto\" \/>\n<script type=\"application\/ld+json\" class=\"yoast-schema-graph\">{\"@context\":\"https:\/\/schema.org\",\"@graph\":[{\"@type\":\"Article\",\"@id\":\"https:\/\/www.itaipbc.org.mx\/itaipBC-2019\/frente-al-coronavirus-covid-19-el-itaipbc-suspende-actividades-como-medida-preventiva\/#article\",\"isPartOf\":{\"@id\":\"https:\/\/www.itaipbc.org.mx\/itaipBC-2019\/frente-al-coronavirus-covid-19-el-itaipbc-suspende-actividades-como-medida-preventiva\/\"},\"author\":{\"name\":\"Luis Daniel Sanchez Erenas\",\"@id\":\"https:\/\/www.itaipbc.org.mx\/itaipBC-2019\/#\/schema\/person\/77ca95a1be870d8dffb7f2599507593d\"},\"headline\":\"FRENTE AL CORONAVIRUS COVID-19, EL ITAIPBC SUSPENDE ACTIVIDADES COMO MEDIDA PREVENTIVA\",\"datePublished\":\"2020-03-18T19:55:45+00:00\",\"dateModified\":\"2020-07-02T21:03:26+00:00\",\"mainEntityOfPage\":{\"@id\":\"https:\/\/www.itaipbc.org.mx\/itaipBC-2019\/frente-al-coronavirus-covid-19-el-itaipbc-suspende-actividades-como-medida-preventiva\/\"},\"wordCount\":269,\"publisher\":{\"@id\":\"https:\/\/www.itaipbc.org.mx\/itaipBC-2019\/#organization\"},\"image\":{\"@id\":\"https:\/\/www.itaipbc.org.mx\/itaipBC-2019\/frente-al-coronavirus-covid-19-el-itaipbc-suspende-actividades-como-medida-preventiva\/#primaryimage\"},\"thumbnailUrl\":\"https:\/\/www.itaipbc.org.mx\/itaipBC-2019\/wp-content\/uploads\/2020\/04\/boletin232.png\",\"articleSection\":[\"Principal\"],\"inLanguage\":\"es\"},{\"@type\":\"WebPage\",\"@id\":\"https:\/\/www.itaipbc.org.mx\/itaipBC-2019\/frente-al-coronavirus-covid-19-el-itaipbc-suspende-actividades-como-medida-preventiva\/\",\"url\":\"https:\/\/www.itaipbc.org.mx\/itaipBC-2019\/frente-al-coronavirus-covid-19-el-itaipbc-suspende-actividades-como-medida-preventiva\/\",\"name\":\"FRENTE AL CORONAVIRUS COVID-19, EL ITAIPBC SUSPENDE ACTIVIDADES COMO MEDIDA PREVENTIVA - ItaipBC\",\"isPartOf\":{\"@id\":\"https:\/\/www.itaipbc.org.mx\/itaipBC-2019\/#website\"},\"primaryImageOfPage\":{\"@id\":\"https:\/\/www.itaipbc.org.mx\/itaipBC-2019\/frente-al-coronavirus-covid-19-el-itaipbc-suspende-actividades-como-medida-preventiva\/#primaryimage\"},\"image\":{\"@id\":\"https:\/\/www.itaipbc.org.mx\/itaipBC-2019\/frente-al-coronavirus-covid-19-el-itaipbc-suspende-actividades-como-medida-preventiva\/#primaryimage\"},\"thumbnailUrl\":\"https:\/\/www.itaipbc.org.mx\/itaipBC-2019\/wp-content\/uploads\/2020\/04\/boletin232.png\",\"datePublished\":\"2020-03-18T19:55:45+00:00\",\"dateModified\":\"2020-07-02T21:03:26+00:00\",\"breadcrumb\":{\"@id\":\"https:\/\/www.itaipbc.org.mx\/itaipBC-2019\/frente-al-coronavirus-covid-19-el-itaipbc-suspende-actividades-como-medida-preventiva\/#breadcrumb\"},\"inLanguage\":\"es\",\"potentialAction\":[{\"@type\":\"ReadAction\",\"target\":[\"https:\/\/www.itaipbc.org.mx\/itaipBC-2019\/frente-al-coronavirus-covid-19-el-itaipbc-suspende-actividades-como-medida-preventiva\/\"]}]},{\"@type\":\"ImageObject\",\"inLanguage\":\"es\",\"@id\":\"https:\/\/www.itaipbc.org.mx\/itaipBC-2019\/frente-al-coronavirus-covid-19-el-itaipbc-suspende-actividades-como-medida-preventiva\/#primaryimage\",\"url\":\"https:\/\/www.itaipbc.org.mx\/itaipBC-2019\/wp-content\/uploads\/2020\/04\/boletin232.png\",\"contentUrl\":\"https:\/\/www.itaipbc.org.mx\/itaipBC-2019\/wp-content\/uploads\/2020\/04\/boletin232.png\",\"width\":985,\"height\":570},{\"@type\":\"BreadcrumbList\",\"@id\":\"https:\/\/www.itaipbc.org.mx\/itaipBC-2019\/frente-al-coronavirus-covid-19-el-itaipbc-suspende-actividades-como-medida-preventiva\/#breadcrumb\",\"itemListElement\":[{\"@type\":\"ListItem\",\"position\":1,\"name\":\"Portada\",\"item\":\"https:\/\/www.itaipbc.org.mx\/itaipBC-2019\/\"},{\"@type\":\"ListItem\",\"position\":2,\"name\":\"FRENTE AL CORONAVIRUS COVID-19, EL ITAIPBC SUSPENDE ACTIVIDADES COMO MEDIDA PREVENTIVA\"}]},{\"@type\":\"WebSite\",\"@id\":\"https:\/\/www.itaipbc.org.mx\/itaipBC-2019\/#website\",\"url\":\"https:\/\/www.itaipbc.org.mx\/itaipBC-2019\/\",\"name\":\"ItaipBC\",\"description\":\"\",\"publisher\":{\"@id\":\"https:\/\/www.itaipbc.org.mx\/itaipBC-2019\/#organization\"},\"potentialAction\":[{\"@type\":\"SearchAction\",\"target\":{\"@type\":\"EntryPoint\",\"urlTemplate\":\"https:\/\/www.itaipbc.org.mx\/itaipBC-2019\/?s={search_term_string}\"},\"query-input\":{\"@type\":\"PropertyValueSpecification\",\"valueRequired\":true,\"valueName\":\"search_term_string\"}}],\"inLanguage\":\"es\"},{\"@type\":\"Organization\",\"@id\":\"https:\/\/www.itaipbc.org.mx\/itaipBC-2019\/#organization\",\"name\":\"Instituto de Transparencia Baja California\",\"url\":\"https:\/\/www.itaipbc.org.mx\/itaipBC-2019\/\",\"logo\":{\"@type\":\"ImageObject\",\"inLanguage\":\"es\",\"@id\":\"https:\/\/www.itaipbc.org.mx\/itaipBC-2019\/#\/schema\/logo\/image\/\",\"url\":\"http:\/\/www.itaipbc.org.mx\/itaipBC-2019\/wp-content\/uploads\/2020\/01\/ITAIPBC-Completo.png\",\"contentUrl\":\"http:\/\/www.itaipbc.org.mx\/itaipBC-2019\/wp-content\/uploads\/2020\/01\/ITAIPBC-Completo.png\",\"width\":750,\"height\":174,\"caption\":\"Instituto de Transparencia Baja California\"},\"image\":{\"@id\":\"https:\/\/www.itaipbc.org.mx\/itaipBC-2019\/#\/schema\/logo\/image\/\"}},{\"@type\":\"Person\",\"@id\":\"https:\/\/www.itaipbc.org.mx\/itaipBC-2019\/#\/schema\/person\/77ca95a1be870d8dffb7f2599507593d\",\"name\":\"Luis Daniel Sanchez Erenas\",\"image\":{\"@type\":\"ImageObject\",\"inLanguage\":\"es\",\"@id\":\"https:\/\/www.itaipbc.org.mx\/itaipBC-2019\/#\/schema\/person\/image\/\",\"url\":\"https:\/\/secure.gravatar.com\/avatar\/a45012700f462c241d76ccc0c519fab87158366d15a159fc4774183914173d71?s=96&d=mm&r=g\",\"contentUrl\":\"https:\/\/secure.gravatar.com\/avatar\/a45012700f462c241d76ccc0c519fab87158366d15a159fc4774183914173d71?s=96&d=mm&r=g\",\"caption\":\"Luis Daniel Sanchez Erenas\"},\"url\":\"https:\/\/www.itaipbc.org.mx\/itaipBC-2019\/author\/ldsanchez\/\"}]}<\/script>\n<!-- \/ Yoast SEO plugin. -->","yoast_head_json":{"title":"FRENTE AL CORONAVIRUS COVID-19, EL ITAIPBC SUSPENDE ACTIVIDADES COMO MEDIDA PREVENTIVA - ItaipBC","robots":{"index":"index","follow":"follow","max-snippet":"max-snippet:-1","max-image-preview":"max-image-preview:large","max-video-preview":"max-video-preview:-1"},"canonical":"https:\/\/www.itaipbc.org.mx\/itaipBC-2019\/frente-al-coronavirus-covid-19-el-itaipbc-suspende-actividades-como-medida-preventiva\/","og_locale":"es_ES","og_type":"article","og_title":"FRENTE AL CORONAVIRUS COVID-19, EL ITAIPBC SUSPENDE ACTIVIDADES COMO MEDIDA PREVENTIVA - ItaipBC","og_description":"Mexicali, Baja California a 18 de marzo del 2020Ante la situaci\u00f3n de emergencia en la que se encuentra actualmente nuestro pa\u00eds y nuestro Estado con respecto a la pandemia del coronavirus COVID-19, y atendiendo las medidas preventivas emitidas por organizaciones e instituciones de salud, el Pleno del Instituto de Transparencia, Acceso a la Informaci\u00f3n P\u00fablica [&hellip;]","og_url":"https:\/\/www.itaipbc.org.mx\/itaipBC-2019\/frente-al-coronavirus-covid-19-el-itaipbc-suspende-actividades-como-medida-preventiva\/","og_site_name":"ItaipBC","article_published_time":"2020-03-18T19:55:45+00:00","article_modified_time":"2020-07-02T21:03:26+00:00","og_image":[{"width":768,"height":444,"url":"https:\/\/www.itaipbc.org.mx\/itaipBC-2019\/wp-content\/uploads\/2020\/04\/boletin232-768x444.png","type":"image\/png"}],"author":"Luis Daniel Sanchez Erenas","twitter_card":"summary_large_image","twitter_misc":{"Escrito por":"Luis Daniel Sanchez Erenas","Tiempo de lectura":"1 minuto"},"schema":{"@context":"https:\/\/schema.org","@graph":[{"@type":"Article","@id":"https:\/\/www.itaipbc.org.mx\/itaipBC-2019\/frente-al-coronavirus-covid-19-el-itaipbc-suspende-actividades-como-medida-preventiva\/#article","isPartOf":{"@id":"https:\/\/www.itaipbc.org.mx\/itaipBC-2019\/frente-al-coronavirus-covid-19-el-itaipbc-suspende-actividades-como-medida-preventiva\/"},"author":{"name":"Luis Daniel Sanchez Erenas","@id":"https:\/\/www.itaipbc.org.mx\/itaipBC-2019\/#\/schema\/person\/77ca95a1be870d8dffb7f2599507593d"},"headline":"FRENTE AL CORONAVIRUS COVID-19, EL ITAIPBC SUSPENDE ACTIVIDADES COMO MEDIDA PREVENTIVA","datePublished":"2020-03-18T19:55:45+00:00","dateModified":"2020-07-02T21:03:26+00:00","mainEntityOfPage":{"@id":"https:\/\/www.itaipbc.org.mx\/itaipBC-2019\/frente-al-coronavirus-covid-19-el-itaipbc-suspende-actividades-como-medida-preventiva\/"},"wordCount":269,"publisher":{"@id":"https:\/\/www.itaipbc.org.mx\/itaipBC-2019\/#organization"},"image":{"@id":"https:\/\/www.itaipbc.org.mx\/itaipBC-2019\/frente-al-coronavirus-covid-19-el-itaipbc-suspende-actividades-como-medida-preventiva\/#primaryimage"},"thumbnailUrl":"https:\/\/www.itaipbc.org.mx\/itaipBC-2019\/wp-content\/uploads\/2020\/04\/boletin232.png","articleSection":["Principal"],"inLanguage":"es"},{"@type":"WebPage","@id":"https:\/\/www.itaipbc.org.mx\/itaipBC-2019\/frente-al-coronavirus-covid-19-el-itaipbc-suspende-actividades-como-medida-preventiva\/","url":"https:\/\/www.itaipbc.org.mx\/itaipBC-2019\/frente-al-coronavirus-covid-19-el-itaipbc-suspende-actividades-como-medida-preventiva\/","name":"FRENTE AL CORONAVIRUS COVID-19, EL ITAIPBC SUSPENDE ACTIVIDADES COMO MEDIDA PREVENTIVA - ItaipBC","isPartOf":{"@id":"https:\/\/www.itaipbc.org.mx\/itaipBC-2019\/#website"},"primaryImageOfPage":{"@id":"https:\/\/www.itaipbc.org.mx\/itaipBC-2019\/frente-al-coronavirus-covid-19-el-itaipbc-suspende-actividades-como-medida-preventiva\/#primaryimage"},"image":{"@id":"https:\/\/www.itaipbc.org.mx\/itaipBC-2019\/frente-al-coronavirus-covid-19-el-itaipbc-suspende-actividades-como-medida-preventiva\/#primaryimage"},"thumbnailUrl":"https:\/\/www.itaipbc.org.mx\/itaipBC-2019\/wp-content\/uploads\/2020\/04\/boletin232.png","datePublished":"2020-03-18T19:55:45+00:00","dateModified":"2020-07-02T21:03:26+00:00","breadcrumb":{"@id":"https:\/\/www.itaipbc.org.mx\/itaipBC-2019\/frente-al-coronavirus-covid-19-el-itaipbc-suspende-actividades-como-medida-preventiva\/#breadcrumb"},"inLanguage":"es","potentialAction":[{"@type":"ReadAction","target":["https:\/\/www.itaipbc.org.mx\/itaipBC-2019\/frente-al-coronavirus-covid-19-el-itaipbc-suspende-actividades-como-medida-preventiva\/"]}]},{"@type":"ImageObject","inLanguage":"es","@id":"https:\/\/www.itaipbc.org.mx\/itaipBC-2019\/frente-al-coronavirus-covid-19-el-itaipbc-suspende-actividades-como-medida-preventiva\/#primaryimage","url":"https:\/\/www.itaipbc.org.mx\/itaipBC-2019\/wp-content\/uploads\/2020\/04\/boletin232.png","contentUrl":"https:\/\/www.itaipbc.org.mx\/itaipBC-2019\/wp-content\/uploads\/2020\/04\/boletin232.png","width":985,"height":570},{"@type":"BreadcrumbList","@id":"https:\/\/www.itaipbc.org.mx\/itaipBC-2019\/frente-al-coronavirus-covid-19-el-itaipbc-suspende-actividades-como-medida-preventiva\/#breadcrumb","itemListElement":[{"@type":"ListItem","position":1,"name":"Portada","item":"https:\/\/www.itaipbc.org.mx\/itaipBC-2019\/"},{"@type":"ListItem","position":2,"name":"FRENTE AL CORONAVIRUS COVID-19, EL ITAIPBC SUSPENDE ACTIVIDADES COMO MEDIDA PREVENTIVA"}]},{"@type":"WebSite","@id":"https:\/\/www.itaipbc.org.mx\/itaipBC-2019\/#website","url":"https:\/\/www.itaipbc.org.mx\/itaipBC-2019\/","name":"ItaipBC","description":"","publisher":{"@id":"https:\/\/www.itaipbc.org.mx\/itaipBC-2019\/#organization"},"potentialAction":[{"@type":"SearchAction","target":{"@type":"EntryPoint","urlTemplate":"https:\/\/www.itaipbc.org.mx\/itaipBC-2019\/?s={search_term_string}"},"query-input":{"@type":"PropertyValueSpecification","valueRequired":true,"valueName":"search_term_string"}}],"inLanguage":"es"},{"@type":"Organization","@id":"https:\/\/www.itaipbc.org.mx\/itaipBC-2019\/#organization","name":"Instituto de Transparencia Baja California","url":"https:\/\/www.itaipbc.org.mx\/itaipBC-2019\/","logo":{"@type":"ImageObject","inLanguage":"es","@id":"https:\/\/www.itaipbc.org.mx\/itaipBC-2019\/#\/schema\/logo\/image\/","url":"http:\/\/www.itaipbc.org.mx\/itaipBC-2019\/wp-content\/uploads\/2020\/01\/ITAIPBC-Completo.png","contentUrl":"http:\/\/www.itaipbc.org.mx\/itaipBC-2019\/wp-content\/uploads\/2020\/01\/ITAIPBC-Completo.png","width":750,"height":174,"caption":"Instituto de Transparencia Baja California"},"image":{"@id":"https:\/\/www.itaipbc.org.mx\/itaipBC-2019\/#\/schema\/logo\/image\/"}},{"@type":"Person","@id":"https:\/\/www.itaipbc.org.mx\/itaipBC-2019\/#\/schema\/person\/77ca95a1be870d8dffb7f2599507593d","name":"Luis Daniel Sanchez Erenas","image":{"@type":"ImageObject","inLanguage":"es","@id":"https:\/\/www.itaipbc.org.mx\/itaipBC-2019\/#\/schema\/person\/image\/","url":"https:\/\/secure.gravatar.com\/avatar\/a45012700f462c241d76ccc0c519fab87158366d15a159fc4774183914173d71?s=96&d=mm&r=g","contentUrl":"https:\/\/secure.gravatar.com\/avatar\/a45012700f462c241d76ccc0c519fab87158366d15a159fc4774183914173d71?s=96&d=mm&r=g","caption":"Luis Daniel Sanchez Erenas"},"url":"https:\/\/www.itaipbc.org.mx\/itaipBC-2019\/author\/ldsanchez\/"}]}},"_links":{"self":[{"href":"https:\/\/www.itaipbc.org.mx\/itaipBC-2019\/wp-json\/wp\/v2\/posts\/2918","targetHints":{"allow":["GET"]}}],"collection":[{"href":"https:\/\/www.itaipbc.org.mx\/itaipBC-2019\/wp-json\/wp\/v2\/posts"}],"about":[{"href":"https:\/\/www.itaipbc.org.mx\/itaipBC-2019\/wp-json\/wp\/v2\/types\/post"}],"author":[{"embeddable":true,"href":"https:\/\/www.itaipbc.org.mx\/itaipBC-2019\/wp-json\/wp\/v2\/users\/11"}],"replies":[{"embeddable":true,"href":"https:\/\/www.itaipbc.org.mx\/itaipBC-2019\/wp-json\/wp\/v2\/comments?post=2918"}],"version-history":[{"count":0,"href":"https:\/\/www.itaipbc.org.mx\/itaipBC-2019\/wp-json\/wp\/v2\/posts\/2918\/revisions"}],"wp:featuredmedia":[{"embeddable":true,"href":"https:\/\/www.itaipbc.org.mx\/itaipBC-2019\/wp-json\/wp\/v2\/media\/2911"}],"wp:attachment":[{"href":"https:\/\/www.itaipbc.org.mx\/itaipBC-2019\/wp-json\/wp\/v2\/media?parent=2918"}],"wp:term":[{"taxonomy":"category","embeddable":true,"href":"https:\/\/www.itaipbc.org.mx\/itaipBC-2019\/wp-json\/wp\/v2\/categories?post=2918"},{"taxonomy":"post_tag","embeddable":true,"href":"https:\/\/www.itaipbc.org.mx\/itaipBC-2019\/wp-json\/wp\/v2\/tags?post=2918"}],"curies":[{"name":"wp","href":"https:\/\/api.w.org\/{rel}","templated":true}]}}