{"id":2916,"date":"2020-03-13T12:54:00","date_gmt":"2020-03-13T19:54:00","guid":{"rendered":"http:\/\/www.itaipbc.org.mx\/itaipBC-2019\/?p=2916"},"modified":"2020-07-02T14:02:05","modified_gmt":"2020-07-02T21:02:05","slug":"itaipbc-y-partido-movimiento-ciudadano-firman-convenio-de-colaboracion","status":"publish","type":"post","link":"https:\/\/www.itaipbc.org.mx\/itaipBC-2019\/itaipbc-y-partido-movimiento-ciudadano-firman-convenio-de-colaboracion\/","title":{"rendered":"ITAIPBC Y PARTIDO MOVIMIENTO CIUDADANO FIRMAN CONVENIO DE COLABORACI\u00d3N"},"content":{"rendered":"<p class=\"c-font-19 c-margin-b-20 c-margin-t-20 c-font-dark-1\"><strong>Mexicali, Baja California a 13 de marzo del 2020 <\/strong>Con el fin de dar cabal cumplimiento a las obligaciones establecidas en la Ley de Transparencia del Estado de Baja California, as\u00ed como desarrollar y trabajar en conjunto en la realizaci\u00f3n de actividades que promuevan la transparencia y la rendici\u00f3n de cuentas en el Estado, se llev\u00f3 a cabo una firma de convenio de colaboraci\u00f3n entre el Instituto de Transparencia, Acceso a la Informaci\u00f3n P\u00fablica y Protecci\u00f3n de Datos Personales del Estado de Baja California (ITAIPBC) y el Partido Movimiento Ciudadano.<\/p>\n<p class=\"c-font-19 c-margin-b-20 c-margin-t-20 c-font-dark-1\">Durante la celebraci\u00f3n de la firma, la Comisionada Presidente del ITAIPBC, Luc\u00eda Ariana Miranda G\u00f3mez, reconoci\u00f3 al Partido Movimiento Ciudadano el acercamiento que a trav\u00e9s de su Unidad de Transparencia a cargo del Lic. Roberto Morales Valadez, tuvieron con el \u00d3rgano Garante con el objetivo de materializar un convenio de colaboraci\u00f3n para ir m\u00e1s all\u00e1 de las obligaciones de transparencia y abonarle a la cultura de la transparencia en la entidad.<\/p>\n<p class=\"c-font-19 c-margin-b-20 c-margin-t-20 c-font-dark-1\">De igual manera, agradeci\u00f3 y distingui\u00f3 al Coordinador Estatal de Movimiento Ciudadano, Francisco Alcib\u00edades Garc\u00eda Lizardi, por su compromiso al ser la primera entidad pol\u00edtica en el Estado en firmar un convenio con el \u00d3rgano Garante, en materia de cumplimiento de obligaciones de partidos pol\u00edticos, en un ejercicio de proactividad.<\/p>\n<p class=\"c-font-19 c-margin-b-20 c-margin-t-20 c-font-dark-1\">\u201cEsto marca un precedente muy importante para que se vengan sumando todos los Partidos Pol\u00edticos, mismos que se encuentran obligados a transparentar, y que mejor que no solo sea con lo establecido en la Ley, si no que vayamos m\u00e1s all\u00e1, a conocer todo el trabajo que d\u00eda a d\u00eda vienen desarrollando las entidades pol\u00edticas y de esta manera poder abrirle las puertas a los ciudadanos para que conozcan todo el trabajo interno, la esencia de cada partido y poder generar una cultura de participaci\u00f3n ciudadana en la toma de decisiones y reconstruir las pol\u00edticas p\u00fablicas en la entidad\u201d.<\/p>\n<p class=\"c-font-19 c-margin-b-20 c-margin-t-20 c-font-dark-1\">Por su parte el Coordinador Estatal de Movimiento Ciudadano, Francisco Alcib\u00edades Garc\u00eda, agradeci\u00f3 el trabajo que en conjunto se ha venido realizado entre el ITAIPBC y Movimiento Ciudadano, para dar cumplimiento a las obligaciones de transparencia se\u00f1aladas en la Ley, haciendo hincapi\u00e9 el compromiso que tienen los representantes de dicho partido con la materia.<\/p>\n<p class=\"c-font-19 c-margin-b-20 c-margin-t-20 c-font-dark-1\">Para finalizar, el Presidente del Consejo Ciudadano Nacional de Movimiento Ciudadano, Dante Delgado Rannauro, puntualiz\u00f3 que la transparencia y la rendici\u00f3n de cuentas es una materia que se encuentra expresada en los documentos de Movimiento Ciudadano, al ser un ejercicio de responsabilidad institucional.<\/p>\n<p class=\"c-font-19 c-margin-b-20 c-margin-t-20 c-font-dark-1\">Durante la celebraci\u00f3n de la firma, se encontraron presentes los Comisionados del ITAIPBC, Cinthya Denise G\u00f3mez Casta\u00f1eda y Jes\u00fas Alberto Sandoval Franco, as\u00ed como el Secretario Ejecutivo, \u00c1lvaro Antonio Acosta Escamilla.<\/p>\n","protected":false},"excerpt":{"rendered":"<p>Mexicali, Baja California a 13 de marzo del 2020 Con el fin de dar cabal cumplimiento a las obligaciones establecidas en la Ley de Transparencia del Estado de Baja California, as\u00ed como desarrollar y trabajar en conjunto en la realizaci\u00f3n de actividades que promuevan la transparencia y la rendici\u00f3n de cuentas en el Estado, se [&hellip;]<\/p>\n","protected":false},"author":11,"featured_media":2910,"comment_status":"closed","ping_status":"closed","sticky":false,"template":"","format":"standard","meta":{"footnotes":""},"categories":[19],"tags":[],"class_list":["post-2916","post","type-post","status-publish","format-standard","has-post-thumbnail","hentry","category-principal"],"yoast_head":"<!-- This site is optimized with the Yoast SEO plugin v26.5 - https:\/\/yoast.com\/wordpress\/plugins\/seo\/ -->\n<title>ITAIPBC Y PARTIDO MOVIMIENTO CIUDADANO FIRMAN CONVENIO DE COLABORACI\u00d3N - ItaipBC<\/title>\n<meta name=\"robots\" content=\"index, follow, max-snippet:-1, max-image-preview:large, max-video-preview:-1\" \/>\n<link rel=\"canonical\" href=\"https:\/\/www.itaipbc.org.mx\/itaipBC-2019\/itaipbc-y-partido-movimiento-ciudadano-firman-convenio-de-colaboracion\/\" \/>\n<meta property=\"og:locale\" content=\"es_ES\" \/>\n<meta property=\"og:type\" content=\"article\" \/>\n<meta property=\"og:title\" content=\"ITAIPBC Y PARTIDO MOVIMIENTO CIUDADANO FIRMAN CONVENIO DE COLABORACI\u00d3N - ItaipBC\" \/>\n<meta property=\"og:description\" content=\"Mexicali, Baja California a 13 de marzo del 2020 Con el fin de dar cabal cumplimiento a las obligaciones establecidas en la Ley de Transparencia del Estado de Baja California, as\u00ed como desarrollar y trabajar en conjunto en la realizaci\u00f3n de actividades que promuevan la transparencia y la rendici\u00f3n de cuentas en el Estado, se [&hellip;]\" \/>\n<meta property=\"og:url\" content=\"https:\/\/www.itaipbc.org.mx\/itaipBC-2019\/itaipbc-y-partido-movimiento-ciudadano-firman-convenio-de-colaboracion\/\" \/>\n<meta property=\"og:site_name\" content=\"ItaipBC\" \/>\n<meta property=\"article:published_time\" content=\"2020-03-13T19:54:00+00:00\" \/>\n<meta property=\"article:modified_time\" content=\"2020-07-02T21:02:05+00:00\" \/>\n<meta property=\"og:image\" content=\"https:\/\/www.itaipbc.org.mx\/itaipBC-2019\/wp-content\/uploads\/2020\/04\/boletin231-768x444.png\" \/>\n\t<meta property=\"og:image:width\" content=\"768\" \/>\n\t<meta property=\"og:image:height\" content=\"444\" \/>\n\t<meta property=\"og:image:type\" content=\"image\/png\" \/>\n<meta name=\"author\" content=\"Luis Daniel Sanchez Erenas\" \/>\n<meta name=\"twitter:card\" content=\"summary_large_image\" \/>\n<meta name=\"twitter:label1\" content=\"Escrito por\" \/>\n\t<meta name=\"twitter:data1\" content=\"Luis Daniel Sanchez Erenas\" \/>\n\t<meta name=\"twitter:label2\" content=\"Tiempo de lectura\" \/>\n\t<meta name=\"twitter:data2\" content=\"2 minutos\" \/>\n<script type=\"application\/ld+json\" class=\"yoast-schema-graph\">{\"@context\":\"https:\/\/schema.org\",\"@graph\":[{\"@type\":\"Article\",\"@id\":\"https:\/\/www.itaipbc.org.mx\/itaipBC-2019\/itaipbc-y-partido-movimiento-ciudadano-firman-convenio-de-colaboracion\/#article\",\"isPartOf\":{\"@id\":\"https:\/\/www.itaipbc.org.mx\/itaipBC-2019\/itaipbc-y-partido-movimiento-ciudadano-firman-convenio-de-colaboracion\/\"},\"author\":{\"name\":\"Luis Daniel Sanchez Erenas\",\"@id\":\"https:\/\/www.itaipbc.org.mx\/itaipBC-2019\/#\/schema\/person\/77ca95a1be870d8dffb7f2599507593d\"},\"headline\":\"ITAIPBC Y PARTIDO MOVIMIENTO CIUDADANO FIRMAN CONVENIO DE COLABORACI\u00d3N\",\"datePublished\":\"2020-03-13T19:54:00+00:00\",\"dateModified\":\"2020-07-02T21:02:05+00:00\",\"mainEntityOfPage\":{\"@id\":\"https:\/\/www.itaipbc.org.mx\/itaipBC-2019\/itaipbc-y-partido-movimiento-ciudadano-firman-convenio-de-colaboracion\/\"},\"wordCount\":478,\"publisher\":{\"@id\":\"https:\/\/www.itaipbc.org.mx\/itaipBC-2019\/#organization\"},\"image\":{\"@id\":\"https:\/\/www.itaipbc.org.mx\/itaipBC-2019\/itaipbc-y-partido-movimiento-ciudadano-firman-convenio-de-colaboracion\/#primaryimage\"},\"thumbnailUrl\":\"https:\/\/www.itaipbc.org.mx\/itaipBC-2019\/wp-content\/uploads\/2020\/04\/boletin231.png\",\"articleSection\":[\"Principal\"],\"inLanguage\":\"es\"},{\"@type\":\"WebPage\",\"@id\":\"https:\/\/www.itaipbc.org.mx\/itaipBC-2019\/itaipbc-y-partido-movimiento-ciudadano-firman-convenio-de-colaboracion\/\",\"url\":\"https:\/\/www.itaipbc.org.mx\/itaipBC-2019\/itaipbc-y-partido-movimiento-ciudadano-firman-convenio-de-colaboracion\/\",\"name\":\"ITAIPBC Y PARTIDO MOVIMIENTO CIUDADANO FIRMAN CONVENIO DE COLABORACI\u00d3N - ItaipBC\",\"isPartOf\":{\"@id\":\"https:\/\/www.itaipbc.org.mx\/itaipBC-2019\/#website\"},\"primaryImageOfPage\":{\"@id\":\"https:\/\/www.itaipbc.org.mx\/itaipBC-2019\/itaipbc-y-partido-movimiento-ciudadano-firman-convenio-de-colaboracion\/#primaryimage\"},\"image\":{\"@id\":\"https:\/\/www.itaipbc.org.mx\/itaipBC-2019\/itaipbc-y-partido-movimiento-ciudadano-firman-convenio-de-colaboracion\/#primaryimage\"},\"thumbnailUrl\":\"https:\/\/www.itaipbc.org.mx\/itaipBC-2019\/wp-content\/uploads\/2020\/04\/boletin231.png\",\"datePublished\":\"2020-03-13T19:54:00+00:00\",\"dateModified\":\"2020-07-02T21:02:05+00:00\",\"breadcrumb\":{\"@id\":\"https:\/\/www.itaipbc.org.mx\/itaipBC-2019\/itaipbc-y-partido-movimiento-ciudadano-firman-convenio-de-colaboracion\/#breadcrumb\"},\"inLanguage\":\"es\",\"potentialAction\":[{\"@type\":\"ReadAction\",\"target\":[\"https:\/\/www.itaipbc.org.mx\/itaipBC-2019\/itaipbc-y-partido-movimiento-ciudadano-firman-convenio-de-colaboracion\/\"]}]},{\"@type\":\"ImageObject\",\"inLanguage\":\"es\",\"@id\":\"https:\/\/www.itaipbc.org.mx\/itaipBC-2019\/itaipbc-y-partido-movimiento-ciudadano-firman-convenio-de-colaboracion\/#primaryimage\",\"url\":\"https:\/\/www.itaipbc.org.mx\/itaipBC-2019\/wp-content\/uploads\/2020\/04\/boletin231.png\",\"contentUrl\":\"https:\/\/www.itaipbc.org.mx\/itaipBC-2019\/wp-content\/uploads\/2020\/04\/boletin231.png\",\"width\":985,\"height\":570},{\"@type\":\"BreadcrumbList\",\"@id\":\"https:\/\/www.itaipbc.org.mx\/itaipBC-2019\/itaipbc-y-partido-movimiento-ciudadano-firman-convenio-de-colaboracion\/#breadcrumb\",\"itemListElement\":[{\"@type\":\"ListItem\",\"position\":1,\"name\":\"Portada\",\"item\":\"https:\/\/www.itaipbc.org.mx\/itaipBC-2019\/\"},{\"@type\":\"ListItem\",\"position\":2,\"name\":\"ITAIPBC Y PARTIDO MOVIMIENTO CIUDADANO FIRMAN CONVENIO DE COLABORACI\u00d3N\"}]},{\"@type\":\"WebSite\",\"@id\":\"https:\/\/www.itaipbc.org.mx\/itaipBC-2019\/#website\",\"url\":\"https:\/\/www.itaipbc.org.mx\/itaipBC-2019\/\",\"name\":\"ItaipBC\",\"description\":\"\",\"publisher\":{\"@id\":\"https:\/\/www.itaipbc.org.mx\/itaipBC-2019\/#organization\"},\"potentialAction\":[{\"@type\":\"SearchAction\",\"target\":{\"@type\":\"EntryPoint\",\"urlTemplate\":\"https:\/\/www.itaipbc.org.mx\/itaipBC-2019\/?s={search_term_string}\"},\"query-input\":{\"@type\":\"PropertyValueSpecification\",\"valueRequired\":true,\"valueName\":\"search_term_string\"}}],\"inLanguage\":\"es\"},{\"@type\":\"Organization\",\"@id\":\"https:\/\/www.itaipbc.org.mx\/itaipBC-2019\/#organization\",\"name\":\"Instituto de Transparencia Baja California\",\"url\":\"https:\/\/www.itaipbc.org.mx\/itaipBC-2019\/\",\"logo\":{\"@type\":\"ImageObject\",\"inLanguage\":\"es\",\"@id\":\"https:\/\/www.itaipbc.org.mx\/itaipBC-2019\/#\/schema\/logo\/image\/\",\"url\":\"http:\/\/www.itaipbc.org.mx\/itaipBC-2019\/wp-content\/uploads\/2020\/01\/ITAIPBC-Completo.png\",\"contentUrl\":\"http:\/\/www.itaipbc.org.mx\/itaipBC-2019\/wp-content\/uploads\/2020\/01\/ITAIPBC-Completo.png\",\"width\":750,\"height\":174,\"caption\":\"Instituto de Transparencia Baja California\"},\"image\":{\"@id\":\"https:\/\/www.itaipbc.org.mx\/itaipBC-2019\/#\/schema\/logo\/image\/\"}},{\"@type\":\"Person\",\"@id\":\"https:\/\/www.itaipbc.org.mx\/itaipBC-2019\/#\/schema\/person\/77ca95a1be870d8dffb7f2599507593d\",\"name\":\"Luis Daniel Sanchez Erenas\",\"image\":{\"@type\":\"ImageObject\",\"inLanguage\":\"es\",\"@id\":\"https:\/\/www.itaipbc.org.mx\/itaipBC-2019\/#\/schema\/person\/image\/\",\"url\":\"https:\/\/secure.gravatar.com\/avatar\/a45012700f462c241d76ccc0c519fab87158366d15a159fc4774183914173d71?s=96&d=mm&r=g\",\"contentUrl\":\"https:\/\/secure.gravatar.com\/avatar\/a45012700f462c241d76ccc0c519fab87158366d15a159fc4774183914173d71?s=96&d=mm&r=g\",\"caption\":\"Luis Daniel Sanchez Erenas\"},\"url\":\"https:\/\/www.itaipbc.org.mx\/itaipBC-2019\/author\/ldsanchez\/\"}]}<\/script>\n<!-- \/ Yoast SEO plugin. -->","yoast_head_json":{"title":"ITAIPBC Y PARTIDO MOVIMIENTO CIUDADANO FIRMAN CONVENIO DE COLABORACI\u00d3N - ItaipBC","robots":{"index":"index","follow":"follow","max-snippet":"max-snippet:-1","max-image-preview":"max-image-preview:large","max-video-preview":"max-video-preview:-1"},"canonical":"https:\/\/www.itaipbc.org.mx\/itaipBC-2019\/itaipbc-y-partido-movimiento-ciudadano-firman-convenio-de-colaboracion\/","og_locale":"es_ES","og_type":"article","og_title":"ITAIPBC Y PARTIDO MOVIMIENTO CIUDADANO FIRMAN CONVENIO DE COLABORACI\u00d3N - ItaipBC","og_description":"Mexicali, Baja California a 13 de marzo del 2020 Con el fin de dar cabal cumplimiento a las obligaciones establecidas en la Ley de Transparencia del Estado de Baja California, as\u00ed como desarrollar y trabajar en conjunto en la realizaci\u00f3n de actividades que promuevan la transparencia y la rendici\u00f3n de cuentas en el Estado, se [&hellip;]","og_url":"https:\/\/www.itaipbc.org.mx\/itaipBC-2019\/itaipbc-y-partido-movimiento-ciudadano-firman-convenio-de-colaboracion\/","og_site_name":"ItaipBC","article_published_time":"2020-03-13T19:54:00+00:00","article_modified_time":"2020-07-02T21:02:05+00:00","og_image":[{"width":768,"height":444,"url":"https:\/\/www.itaipbc.org.mx\/itaipBC-2019\/wp-content\/uploads\/2020\/04\/boletin231-768x444.png","type":"image\/png"}],"author":"Luis Daniel Sanchez Erenas","twitter_card":"summary_large_image","twitter_misc":{"Escrito por":"Luis Daniel Sanchez Erenas","Tiempo de lectura":"2 minutos"},"schema":{"@context":"https:\/\/schema.org","@graph":[{"@type":"Article","@id":"https:\/\/www.itaipbc.org.mx\/itaipBC-2019\/itaipbc-y-partido-movimiento-ciudadano-firman-convenio-de-colaboracion\/#article","isPartOf":{"@id":"https:\/\/www.itaipbc.org.mx\/itaipBC-2019\/itaipbc-y-partido-movimiento-ciudadano-firman-convenio-de-colaboracion\/"},"author":{"name":"Luis Daniel Sanchez Erenas","@id":"https:\/\/www.itaipbc.org.mx\/itaipBC-2019\/#\/schema\/person\/77ca95a1be870d8dffb7f2599507593d"},"headline":"ITAIPBC Y PARTIDO MOVIMIENTO CIUDADANO FIRMAN CONVENIO DE COLABORACI\u00d3N","datePublished":"2020-03-13T19:54:00+00:00","dateModified":"2020-07-02T21:02:05+00:00","mainEntityOfPage":{"@id":"https:\/\/www.itaipbc.org.mx\/itaipBC-2019\/itaipbc-y-partido-movimiento-ciudadano-firman-convenio-de-colaboracion\/"},"wordCount":478,"publisher":{"@id":"https:\/\/www.itaipbc.org.mx\/itaipBC-2019\/#organization"},"image":{"@id":"https:\/\/www.itaipbc.org.mx\/itaipBC-2019\/itaipbc-y-partido-movimiento-ciudadano-firman-convenio-de-colaboracion\/#primaryimage"},"thumbnailUrl":"https:\/\/www.itaipbc.org.mx\/itaipBC-2019\/wp-content\/uploads\/2020\/04\/boletin231.png","articleSection":["Principal"],"inLanguage":"es"},{"@type":"WebPage","@id":"https:\/\/www.itaipbc.org.mx\/itaipBC-2019\/itaipbc-y-partido-movimiento-ciudadano-firman-convenio-de-colaboracion\/","url":"https:\/\/www.itaipbc.org.mx\/itaipBC-2019\/itaipbc-y-partido-movimiento-ciudadano-firman-convenio-de-colaboracion\/","name":"ITAIPBC Y PARTIDO MOVIMIENTO CIUDADANO FIRMAN CONVENIO DE COLABORACI\u00d3N - ItaipBC","isPartOf":{"@id":"https:\/\/www.itaipbc.org.mx\/itaipBC-2019\/#website"},"primaryImageOfPage":{"@id":"https:\/\/www.itaipbc.org.mx\/itaipBC-2019\/itaipbc-y-partido-movimiento-ciudadano-firman-convenio-de-colaboracion\/#primaryimage"},"image":{"@id":"https:\/\/www.itaipbc.org.mx\/itaipBC-2019\/itaipbc-y-partido-movimiento-ciudadano-firman-convenio-de-colaboracion\/#primaryimage"},"thumbnailUrl":"https:\/\/www.itaipbc.org.mx\/itaipBC-2019\/wp-content\/uploads\/2020\/04\/boletin231.png","datePublished":"2020-03-13T19:54:00+00:00","dateModified":"2020-07-02T21:02:05+00:00","breadcrumb":{"@id":"https:\/\/www.itaipbc.org.mx\/itaipBC-2019\/itaipbc-y-partido-movimiento-ciudadano-firman-convenio-de-colaboracion\/#breadcrumb"},"inLanguage":"es","potentialAction":[{"@type":"ReadAction","target":["https:\/\/www.itaipbc.org.mx\/itaipBC-2019\/itaipbc-y-partido-movimiento-ciudadano-firman-convenio-de-colaboracion\/"]}]},{"@type":"ImageObject","inLanguage":"es","@id":"https:\/\/www.itaipbc.org.mx\/itaipBC-2019\/itaipbc-y-partido-movimiento-ciudadano-firman-convenio-de-colaboracion\/#primaryimage","url":"https:\/\/www.itaipbc.org.mx\/itaipBC-2019\/wp-content\/uploads\/2020\/04\/boletin231.png","contentUrl":"https:\/\/www.itaipbc.org.mx\/itaipBC-2019\/wp-content\/uploads\/2020\/04\/boletin231.png","width":985,"height":570},{"@type":"BreadcrumbList","@id":"https:\/\/www.itaipbc.org.mx\/itaipBC-2019\/itaipbc-y-partido-movimiento-ciudadano-firman-convenio-de-colaboracion\/#breadcrumb","itemListElement":[{"@type":"ListItem","position":1,"name":"Portada","item":"https:\/\/www.itaipbc.org.mx\/itaipBC-2019\/"},{"@type":"ListItem","position":2,"name":"ITAIPBC Y PARTIDO MOVIMIENTO CIUDADANO FIRMAN CONVENIO DE COLABORACI\u00d3N"}]},{"@type":"WebSite","@id":"https:\/\/www.itaipbc.org.mx\/itaipBC-2019\/#website","url":"https:\/\/www.itaipbc.org.mx\/itaipBC-2019\/","name":"ItaipBC","description":"","publisher":{"@id":"https:\/\/www.itaipbc.org.mx\/itaipBC-2019\/#organization"},"potentialAction":[{"@type":"SearchAction","target":{"@type":"EntryPoint","urlTemplate":"https:\/\/www.itaipbc.org.mx\/itaipBC-2019\/?s={search_term_string}"},"query-input":{"@type":"PropertyValueSpecification","valueRequired":true,"valueName":"search_term_string"}}],"inLanguage":"es"},{"@type":"Organization","@id":"https:\/\/www.itaipbc.org.mx\/itaipBC-2019\/#organization","name":"Instituto de Transparencia Baja California","url":"https:\/\/www.itaipbc.org.mx\/itaipBC-2019\/","logo":{"@type":"ImageObject","inLanguage":"es","@id":"https:\/\/www.itaipbc.org.mx\/itaipBC-2019\/#\/schema\/logo\/image\/","url":"http:\/\/www.itaipbc.org.mx\/itaipBC-2019\/wp-content\/uploads\/2020\/01\/ITAIPBC-Completo.png","contentUrl":"http:\/\/www.itaipbc.org.mx\/itaipBC-2019\/wp-content\/uploads\/2020\/01\/ITAIPBC-Completo.png","width":750,"height":174,"caption":"Instituto de Transparencia Baja California"},"image":{"@id":"https:\/\/www.itaipbc.org.mx\/itaipBC-2019\/#\/schema\/logo\/image\/"}},{"@type":"Person","@id":"https:\/\/www.itaipbc.org.mx\/itaipBC-2019\/#\/schema\/person\/77ca95a1be870d8dffb7f2599507593d","name":"Luis Daniel Sanchez Erenas","image":{"@type":"ImageObject","inLanguage":"es","@id":"https:\/\/www.itaipbc.org.mx\/itaipBC-2019\/#\/schema\/person\/image\/","url":"https:\/\/secure.gravatar.com\/avatar\/a45012700f462c241d76ccc0c519fab87158366d15a159fc4774183914173d71?s=96&d=mm&r=g","contentUrl":"https:\/\/secure.gravatar.com\/avatar\/a45012700f462c241d76ccc0c519fab87158366d15a159fc4774183914173d71?s=96&d=mm&r=g","caption":"Luis Daniel Sanchez Erenas"},"url":"https:\/\/www.itaipbc.org.mx\/itaipBC-2019\/author\/ldsanchez\/"}]}},"_links":{"self":[{"href":"https:\/\/www.itaipbc.org.mx\/itaipBC-2019\/wp-json\/wp\/v2\/posts\/2916","targetHints":{"allow":["GET"]}}],"collection":[{"href":"https:\/\/www.itaipbc.org.mx\/itaipBC-2019\/wp-json\/wp\/v2\/posts"}],"about":[{"href":"https:\/\/www.itaipbc.org.mx\/itaipBC-2019\/wp-json\/wp\/v2\/types\/post"}],"author":[{"embeddable":true,"href":"https:\/\/www.itaipbc.org.mx\/itaipBC-2019\/wp-json\/wp\/v2\/users\/11"}],"replies":[{"embeddable":true,"href":"https:\/\/www.itaipbc.org.mx\/itaipBC-2019\/wp-json\/wp\/v2\/comments?post=2916"}],"version-history":[{"count":0,"href":"https:\/\/www.itaipbc.org.mx\/itaipBC-2019\/wp-json\/wp\/v2\/posts\/2916\/revisions"}],"wp:featuredmedia":[{"embeddable":true,"href":"https:\/\/www.itaipbc.org.mx\/itaipBC-2019\/wp-json\/wp\/v2\/media\/2910"}],"wp:attachment":[{"href":"https:\/\/www.itaipbc.org.mx\/itaipBC-2019\/wp-json\/wp\/v2\/media?parent=2916"}],"wp:term":[{"taxonomy":"category","embeddable":true,"href":"https:\/\/www.itaipbc.org.mx\/itaipBC-2019\/wp-json\/wp\/v2\/categories?post=2916"},{"taxonomy":"post_tag","embeddable":true,"href":"https:\/\/www.itaipbc.org.mx\/itaipBC-2019\/wp-json\/wp\/v2\/tags?post=2916"}],"curies":[{"name":"wp","href":"https:\/\/api.w.org\/{rel}","templated":true}]}}