{"id":2914,"date":"2020-03-13T12:52:30","date_gmt":"2020-03-13T19:52:30","guid":{"rendered":"http:\/\/www.itaipbc.org.mx\/itaipBC-2019\/?p=2914"},"modified":"2020-07-02T14:01:28","modified_gmt":"2020-07-02T21:01:28","slug":"comisionada-presidente-del-itaipbc-se-reune-con-auditor-superior-del-estado-de-baja-california","status":"publish","type":"post","link":"https:\/\/www.itaipbc.org.mx\/itaipBC-2019\/comisionada-presidente-del-itaipbc-se-reune-con-auditor-superior-del-estado-de-baja-california\/","title":{"rendered":"COMISIONADA PRESIDENTE DEL ITAIPBC SE RE\u00daNE CON AUDITOR SUPERIOR DEL ESTADO DE BAJA CALIFORNIA"},"content":{"rendered":"<p><strong>Mexicali, Baja California a 13 de marzo del 2020<\/strong>La Comisionada Presidente del Instituto de Transparencia, Acceso a la Informaci\u00f3n P\u00fablica y Protecci\u00f3n de Datos Personales del Estado de Baja California (ITAIPBC), Luc\u00eda Ariana Miranda G\u00f3mez, llev\u00f3 a cabo una reuni\u00f3n de trabajo con el Auditor Superior del Estado de Baja California, Jos\u00e9 Sergio Soto Garc\u00eda, con el objetivo de dar seguimiento a los asuntos en materia de transparencia y rendici\u00f3n de cuentas de las dependencias que representan.<\/p>\n","protected":false},"excerpt":{"rendered":"<p>Mexicali, Baja California a 13 de marzo del 2020La Comisionada Presidente del Instituto de Transparencia, Acceso a la Informaci\u00f3n P\u00fablica y Protecci\u00f3n de Datos Personales del Estado de Baja California (ITAIPBC), Luc\u00eda Ariana Miranda G\u00f3mez, llev\u00f3 a cabo una reuni\u00f3n de trabajo con el Auditor Superior del Estado de Baja California, Jos\u00e9 Sergio Soto Garc\u00eda, [&hellip;]<\/p>\n","protected":false},"author":11,"featured_media":2909,"comment_status":"closed","ping_status":"closed","sticky":false,"template":"","format":"standard","meta":{"footnotes":""},"categories":[19],"tags":[],"class_list":["post-2914","post","type-post","status-publish","format-standard","has-post-thumbnail","hentry","category-principal"],"yoast_head":"<!-- This site is optimized with the Yoast SEO plugin v26.5 - https:\/\/yoast.com\/wordpress\/plugins\/seo\/ -->\n<title>COMISIONADA PRESIDENTE DEL ITAIPBC SE RE\u00daNE CON AUDITOR SUPERIOR DEL ESTADO DE BAJA CALIFORNIA - ItaipBC<\/title>\n<meta name=\"robots\" content=\"index, follow, max-snippet:-1, max-image-preview:large, max-video-preview:-1\" \/>\n<link rel=\"canonical\" href=\"https:\/\/www.itaipbc.org.mx\/itaipBC-2019\/comisionada-presidente-del-itaipbc-se-reune-con-auditor-superior-del-estado-de-baja-california\/\" \/>\n<meta property=\"og:locale\" content=\"es_ES\" \/>\n<meta property=\"og:type\" content=\"article\" \/>\n<meta property=\"og:title\" content=\"COMISIONADA PRESIDENTE DEL ITAIPBC SE RE\u00daNE CON AUDITOR SUPERIOR DEL ESTADO DE BAJA CALIFORNIA - ItaipBC\" \/>\n<meta property=\"og:description\" content=\"Mexicali, Baja California a 13 de marzo del 2020La Comisionada Presidente del Instituto de Transparencia, Acceso a la Informaci\u00f3n P\u00fablica y Protecci\u00f3n de Datos Personales del Estado de Baja California (ITAIPBC), Luc\u00eda Ariana Miranda G\u00f3mez, llev\u00f3 a cabo una reuni\u00f3n de trabajo con el Auditor Superior del Estado de Baja California, Jos\u00e9 Sergio Soto Garc\u00eda, [&hellip;]\" \/>\n<meta property=\"og:url\" content=\"https:\/\/www.itaipbc.org.mx\/itaipBC-2019\/comisionada-presidente-del-itaipbc-se-reune-con-auditor-superior-del-estado-de-baja-california\/\" \/>\n<meta property=\"og:site_name\" content=\"ItaipBC\" \/>\n<meta property=\"article:published_time\" content=\"2020-03-13T19:52:30+00:00\" \/>\n<meta property=\"article:modified_time\" content=\"2020-07-02T21:01:28+00:00\" \/>\n<meta property=\"og:image\" content=\"https:\/\/www.itaipbc.org.mx\/itaipBC-2019\/wp-content\/uploads\/2020\/04\/boletin230-768x444.png\" \/>\n\t<meta property=\"og:image:width\" content=\"768\" \/>\n\t<meta property=\"og:image:height\" content=\"444\" \/>\n\t<meta property=\"og:image:type\" content=\"image\/png\" \/>\n<meta name=\"author\" content=\"Luis Daniel Sanchez Erenas\" \/>\n<meta name=\"twitter:card\" content=\"summary_large_image\" \/>\n<meta name=\"twitter:label1\" content=\"Escrito por\" \/>\n\t<meta name=\"twitter:data1\" content=\"Luis Daniel Sanchez Erenas\" \/>\n<script type=\"application\/ld+json\" class=\"yoast-schema-graph\">{\"@context\":\"https:\/\/schema.org\",\"@graph\":[{\"@type\":\"Article\",\"@id\":\"https:\/\/www.itaipbc.org.mx\/itaipBC-2019\/comisionada-presidente-del-itaipbc-se-reune-con-auditor-superior-del-estado-de-baja-california\/#article\",\"isPartOf\":{\"@id\":\"https:\/\/www.itaipbc.org.mx\/itaipBC-2019\/comisionada-presidente-del-itaipbc-se-reune-con-auditor-superior-del-estado-de-baja-california\/\"},\"author\":{\"name\":\"Luis Daniel Sanchez Erenas\",\"@id\":\"https:\/\/www.itaipbc.org.mx\/itaipBC-2019\/#\/schema\/person\/77ca95a1be870d8dffb7f2599507593d\"},\"headline\":\"COMISIONADA PRESIDENTE DEL ITAIPBC SE RE\u00daNE CON AUDITOR SUPERIOR DEL ESTADO DE BAJA CALIFORNIA\",\"datePublished\":\"2020-03-13T19:52:30+00:00\",\"dateModified\":\"2020-07-02T21:01:28+00:00\",\"mainEntityOfPage\":{\"@id\":\"https:\/\/www.itaipbc.org.mx\/itaipBC-2019\/comisionada-presidente-del-itaipbc-se-reune-con-auditor-superior-del-estado-de-baja-california\/\"},\"wordCount\":99,\"publisher\":{\"@id\":\"https:\/\/www.itaipbc.org.mx\/itaipBC-2019\/#organization\"},\"image\":{\"@id\":\"https:\/\/www.itaipbc.org.mx\/itaipBC-2019\/comisionada-presidente-del-itaipbc-se-reune-con-auditor-superior-del-estado-de-baja-california\/#primaryimage\"},\"thumbnailUrl\":\"https:\/\/www.itaipbc.org.mx\/itaipBC-2019\/wp-content\/uploads\/2020\/04\/boletin230.png\",\"articleSection\":[\"Principal\"],\"inLanguage\":\"es\"},{\"@type\":\"WebPage\",\"@id\":\"https:\/\/www.itaipbc.org.mx\/itaipBC-2019\/comisionada-presidente-del-itaipbc-se-reune-con-auditor-superior-del-estado-de-baja-california\/\",\"url\":\"https:\/\/www.itaipbc.org.mx\/itaipBC-2019\/comisionada-presidente-del-itaipbc-se-reune-con-auditor-superior-del-estado-de-baja-california\/\",\"name\":\"COMISIONADA PRESIDENTE DEL ITAIPBC SE RE\u00daNE CON AUDITOR SUPERIOR DEL ESTADO DE BAJA CALIFORNIA - ItaipBC\",\"isPartOf\":{\"@id\":\"https:\/\/www.itaipbc.org.mx\/itaipBC-2019\/#website\"},\"primaryImageOfPage\":{\"@id\":\"https:\/\/www.itaipbc.org.mx\/itaipBC-2019\/comisionada-presidente-del-itaipbc-se-reune-con-auditor-superior-del-estado-de-baja-california\/#primaryimage\"},\"image\":{\"@id\":\"https:\/\/www.itaipbc.org.mx\/itaipBC-2019\/comisionada-presidente-del-itaipbc-se-reune-con-auditor-superior-del-estado-de-baja-california\/#primaryimage\"},\"thumbnailUrl\":\"https:\/\/www.itaipbc.org.mx\/itaipBC-2019\/wp-content\/uploads\/2020\/04\/boletin230.png\",\"datePublished\":\"2020-03-13T19:52:30+00:00\",\"dateModified\":\"2020-07-02T21:01:28+00:00\",\"breadcrumb\":{\"@id\":\"https:\/\/www.itaipbc.org.mx\/itaipBC-2019\/comisionada-presidente-del-itaipbc-se-reune-con-auditor-superior-del-estado-de-baja-california\/#breadcrumb\"},\"inLanguage\":\"es\",\"potentialAction\":[{\"@type\":\"ReadAction\",\"target\":[\"https:\/\/www.itaipbc.org.mx\/itaipBC-2019\/comisionada-presidente-del-itaipbc-se-reune-con-auditor-superior-del-estado-de-baja-california\/\"]}]},{\"@type\":\"ImageObject\",\"inLanguage\":\"es\",\"@id\":\"https:\/\/www.itaipbc.org.mx\/itaipBC-2019\/comisionada-presidente-del-itaipbc-se-reune-con-auditor-superior-del-estado-de-baja-california\/#primaryimage\",\"url\":\"https:\/\/www.itaipbc.org.mx\/itaipBC-2019\/wp-content\/uploads\/2020\/04\/boletin230.png\",\"contentUrl\":\"https:\/\/www.itaipbc.org.mx\/itaipBC-2019\/wp-content\/uploads\/2020\/04\/boletin230.png\",\"width\":985,\"height\":570},{\"@type\":\"BreadcrumbList\",\"@id\":\"https:\/\/www.itaipbc.org.mx\/itaipBC-2019\/comisionada-presidente-del-itaipbc-se-reune-con-auditor-superior-del-estado-de-baja-california\/#breadcrumb\",\"itemListElement\":[{\"@type\":\"ListItem\",\"position\":1,\"name\":\"Portada\",\"item\":\"https:\/\/www.itaipbc.org.mx\/itaipBC-2019\/\"},{\"@type\":\"ListItem\",\"position\":2,\"name\":\"COMISIONADA PRESIDENTE DEL ITAIPBC SE RE\u00daNE CON AUDITOR SUPERIOR DEL ESTADO DE BAJA CALIFORNIA\"}]},{\"@type\":\"WebSite\",\"@id\":\"https:\/\/www.itaipbc.org.mx\/itaipBC-2019\/#website\",\"url\":\"https:\/\/www.itaipbc.org.mx\/itaipBC-2019\/\",\"name\":\"ItaipBC\",\"description\":\"\",\"publisher\":{\"@id\":\"https:\/\/www.itaipbc.org.mx\/itaipBC-2019\/#organization\"},\"potentialAction\":[{\"@type\":\"SearchAction\",\"target\":{\"@type\":\"EntryPoint\",\"urlTemplate\":\"https:\/\/www.itaipbc.org.mx\/itaipBC-2019\/?s={search_term_string}\"},\"query-input\":{\"@type\":\"PropertyValueSpecification\",\"valueRequired\":true,\"valueName\":\"search_term_string\"}}],\"inLanguage\":\"es\"},{\"@type\":\"Organization\",\"@id\":\"https:\/\/www.itaipbc.org.mx\/itaipBC-2019\/#organization\",\"name\":\"Instituto de Transparencia Baja California\",\"url\":\"https:\/\/www.itaipbc.org.mx\/itaipBC-2019\/\",\"logo\":{\"@type\":\"ImageObject\",\"inLanguage\":\"es\",\"@id\":\"https:\/\/www.itaipbc.org.mx\/itaipBC-2019\/#\/schema\/logo\/image\/\",\"url\":\"http:\/\/www.itaipbc.org.mx\/itaipBC-2019\/wp-content\/uploads\/2020\/01\/ITAIPBC-Completo.png\",\"contentUrl\":\"http:\/\/www.itaipbc.org.mx\/itaipBC-2019\/wp-content\/uploads\/2020\/01\/ITAIPBC-Completo.png\",\"width\":750,\"height\":174,\"caption\":\"Instituto de Transparencia Baja California\"},\"image\":{\"@id\":\"https:\/\/www.itaipbc.org.mx\/itaipBC-2019\/#\/schema\/logo\/image\/\"}},{\"@type\":\"Person\",\"@id\":\"https:\/\/www.itaipbc.org.mx\/itaipBC-2019\/#\/schema\/person\/77ca95a1be870d8dffb7f2599507593d\",\"name\":\"Luis Daniel Sanchez Erenas\",\"image\":{\"@type\":\"ImageObject\",\"inLanguage\":\"es\",\"@id\":\"https:\/\/www.itaipbc.org.mx\/itaipBC-2019\/#\/schema\/person\/image\/\",\"url\":\"https:\/\/secure.gravatar.com\/avatar\/a45012700f462c241d76ccc0c519fab87158366d15a159fc4774183914173d71?s=96&d=mm&r=g\",\"contentUrl\":\"https:\/\/secure.gravatar.com\/avatar\/a45012700f462c241d76ccc0c519fab87158366d15a159fc4774183914173d71?s=96&d=mm&r=g\",\"caption\":\"Luis Daniel Sanchez Erenas\"},\"url\":\"https:\/\/www.itaipbc.org.mx\/itaipBC-2019\/author\/ldsanchez\/\"}]}<\/script>\n<!-- \/ Yoast SEO plugin. -->","yoast_head_json":{"title":"COMISIONADA PRESIDENTE DEL ITAIPBC SE RE\u00daNE CON AUDITOR SUPERIOR DEL ESTADO DE BAJA CALIFORNIA - ItaipBC","robots":{"index":"index","follow":"follow","max-snippet":"max-snippet:-1","max-image-preview":"max-image-preview:large","max-video-preview":"max-video-preview:-1"},"canonical":"https:\/\/www.itaipbc.org.mx\/itaipBC-2019\/comisionada-presidente-del-itaipbc-se-reune-con-auditor-superior-del-estado-de-baja-california\/","og_locale":"es_ES","og_type":"article","og_title":"COMISIONADA PRESIDENTE DEL ITAIPBC SE RE\u00daNE CON AUDITOR SUPERIOR DEL ESTADO DE BAJA CALIFORNIA - ItaipBC","og_description":"Mexicali, Baja California a 13 de marzo del 2020La Comisionada Presidente del Instituto de Transparencia, Acceso a la Informaci\u00f3n P\u00fablica y Protecci\u00f3n de Datos Personales del Estado de Baja California (ITAIPBC), Luc\u00eda Ariana Miranda G\u00f3mez, llev\u00f3 a cabo una reuni\u00f3n de trabajo con el Auditor Superior del Estado de Baja California, Jos\u00e9 Sergio Soto Garc\u00eda, [&hellip;]","og_url":"https:\/\/www.itaipbc.org.mx\/itaipBC-2019\/comisionada-presidente-del-itaipbc-se-reune-con-auditor-superior-del-estado-de-baja-california\/","og_site_name":"ItaipBC","article_published_time":"2020-03-13T19:52:30+00:00","article_modified_time":"2020-07-02T21:01:28+00:00","og_image":[{"width":768,"height":444,"url":"https:\/\/www.itaipbc.org.mx\/itaipBC-2019\/wp-content\/uploads\/2020\/04\/boletin230-768x444.png","type":"image\/png"}],"author":"Luis Daniel Sanchez Erenas","twitter_card":"summary_large_image","twitter_misc":{"Escrito por":"Luis Daniel Sanchez Erenas"},"schema":{"@context":"https:\/\/schema.org","@graph":[{"@type":"Article","@id":"https:\/\/www.itaipbc.org.mx\/itaipBC-2019\/comisionada-presidente-del-itaipbc-se-reune-con-auditor-superior-del-estado-de-baja-california\/#article","isPartOf":{"@id":"https:\/\/www.itaipbc.org.mx\/itaipBC-2019\/comisionada-presidente-del-itaipbc-se-reune-con-auditor-superior-del-estado-de-baja-california\/"},"author":{"name":"Luis Daniel Sanchez Erenas","@id":"https:\/\/www.itaipbc.org.mx\/itaipBC-2019\/#\/schema\/person\/77ca95a1be870d8dffb7f2599507593d"},"headline":"COMISIONADA PRESIDENTE DEL ITAIPBC SE RE\u00daNE CON AUDITOR SUPERIOR DEL ESTADO DE BAJA CALIFORNIA","datePublished":"2020-03-13T19:52:30+00:00","dateModified":"2020-07-02T21:01:28+00:00","mainEntityOfPage":{"@id":"https:\/\/www.itaipbc.org.mx\/itaipBC-2019\/comisionada-presidente-del-itaipbc-se-reune-con-auditor-superior-del-estado-de-baja-california\/"},"wordCount":99,"publisher":{"@id":"https:\/\/www.itaipbc.org.mx\/itaipBC-2019\/#organization"},"image":{"@id":"https:\/\/www.itaipbc.org.mx\/itaipBC-2019\/comisionada-presidente-del-itaipbc-se-reune-con-auditor-superior-del-estado-de-baja-california\/#primaryimage"},"thumbnailUrl":"https:\/\/www.itaipbc.org.mx\/itaipBC-2019\/wp-content\/uploads\/2020\/04\/boletin230.png","articleSection":["Principal"],"inLanguage":"es"},{"@type":"WebPage","@id":"https:\/\/www.itaipbc.org.mx\/itaipBC-2019\/comisionada-presidente-del-itaipbc-se-reune-con-auditor-superior-del-estado-de-baja-california\/","url":"https:\/\/www.itaipbc.org.mx\/itaipBC-2019\/comisionada-presidente-del-itaipbc-se-reune-con-auditor-superior-del-estado-de-baja-california\/","name":"COMISIONADA PRESIDENTE DEL ITAIPBC SE RE\u00daNE CON AUDITOR SUPERIOR DEL ESTADO DE BAJA CALIFORNIA - ItaipBC","isPartOf":{"@id":"https:\/\/www.itaipbc.org.mx\/itaipBC-2019\/#website"},"primaryImageOfPage":{"@id":"https:\/\/www.itaipbc.org.mx\/itaipBC-2019\/comisionada-presidente-del-itaipbc-se-reune-con-auditor-superior-del-estado-de-baja-california\/#primaryimage"},"image":{"@id":"https:\/\/www.itaipbc.org.mx\/itaipBC-2019\/comisionada-presidente-del-itaipbc-se-reune-con-auditor-superior-del-estado-de-baja-california\/#primaryimage"},"thumbnailUrl":"https:\/\/www.itaipbc.org.mx\/itaipBC-2019\/wp-content\/uploads\/2020\/04\/boletin230.png","datePublished":"2020-03-13T19:52:30+00:00","dateModified":"2020-07-02T21:01:28+00:00","breadcrumb":{"@id":"https:\/\/www.itaipbc.org.mx\/itaipBC-2019\/comisionada-presidente-del-itaipbc-se-reune-con-auditor-superior-del-estado-de-baja-california\/#breadcrumb"},"inLanguage":"es","potentialAction":[{"@type":"ReadAction","target":["https:\/\/www.itaipbc.org.mx\/itaipBC-2019\/comisionada-presidente-del-itaipbc-se-reune-con-auditor-superior-del-estado-de-baja-california\/"]}]},{"@type":"ImageObject","inLanguage":"es","@id":"https:\/\/www.itaipbc.org.mx\/itaipBC-2019\/comisionada-presidente-del-itaipbc-se-reune-con-auditor-superior-del-estado-de-baja-california\/#primaryimage","url":"https:\/\/www.itaipbc.org.mx\/itaipBC-2019\/wp-content\/uploads\/2020\/04\/boletin230.png","contentUrl":"https:\/\/www.itaipbc.org.mx\/itaipBC-2019\/wp-content\/uploads\/2020\/04\/boletin230.png","width":985,"height":570},{"@type":"BreadcrumbList","@id":"https:\/\/www.itaipbc.org.mx\/itaipBC-2019\/comisionada-presidente-del-itaipbc-se-reune-con-auditor-superior-del-estado-de-baja-california\/#breadcrumb","itemListElement":[{"@type":"ListItem","position":1,"name":"Portada","item":"https:\/\/www.itaipbc.org.mx\/itaipBC-2019\/"},{"@type":"ListItem","position":2,"name":"COMISIONADA PRESIDENTE DEL ITAIPBC SE RE\u00daNE CON AUDITOR SUPERIOR DEL ESTADO DE BAJA CALIFORNIA"}]},{"@type":"WebSite","@id":"https:\/\/www.itaipbc.org.mx\/itaipBC-2019\/#website","url":"https:\/\/www.itaipbc.org.mx\/itaipBC-2019\/","name":"ItaipBC","description":"","publisher":{"@id":"https:\/\/www.itaipbc.org.mx\/itaipBC-2019\/#organization"},"potentialAction":[{"@type":"SearchAction","target":{"@type":"EntryPoint","urlTemplate":"https:\/\/www.itaipbc.org.mx\/itaipBC-2019\/?s={search_term_string}"},"query-input":{"@type":"PropertyValueSpecification","valueRequired":true,"valueName":"search_term_string"}}],"inLanguage":"es"},{"@type":"Organization","@id":"https:\/\/www.itaipbc.org.mx\/itaipBC-2019\/#organization","name":"Instituto de Transparencia Baja California","url":"https:\/\/www.itaipbc.org.mx\/itaipBC-2019\/","logo":{"@type":"ImageObject","inLanguage":"es","@id":"https:\/\/www.itaipbc.org.mx\/itaipBC-2019\/#\/schema\/logo\/image\/","url":"http:\/\/www.itaipbc.org.mx\/itaipBC-2019\/wp-content\/uploads\/2020\/01\/ITAIPBC-Completo.png","contentUrl":"http:\/\/www.itaipbc.org.mx\/itaipBC-2019\/wp-content\/uploads\/2020\/01\/ITAIPBC-Completo.png","width":750,"height":174,"caption":"Instituto de Transparencia Baja California"},"image":{"@id":"https:\/\/www.itaipbc.org.mx\/itaipBC-2019\/#\/schema\/logo\/image\/"}},{"@type":"Person","@id":"https:\/\/www.itaipbc.org.mx\/itaipBC-2019\/#\/schema\/person\/77ca95a1be870d8dffb7f2599507593d","name":"Luis Daniel Sanchez Erenas","image":{"@type":"ImageObject","inLanguage":"es","@id":"https:\/\/www.itaipbc.org.mx\/itaipBC-2019\/#\/schema\/person\/image\/","url":"https:\/\/secure.gravatar.com\/avatar\/a45012700f462c241d76ccc0c519fab87158366d15a159fc4774183914173d71?s=96&d=mm&r=g","contentUrl":"https:\/\/secure.gravatar.com\/avatar\/a45012700f462c241d76ccc0c519fab87158366d15a159fc4774183914173d71?s=96&d=mm&r=g","caption":"Luis Daniel Sanchez Erenas"},"url":"https:\/\/www.itaipbc.org.mx\/itaipBC-2019\/author\/ldsanchez\/"}]}},"_links":{"self":[{"href":"https:\/\/www.itaipbc.org.mx\/itaipBC-2019\/wp-json\/wp\/v2\/posts\/2914","targetHints":{"allow":["GET"]}}],"collection":[{"href":"https:\/\/www.itaipbc.org.mx\/itaipBC-2019\/wp-json\/wp\/v2\/posts"}],"about":[{"href":"https:\/\/www.itaipbc.org.mx\/itaipBC-2019\/wp-json\/wp\/v2\/types\/post"}],"author":[{"embeddable":true,"href":"https:\/\/www.itaipbc.org.mx\/itaipBC-2019\/wp-json\/wp\/v2\/users\/11"}],"replies":[{"embeddable":true,"href":"https:\/\/www.itaipbc.org.mx\/itaipBC-2019\/wp-json\/wp\/v2\/comments?post=2914"}],"version-history":[{"count":0,"href":"https:\/\/www.itaipbc.org.mx\/itaipBC-2019\/wp-json\/wp\/v2\/posts\/2914\/revisions"}],"wp:featuredmedia":[{"embeddable":true,"href":"https:\/\/www.itaipbc.org.mx\/itaipBC-2019\/wp-json\/wp\/v2\/media\/2909"}],"wp:attachment":[{"href":"https:\/\/www.itaipbc.org.mx\/itaipBC-2019\/wp-json\/wp\/v2\/media?parent=2914"}],"wp:term":[{"taxonomy":"category","embeddable":true,"href":"https:\/\/www.itaipbc.org.mx\/itaipBC-2019\/wp-json\/wp\/v2\/categories?post=2914"},{"taxonomy":"post_tag","embeddable":true,"href":"https:\/\/www.itaipbc.org.mx\/itaipBC-2019\/wp-json\/wp\/v2\/tags?post=2914"}],"curies":[{"name":"wp","href":"https:\/\/api.w.org\/{rel}","templated":true}]}}