{"id":208,"date":"2019-12-06T18:10:52","date_gmt":"2019-12-07T02:10:52","guid":{"rendered":"https:\/\/itaipbc.marketerogeek.com\/?p=208"},"modified":"2020-03-06T11:42:09","modified_gmt":"2020-03-06T19:42:09","slug":"itaipbc-clausura-semana-estatal-de-transparencia-2019","status":"publish","type":"post","link":"https:\/\/www.itaipbc.org.mx\/itaipBC-2019\/itaipbc-clausura-semana-estatal-de-transparencia-2019\/","title":{"rendered":"ITAIPBC CLAUSURA SEMANA ESTATAL DE TRANSPARENCIA 2019"},"content":{"rendered":"<p class=\"c-font-19 c-margin-b-20 c-margin-t-20 c-font-dark-1\"><strong>Mexicali, Baja California a 06 de diciembre del 2019<\/strong>El Instituto de Transparencia, Acceso a la Informaci\u00f3n P\u00fablica y Protecci\u00f3n de Datos Personales del Estado de Baja California (ITAIPBC), dio por clausuradas las actividades de la Semana Estatal de Transparencia 2019 (SETBC2019).<\/p>\n<p class=\"c-font-19 c-margin-b-20 c-margin-t-20 c-font-dark-1\">Para dar por terminada las jornadas de conferencias y talleres impartidos durante la SETBC2019, el Comisionado Presidente del Instituto Nacional de Transparencia, Acceso a la Informaci\u00f3n P\u00fablica y Protecci\u00f3n de Datos Personales (INAI), Francisco Javier Acu\u00f1a Llamas, brind\u00f3 la Conferencia Magistral \u201cDebilidades y fortalezas del Sistema Nacional de Transparencia\u201d, dirigida a Sujetos Obligados, estudiantes y sociedad en general.<\/p>\n<p class=\"c-font-19 c-margin-b-20 c-margin-t-20 c-font-dark-1\">Durante su conferencia, el Presidente del INAI hizo hincapi\u00e9 en la importancia de los \u00f3rganos de transparencia del pa\u00eds en una sociedad democr\u00e1tica, as\u00ed mismo mencion\u00f3 que las instituciones de transparencia son instituciones inc\u00f3modas para otras entidades p\u00fablicas debido a su naturaleza.<\/p>\n<p class=\"c-font-19 c-margin-b-20 c-margin-t-20 c-font-dark-1\">\u201cSomos instituciones inc\u00f3modas para quien gobierna, para quien hace sus deberes y peor a\u00fan, para quienes no lo hacen bien. Naturalmente somos instituciones que est\u00e1n descobijando permanentemente, exhibiendo inevitablemente, exponiendo indiscutiblemente, a quienes debiendo hacer bien lo que hacen, no lo hacen bien\u201d.<\/p>\n<p class=\"c-font-19 c-margin-b-20 c-margin-t-20 c-font-dark-1\">Para finalizar el evento, record\u00f3 que el origen de la transparencia y del acceso a la informaci\u00f3n es el legitimo inter\u00e9s de los ciudadanos por conquistar el espacio p\u00fablico, se\u00f1alando que la mayor debilidad del sistema de transparencia es que no haya disposici\u00f3n ciudadana, por lo que invit\u00f3 a la ciudadan\u00eda a hacer valer y exigir sus derechos para contribuir en la formaci\u00f3n de Estado transparente.<\/p>\n<p class=\"c-font-19 c-margin-b-20 c-margin-t-20 c-font-dark-1\">As\u00ed mismo, fue impartido el Tallar para Sujetos Obligados en materia de Protecci\u00f3n de Datos Personales, a cargo de la Secretaria de Ponencia del INAI, Dra. Gabriela In\u00e9s Montes M\u00e1rquez.<\/p>\n<p class=\"c-font-19 c-margin-b-20 c-margin-t-20 c-font-dark-1\">Durante la clausura de la SETBC2019, participaron tambi\u00e9n la Comisionada Presidenta del ITAIPBC, Luc\u00eda Ariana Miranda G\u00f3mez y los Comisionados Cinthya Denise G\u00f3mez Casta\u00f1eda y Jes\u00fas Alberto Sandoval Franco.<\/p>\n","protected":false},"excerpt":{"rendered":"<p>Mexicali, Baja California a 06 de diciembre del 2019El Instituto de Transparencia, Acceso a la Informaci\u00f3n P\u00fablica y Protecci\u00f3n de Datos Personales del Estado de Baja California (ITAIPBC), dio por clausuradas las actividades de la Semana Estatal de Transparencia 2019 (SETBC2019). Para dar por terminada las jornadas de conferencias y talleres impartidos durante la SETBC2019, [&hellip;]<\/p>\n","protected":false},"author":8,"featured_media":213,"comment_status":"closed","ping_status":"closed","sticky":false,"template":"","format":"standard","meta":{"footnotes":""},"categories":[19],"tags":[],"class_list":["post-208","post","type-post","status-publish","format-standard","has-post-thumbnail","hentry","category-principal"],"yoast_head":"<!-- This site is optimized with the Yoast SEO plugin v26.5 - https:\/\/yoast.com\/wordpress\/plugins\/seo\/ -->\n<title>ITAIPBC CLAUSURA SEMANA ESTATAL DE TRANSPARENCIA 2019 - ItaipBC<\/title>\n<meta name=\"robots\" content=\"index, follow, max-snippet:-1, max-image-preview:large, max-video-preview:-1\" \/>\n<link rel=\"canonical\" href=\"https:\/\/www.itaipbc.org.mx\/itaipBC-2019\/itaipbc-clausura-semana-estatal-de-transparencia-2019\/\" \/>\n<meta property=\"og:locale\" content=\"es_ES\" \/>\n<meta property=\"og:type\" content=\"article\" \/>\n<meta property=\"og:title\" content=\"ITAIPBC CLAUSURA SEMANA ESTATAL DE TRANSPARENCIA 2019 - ItaipBC\" \/>\n<meta property=\"og:description\" content=\"Mexicali, Baja California a 06 de diciembre del 2019El Instituto de Transparencia, Acceso a la Informaci\u00f3n P\u00fablica y Protecci\u00f3n de Datos Personales del Estado de Baja California (ITAIPBC), dio por clausuradas las actividades de la Semana Estatal de Transparencia 2019 (SETBC2019). Para dar por terminada las jornadas de conferencias y talleres impartidos durante la SETBC2019, [&hellip;]\" \/>\n<meta property=\"og:url\" content=\"https:\/\/www.itaipbc.org.mx\/itaipBC-2019\/itaipbc-clausura-semana-estatal-de-transparencia-2019\/\" \/>\n<meta property=\"og:site_name\" content=\"ItaipBC\" \/>\n<meta property=\"article:published_time\" content=\"2019-12-07T02:10:52+00:00\" \/>\n<meta property=\"article:modified_time\" content=\"2020-03-06T19:42:09+00:00\" \/>\n<meta property=\"og:image\" content=\"https:\/\/www.itaipbc.org.mx\/itaipBC-2019\/wp-content\/uploads\/2019\/12\/ITAIPBC-CLAUSURA-SEMANA-ESTATAL-DE-TRANSPARENCIA-2019.jpg\" \/>\n\t<meta property=\"og:image:width\" content=\"985\" \/>\n\t<meta property=\"og:image:height\" content=\"570\" \/>\n\t<meta property=\"og:image:type\" content=\"image\/jpeg\" \/>\n<meta name=\"author\" content=\"Anahi Prescencion\" \/>\n<meta name=\"twitter:card\" content=\"summary_large_image\" \/>\n<meta name=\"twitter:label1\" content=\"Escrito por\" \/>\n\t<meta name=\"twitter:data1\" content=\"Anahi Prescencion\" \/>\n\t<meta name=\"twitter:label2\" content=\"Tiempo de lectura\" \/>\n\t<meta name=\"twitter:data2\" content=\"2 minutos\" \/>\n<script type=\"application\/ld+json\" class=\"yoast-schema-graph\">{\"@context\":\"https:\/\/schema.org\",\"@graph\":[{\"@type\":\"Article\",\"@id\":\"https:\/\/www.itaipbc.org.mx\/itaipBC-2019\/itaipbc-clausura-semana-estatal-de-transparencia-2019\/#article\",\"isPartOf\":{\"@id\":\"https:\/\/www.itaipbc.org.mx\/itaipBC-2019\/itaipbc-clausura-semana-estatal-de-transparencia-2019\/\"},\"author\":{\"name\":\"Anahi Prescencion\",\"@id\":\"https:\/\/www.itaipbc.org.mx\/itaipBC-2019\/#\/schema\/person\/fe0517b8be1919f7dd71c9d01a6cdb08\"},\"headline\":\"ITAIPBC CLAUSURA SEMANA ESTATAL DE TRANSPARENCIA 2019\",\"datePublished\":\"2019-12-07T02:10:52+00:00\",\"dateModified\":\"2020-03-06T19:42:09+00:00\",\"mainEntityOfPage\":{\"@id\":\"https:\/\/www.itaipbc.org.mx\/itaipBC-2019\/itaipbc-clausura-semana-estatal-de-transparencia-2019\/\"},\"wordCount\":343,\"publisher\":{\"@id\":\"https:\/\/www.itaipbc.org.mx\/itaipBC-2019\/#organization\"},\"image\":{\"@id\":\"https:\/\/www.itaipbc.org.mx\/itaipBC-2019\/itaipbc-clausura-semana-estatal-de-transparencia-2019\/#primaryimage\"},\"thumbnailUrl\":\"https:\/\/www.itaipbc.org.mx\/itaipBC-2019\/wp-content\/uploads\/2019\/12\/ITAIPBC-CLAUSURA-SEMANA-ESTATAL-DE-TRANSPARENCIA-2019.jpg\",\"articleSection\":[\"Principal\"],\"inLanguage\":\"es\"},{\"@type\":\"WebPage\",\"@id\":\"https:\/\/www.itaipbc.org.mx\/itaipBC-2019\/itaipbc-clausura-semana-estatal-de-transparencia-2019\/\",\"url\":\"https:\/\/www.itaipbc.org.mx\/itaipBC-2019\/itaipbc-clausura-semana-estatal-de-transparencia-2019\/\",\"name\":\"ITAIPBC CLAUSURA SEMANA ESTATAL DE TRANSPARENCIA 2019 - ItaipBC\",\"isPartOf\":{\"@id\":\"https:\/\/www.itaipbc.org.mx\/itaipBC-2019\/#website\"},\"primaryImageOfPage\":{\"@id\":\"https:\/\/www.itaipbc.org.mx\/itaipBC-2019\/itaipbc-clausura-semana-estatal-de-transparencia-2019\/#primaryimage\"},\"image\":{\"@id\":\"https:\/\/www.itaipbc.org.mx\/itaipBC-2019\/itaipbc-clausura-semana-estatal-de-transparencia-2019\/#primaryimage\"},\"thumbnailUrl\":\"https:\/\/www.itaipbc.org.mx\/itaipBC-2019\/wp-content\/uploads\/2019\/12\/ITAIPBC-CLAUSURA-SEMANA-ESTATAL-DE-TRANSPARENCIA-2019.jpg\",\"datePublished\":\"2019-12-07T02:10:52+00:00\",\"dateModified\":\"2020-03-06T19:42:09+00:00\",\"breadcrumb\":{\"@id\":\"https:\/\/www.itaipbc.org.mx\/itaipBC-2019\/itaipbc-clausura-semana-estatal-de-transparencia-2019\/#breadcrumb\"},\"inLanguage\":\"es\",\"potentialAction\":[{\"@type\":\"ReadAction\",\"target\":[\"https:\/\/www.itaipbc.org.mx\/itaipBC-2019\/itaipbc-clausura-semana-estatal-de-transparencia-2019\/\"]}]},{\"@type\":\"ImageObject\",\"inLanguage\":\"es\",\"@id\":\"https:\/\/www.itaipbc.org.mx\/itaipBC-2019\/itaipbc-clausura-semana-estatal-de-transparencia-2019\/#primaryimage\",\"url\":\"https:\/\/www.itaipbc.org.mx\/itaipBC-2019\/wp-content\/uploads\/2019\/12\/ITAIPBC-CLAUSURA-SEMANA-ESTATAL-DE-TRANSPARENCIA-2019.jpg\",\"contentUrl\":\"https:\/\/www.itaipbc.org.mx\/itaipBC-2019\/wp-content\/uploads\/2019\/12\/ITAIPBC-CLAUSURA-SEMANA-ESTATAL-DE-TRANSPARENCIA-2019.jpg\",\"width\":985,\"height\":570,\"caption\":\"Itaipbc Clausura Semana Estatal De Transparencia 2019\"},{\"@type\":\"BreadcrumbList\",\"@id\":\"https:\/\/www.itaipbc.org.mx\/itaipBC-2019\/itaipbc-clausura-semana-estatal-de-transparencia-2019\/#breadcrumb\",\"itemListElement\":[{\"@type\":\"ListItem\",\"position\":1,\"name\":\"Portada\",\"item\":\"https:\/\/www.itaipbc.org.mx\/itaipBC-2019\/\"},{\"@type\":\"ListItem\",\"position\":2,\"name\":\"ITAIPBC CLAUSURA SEMANA ESTATAL DE TRANSPARENCIA 2019\"}]},{\"@type\":\"WebSite\",\"@id\":\"https:\/\/www.itaipbc.org.mx\/itaipBC-2019\/#website\",\"url\":\"https:\/\/www.itaipbc.org.mx\/itaipBC-2019\/\",\"name\":\"ItaipBC\",\"description\":\"\",\"publisher\":{\"@id\":\"https:\/\/www.itaipbc.org.mx\/itaipBC-2019\/#organization\"},\"potentialAction\":[{\"@type\":\"SearchAction\",\"target\":{\"@type\":\"EntryPoint\",\"urlTemplate\":\"https:\/\/www.itaipbc.org.mx\/itaipBC-2019\/?s={search_term_string}\"},\"query-input\":{\"@type\":\"PropertyValueSpecification\",\"valueRequired\":true,\"valueName\":\"search_term_string\"}}],\"inLanguage\":\"es\"},{\"@type\":\"Organization\",\"@id\":\"https:\/\/www.itaipbc.org.mx\/itaipBC-2019\/#organization\",\"name\":\"Instituto de Transparencia Baja California\",\"url\":\"https:\/\/www.itaipbc.org.mx\/itaipBC-2019\/\",\"logo\":{\"@type\":\"ImageObject\",\"inLanguage\":\"es\",\"@id\":\"https:\/\/www.itaipbc.org.mx\/itaipBC-2019\/#\/schema\/logo\/image\/\",\"url\":\"http:\/\/www.itaipbc.org.mx\/itaipBC-2019\/wp-content\/uploads\/2020\/01\/ITAIPBC-Completo.png\",\"contentUrl\":\"http:\/\/www.itaipbc.org.mx\/itaipBC-2019\/wp-content\/uploads\/2020\/01\/ITAIPBC-Completo.png\",\"width\":750,\"height\":174,\"caption\":\"Instituto de Transparencia Baja California\"},\"image\":{\"@id\":\"https:\/\/www.itaipbc.org.mx\/itaipBC-2019\/#\/schema\/logo\/image\/\"}},{\"@type\":\"Person\",\"@id\":\"https:\/\/www.itaipbc.org.mx\/itaipBC-2019\/#\/schema\/person\/fe0517b8be1919f7dd71c9d01a6cdb08\",\"name\":\"Anahi Prescencion\",\"image\":{\"@type\":\"ImageObject\",\"inLanguage\":\"es\",\"@id\":\"https:\/\/www.itaipbc.org.mx\/itaipBC-2019\/#\/schema\/person\/image\/\",\"url\":\"https:\/\/secure.gravatar.com\/avatar\/2f6176908986880d9eb812e72116ebc8b491e070cabea8a491a62c7deac9b784?s=96&d=mm&r=g\",\"contentUrl\":\"https:\/\/secure.gravatar.com\/avatar\/2f6176908986880d9eb812e72116ebc8b491e070cabea8a491a62c7deac9b784?s=96&d=mm&r=g\",\"caption\":\"Anahi Prescencion\"},\"url\":\"https:\/\/www.itaipbc.org.mx\/itaipBC-2019\/author\/aimeemoran\/\"}]}<\/script>\n<!-- \/ Yoast SEO plugin. -->","yoast_head_json":{"title":"ITAIPBC CLAUSURA SEMANA ESTATAL DE TRANSPARENCIA 2019 - ItaipBC","robots":{"index":"index","follow":"follow","max-snippet":"max-snippet:-1","max-image-preview":"max-image-preview:large","max-video-preview":"max-video-preview:-1"},"canonical":"https:\/\/www.itaipbc.org.mx\/itaipBC-2019\/itaipbc-clausura-semana-estatal-de-transparencia-2019\/","og_locale":"es_ES","og_type":"article","og_title":"ITAIPBC CLAUSURA SEMANA ESTATAL DE TRANSPARENCIA 2019 - ItaipBC","og_description":"Mexicali, Baja California a 06 de diciembre del 2019El Instituto de Transparencia, Acceso a la Informaci\u00f3n P\u00fablica y Protecci\u00f3n de Datos Personales del Estado de Baja California (ITAIPBC), dio por clausuradas las actividades de la Semana Estatal de Transparencia 2019 (SETBC2019). Para dar por terminada las jornadas de conferencias y talleres impartidos durante la SETBC2019, [&hellip;]","og_url":"https:\/\/www.itaipbc.org.mx\/itaipBC-2019\/itaipbc-clausura-semana-estatal-de-transparencia-2019\/","og_site_name":"ItaipBC","article_published_time":"2019-12-07T02:10:52+00:00","article_modified_time":"2020-03-06T19:42:09+00:00","og_image":[{"width":985,"height":570,"url":"https:\/\/www.itaipbc.org.mx\/itaipBC-2019\/wp-content\/uploads\/2019\/12\/ITAIPBC-CLAUSURA-SEMANA-ESTATAL-DE-TRANSPARENCIA-2019.jpg","type":"image\/jpeg"}],"author":"Anahi Prescencion","twitter_card":"summary_large_image","twitter_misc":{"Escrito por":"Anahi Prescencion","Tiempo de lectura":"2 minutos"},"schema":{"@context":"https:\/\/schema.org","@graph":[{"@type":"Article","@id":"https:\/\/www.itaipbc.org.mx\/itaipBC-2019\/itaipbc-clausura-semana-estatal-de-transparencia-2019\/#article","isPartOf":{"@id":"https:\/\/www.itaipbc.org.mx\/itaipBC-2019\/itaipbc-clausura-semana-estatal-de-transparencia-2019\/"},"author":{"name":"Anahi Prescencion","@id":"https:\/\/www.itaipbc.org.mx\/itaipBC-2019\/#\/schema\/person\/fe0517b8be1919f7dd71c9d01a6cdb08"},"headline":"ITAIPBC CLAUSURA SEMANA ESTATAL DE TRANSPARENCIA 2019","datePublished":"2019-12-07T02:10:52+00:00","dateModified":"2020-03-06T19:42:09+00:00","mainEntityOfPage":{"@id":"https:\/\/www.itaipbc.org.mx\/itaipBC-2019\/itaipbc-clausura-semana-estatal-de-transparencia-2019\/"},"wordCount":343,"publisher":{"@id":"https:\/\/www.itaipbc.org.mx\/itaipBC-2019\/#organization"},"image":{"@id":"https:\/\/www.itaipbc.org.mx\/itaipBC-2019\/itaipbc-clausura-semana-estatal-de-transparencia-2019\/#primaryimage"},"thumbnailUrl":"https:\/\/www.itaipbc.org.mx\/itaipBC-2019\/wp-content\/uploads\/2019\/12\/ITAIPBC-CLAUSURA-SEMANA-ESTATAL-DE-TRANSPARENCIA-2019.jpg","articleSection":["Principal"],"inLanguage":"es"},{"@type":"WebPage","@id":"https:\/\/www.itaipbc.org.mx\/itaipBC-2019\/itaipbc-clausura-semana-estatal-de-transparencia-2019\/","url":"https:\/\/www.itaipbc.org.mx\/itaipBC-2019\/itaipbc-clausura-semana-estatal-de-transparencia-2019\/","name":"ITAIPBC CLAUSURA SEMANA ESTATAL DE TRANSPARENCIA 2019 - ItaipBC","isPartOf":{"@id":"https:\/\/www.itaipbc.org.mx\/itaipBC-2019\/#website"},"primaryImageOfPage":{"@id":"https:\/\/www.itaipbc.org.mx\/itaipBC-2019\/itaipbc-clausura-semana-estatal-de-transparencia-2019\/#primaryimage"},"image":{"@id":"https:\/\/www.itaipbc.org.mx\/itaipBC-2019\/itaipbc-clausura-semana-estatal-de-transparencia-2019\/#primaryimage"},"thumbnailUrl":"https:\/\/www.itaipbc.org.mx\/itaipBC-2019\/wp-content\/uploads\/2019\/12\/ITAIPBC-CLAUSURA-SEMANA-ESTATAL-DE-TRANSPARENCIA-2019.jpg","datePublished":"2019-12-07T02:10:52+00:00","dateModified":"2020-03-06T19:42:09+00:00","breadcrumb":{"@id":"https:\/\/www.itaipbc.org.mx\/itaipBC-2019\/itaipbc-clausura-semana-estatal-de-transparencia-2019\/#breadcrumb"},"inLanguage":"es","potentialAction":[{"@type":"ReadAction","target":["https:\/\/www.itaipbc.org.mx\/itaipBC-2019\/itaipbc-clausura-semana-estatal-de-transparencia-2019\/"]}]},{"@type":"ImageObject","inLanguage":"es","@id":"https:\/\/www.itaipbc.org.mx\/itaipBC-2019\/itaipbc-clausura-semana-estatal-de-transparencia-2019\/#primaryimage","url":"https:\/\/www.itaipbc.org.mx\/itaipBC-2019\/wp-content\/uploads\/2019\/12\/ITAIPBC-CLAUSURA-SEMANA-ESTATAL-DE-TRANSPARENCIA-2019.jpg","contentUrl":"https:\/\/www.itaipbc.org.mx\/itaipBC-2019\/wp-content\/uploads\/2019\/12\/ITAIPBC-CLAUSURA-SEMANA-ESTATAL-DE-TRANSPARENCIA-2019.jpg","width":985,"height":570,"caption":"Itaipbc Clausura Semana Estatal De Transparencia 2019"},{"@type":"BreadcrumbList","@id":"https:\/\/www.itaipbc.org.mx\/itaipBC-2019\/itaipbc-clausura-semana-estatal-de-transparencia-2019\/#breadcrumb","itemListElement":[{"@type":"ListItem","position":1,"name":"Portada","item":"https:\/\/www.itaipbc.org.mx\/itaipBC-2019\/"},{"@type":"ListItem","position":2,"name":"ITAIPBC CLAUSURA SEMANA ESTATAL DE TRANSPARENCIA 2019"}]},{"@type":"WebSite","@id":"https:\/\/www.itaipbc.org.mx\/itaipBC-2019\/#website","url":"https:\/\/www.itaipbc.org.mx\/itaipBC-2019\/","name":"ItaipBC","description":"","publisher":{"@id":"https:\/\/www.itaipbc.org.mx\/itaipBC-2019\/#organization"},"potentialAction":[{"@type":"SearchAction","target":{"@type":"EntryPoint","urlTemplate":"https:\/\/www.itaipbc.org.mx\/itaipBC-2019\/?s={search_term_string}"},"query-input":{"@type":"PropertyValueSpecification","valueRequired":true,"valueName":"search_term_string"}}],"inLanguage":"es"},{"@type":"Organization","@id":"https:\/\/www.itaipbc.org.mx\/itaipBC-2019\/#organization","name":"Instituto de Transparencia Baja California","url":"https:\/\/www.itaipbc.org.mx\/itaipBC-2019\/","logo":{"@type":"ImageObject","inLanguage":"es","@id":"https:\/\/www.itaipbc.org.mx\/itaipBC-2019\/#\/schema\/logo\/image\/","url":"http:\/\/www.itaipbc.org.mx\/itaipBC-2019\/wp-content\/uploads\/2020\/01\/ITAIPBC-Completo.png","contentUrl":"http:\/\/www.itaipbc.org.mx\/itaipBC-2019\/wp-content\/uploads\/2020\/01\/ITAIPBC-Completo.png","width":750,"height":174,"caption":"Instituto de Transparencia Baja California"},"image":{"@id":"https:\/\/www.itaipbc.org.mx\/itaipBC-2019\/#\/schema\/logo\/image\/"}},{"@type":"Person","@id":"https:\/\/www.itaipbc.org.mx\/itaipBC-2019\/#\/schema\/person\/fe0517b8be1919f7dd71c9d01a6cdb08","name":"Anahi Prescencion","image":{"@type":"ImageObject","inLanguage":"es","@id":"https:\/\/www.itaipbc.org.mx\/itaipBC-2019\/#\/schema\/person\/image\/","url":"https:\/\/secure.gravatar.com\/avatar\/2f6176908986880d9eb812e72116ebc8b491e070cabea8a491a62c7deac9b784?s=96&d=mm&r=g","contentUrl":"https:\/\/secure.gravatar.com\/avatar\/2f6176908986880d9eb812e72116ebc8b491e070cabea8a491a62c7deac9b784?s=96&d=mm&r=g","caption":"Anahi Prescencion"},"url":"https:\/\/www.itaipbc.org.mx\/itaipBC-2019\/author\/aimeemoran\/"}]}},"_links":{"self":[{"href":"https:\/\/www.itaipbc.org.mx\/itaipBC-2019\/wp-json\/wp\/v2\/posts\/208","targetHints":{"allow":["GET"]}}],"collection":[{"href":"https:\/\/www.itaipbc.org.mx\/itaipBC-2019\/wp-json\/wp\/v2\/posts"}],"about":[{"href":"https:\/\/www.itaipbc.org.mx\/itaipBC-2019\/wp-json\/wp\/v2\/types\/post"}],"author":[{"embeddable":true,"href":"https:\/\/www.itaipbc.org.mx\/itaipBC-2019\/wp-json\/wp\/v2\/users\/8"}],"replies":[{"embeddable":true,"href":"https:\/\/www.itaipbc.org.mx\/itaipBC-2019\/wp-json\/wp\/v2\/comments?post=208"}],"version-history":[{"count":0,"href":"https:\/\/www.itaipbc.org.mx\/itaipBC-2019\/wp-json\/wp\/v2\/posts\/208\/revisions"}],"wp:featuredmedia":[{"embeddable":true,"href":"https:\/\/www.itaipbc.org.mx\/itaipBC-2019\/wp-json\/wp\/v2\/media\/213"}],"wp:attachment":[{"href":"https:\/\/www.itaipbc.org.mx\/itaipBC-2019\/wp-json\/wp\/v2\/media?parent=208"}],"wp:term":[{"taxonomy":"category","embeddable":true,"href":"https:\/\/www.itaipbc.org.mx\/itaipBC-2019\/wp-json\/wp\/v2\/categories?post=208"},{"taxonomy":"post_tag","embeddable":true,"href":"https:\/\/www.itaipbc.org.mx\/itaipBC-2019\/wp-json\/wp\/v2\/tags?post=208"}],"curies":[{"name":"wp","href":"https:\/\/api.w.org\/{rel}","templated":true}]}}