{"id":12131,"date":"2024-04-30T10:28:20","date_gmt":"2024-04-30T17:28:20","guid":{"rendered":"https:\/\/www.itaipbc.org.mx\/itaipBC-2019\/itaipbc-y-uabc-informan-a-ninas-y-ninos-sobre-la-proteccion-de-datos-personales\/"},"modified":"2024-05-01T16:26:06","modified_gmt":"2024-05-01T23:26:06","slug":"itaipbc-y-uabc-informan-a-ninas-y-ninos-sobre-la-proteccion-de-datos-personales","status":"publish","type":"post","link":"https:\/\/www.itaipbc.org.mx\/itaipBC-2019\/itaipbc-y-uabc-informan-a-ninas-y-ninos-sobre-la-proteccion-de-datos-personales\/","title":{"rendered":"ITAIPBC Y UABC INFORMAN A NI\u00d1AS Y NI\u00d1OS SOBRE LA PROTECCI\u00d3N DE DATOS PERSONALES"},"content":{"rendered":"<p><strong>ITAIPBC Y UABC INFORMAN A NI\u00d1AS Y NI\u00d1OS SOBRE LA PROTECCI\u00d3N DE DATOS PERSONALES<\/strong><\/p>\n<p><img loading=\"lazy\" decoding=\"async\" class=\"alignnone size-medium wp-image-12130\" src=\"https:\/\/www.itaipbc.org.mx\/itaipBC-2019\/wp-content\/uploads\/2024\/04\/IMG_7547-450x303.jpg\" alt=\"\" width=\"450\" height=\"303\" srcset=\"https:\/\/www.itaipbc.org.mx\/itaipBC-2019\/wp-content\/uploads\/2024\/04\/IMG_7547-450x303.jpg 450w, https:\/\/www.itaipbc.org.mx\/itaipBC-2019\/wp-content\/uploads\/2024\/04\/IMG_7547-1024x689.jpg 1024w, https:\/\/www.itaipbc.org.mx\/itaipBC-2019\/wp-content\/uploads\/2024\/04\/IMG_7547-768x516.jpg 768w, https:\/\/www.itaipbc.org.mx\/itaipBC-2019\/wp-content\/uploads\/2024\/04\/IMG_7547-1536x1033.jpg 1536w, https:\/\/www.itaipbc.org.mx\/itaipBC-2019\/wp-content\/uploads\/2024\/04\/IMG_7547.jpg 1636w\" sizes=\"auto, (max-width: 450px) 100vw, 450px\" \/><\/p>\n<p><strong>El Instituto de Transparencia, Acceso a la Informaci\u00f3n P\u00fablica y Protecci\u00f3n de Datos Personales del Estado de Baja California (ITAIPBC)<\/strong>, particip\u00f3 en el festival infantil <strong>\u201cPeque\u00f1o Gran Cimarr\u00f3n\u201d<\/strong>, organizado por la <strong>Universidad Aut\u00f3noma de Baja California (UABC)<\/strong>, a trav\u00e9s de su Centro Deportivo, con motivo del D\u00eda de la Ni\u00f1a y el Ni\u00f1o.<\/p>\n<p><img loading=\"lazy\" decoding=\"async\" class=\"alignnone size-medium wp-image-12134\" src=\"https:\/\/www.itaipbc.org.mx\/itaipBC-2019\/wp-content\/uploads\/2024\/04\/WhatsApp-Image-2024-04-29-at-4.37.38-PM-450x328.jpeg\" alt=\"\" width=\"450\" height=\"328\" srcset=\"https:\/\/www.itaipbc.org.mx\/itaipBC-2019\/wp-content\/uploads\/2024\/04\/WhatsApp-Image-2024-04-29-at-4.37.38-PM-450x328.jpeg 450w, https:\/\/www.itaipbc.org.mx\/itaipBC-2019\/wp-content\/uploads\/2024\/04\/WhatsApp-Image-2024-04-29-at-4.37.38-PM-1024x747.jpeg 1024w, https:\/\/www.itaipbc.org.mx\/itaipBC-2019\/wp-content\/uploads\/2024\/04\/WhatsApp-Image-2024-04-29-at-4.37.38-PM-768x560.jpeg 768w, https:\/\/www.itaipbc.org.mx\/itaipBC-2019\/wp-content\/uploads\/2024\/04\/WhatsApp-Image-2024-04-29-at-4.37.38-PM.jpeg 1271w\" sizes=\"auto, (max-width: 450px) 100vw, 450px\" \/> <img loading=\"lazy\" decoding=\"async\" class=\"alignnone size-medium wp-image-12135\" src=\"https:\/\/www.itaipbc.org.mx\/itaipBC-2019\/wp-content\/uploads\/2024\/04\/IMG_7497-450x300.jpg\" alt=\"\" width=\"450\" height=\"300\" srcset=\"https:\/\/www.itaipbc.org.mx\/itaipBC-2019\/wp-content\/uploads\/2024\/04\/IMG_7497-450x300.jpg 450w, https:\/\/www.itaipbc.org.mx\/itaipBC-2019\/wp-content\/uploads\/2024\/04\/IMG_7497-1024x683.jpg 1024w, https:\/\/www.itaipbc.org.mx\/itaipBC-2019\/wp-content\/uploads\/2024\/04\/IMG_7497-768x512.jpg 768w, https:\/\/www.itaipbc.org.mx\/itaipBC-2019\/wp-content\/uploads\/2024\/04\/IMG_7497-1536x1024.jpg 1536w, https:\/\/www.itaipbc.org.mx\/itaipBC-2019\/wp-content\/uploads\/2024\/04\/IMG_7497.jpg 1920w\" sizes=\"auto, (max-width: 450px) 100vw, 450px\" \/><\/p>\n<p>El <strong>Comisionado Presidente del ITAIPBC, Dr. Jos\u00e9 Francisco G\u00f3mez Mc Donough<\/strong>, detall\u00f3 que la Unidad de Transparencia del Instituto, instal\u00f3 un m\u00f3dulo de informaci\u00f3n con actividades recreativas en las que las ni\u00f1as y ni\u00f1os, aprendieron sobre el derecho de acceso a la informaci\u00f3n y la protecci\u00f3n de los datos personales.<\/p>\n<p>\u201cEs muy indispensable involucrar a las ni\u00f1as y ni\u00f1os en actividades como est\u00e1s. Estamos participando con un m\u00f3dulo de la Unidad de Transparencia, tenemos memor\u00e1ndum de la protecci\u00f3n de datos personales, gato de la transparencia, el gol por la transparencia, boliche y jenga gigante. A parte de participar, se hacen acreedores a un premio\u201d, dijo.<\/p>\n<p>Aunado a ello, personal de la Secretar\u00eda de Protecci\u00f3n de Datos Personales del <strong>Instituto Nacional de Transparencia, Acceso a la Informaci\u00f3n y Protecci\u00f3n de Datos Personales (INAI)<\/strong>, impulsada por la <strong>Comisionada, Dra. Josefina Rom\u00e1n Vergara<\/strong>, presentaron la convocatoria para participar en la edici\u00f3n 2024 del \u201cConcurso para ser Comisionada y Comisionado Infantil y formar parte del Pleno Ni\u00f1as y Ni\u00f1os\u201d.<\/p>\n\n\t\t<style type=\"text\/css\">\n\t\t\t#gallery-1 {\n\t\t\t\tmargin: auto;\n\t\t\t}\n\t\t\t#gallery-1 .gallery-item {\n\t\t\t\tfloat: left;\n\t\t\t\tmargin-top: 10px;\n\t\t\t\ttext-align: center;\n\t\t\t\twidth: 33%;\n\t\t\t}\n\t\t\t#gallery-1 img {\n\t\t\t\tborder: 2px solid #cfcfcf;\n\t\t\t}\n\t\t\t#gallery-1 .gallery-caption {\n\t\t\t\tmargin-left: 0;\n\t\t\t}\n\t\t\t\/* see gallery_shortcode() in wp-includes\/media.php *\/\n\t\t<\/style>\n\t\t<div id='gallery-1' class='gallery galleryid-12131 gallery-columns-3 gallery-size-thumbnail'><dl class='gallery-item'>\n\t\t\t<dt class='gallery-icon landscape'>\n\t\t\t\t<a href='https:\/\/www.itaipbc.org.mx\/itaipBC-2019\/itaipbc-y-uabc-informan-a-ninas-y-ninos-sobre-la-proteccion-de-datos-personales\/img_7478\/'><img loading=\"lazy\" decoding=\"async\" width=\"150\" height=\"150\" src=\"https:\/\/www.itaipbc.org.mx\/itaipBC-2019\/wp-content\/uploads\/2024\/04\/IMG_7478-150x150.jpg\" class=\"attachment-thumbnail size-thumbnail\" alt=\"\" \/><\/a>\n\t\t\t<\/dt><\/dl><dl class='gallery-item'>\n\t\t\t<dt class='gallery-icon portrait'>\n\t\t\t\t<a href='https:\/\/www.itaipbc.org.mx\/itaipBC-2019\/itaipbc-y-uabc-informan-a-ninas-y-ninos-sobre-la-proteccion-de-datos-personales\/ff643395-c543-47b8-9b78-cde0f98e3ff5\/'><img loading=\"lazy\" decoding=\"async\" width=\"150\" height=\"150\" src=\"https:\/\/www.itaipbc.org.mx\/itaipBC-2019\/wp-content\/uploads\/2024\/04\/ff643395-c543-47b8-9b78-cde0f98e3ff5-150x150.jpg\" class=\"attachment-thumbnail size-thumbnail\" alt=\"\" srcset=\"https:\/\/www.itaipbc.org.mx\/itaipBC-2019\/wp-content\/uploads\/2024\/04\/ff643395-c543-47b8-9b78-cde0f98e3ff5-150x150.jpg 150w, https:\/\/www.itaipbc.org.mx\/itaipBC-2019\/wp-content\/uploads\/2024\/04\/ff643395-c543-47b8-9b78-cde0f98e3ff5-901x900.jpg 901w\" sizes=\"auto, (max-width: 150px) 100vw, 150px\" \/><\/a>\n\t\t\t<\/dt><\/dl><dl class='gallery-item'>\n\t\t\t<dt class='gallery-icon landscape'>\n\t\t\t\t<a href='https:\/\/www.itaipbc.org.mx\/itaipBC-2019\/itaipbc-y-uabc-informan-a-ninas-y-ninos-sobre-la-proteccion-de-datos-personales\/fd2be433-6626-4e1d-8bab-4cce2eb4d3e3\/'><img loading=\"lazy\" decoding=\"async\" width=\"150\" height=\"150\" src=\"https:\/\/www.itaipbc.org.mx\/itaipBC-2019\/wp-content\/uploads\/2024\/04\/fd2be433-6626-4e1d-8bab-4cce2eb4d3e3-150x150.jpg\" class=\"attachment-thumbnail size-thumbnail\" alt=\"\" \/><\/a>\n\t\t\t<\/dt><\/dl><br style=\"clear: both\" \/><dl class='gallery-item'>\n\t\t\t<dt class='gallery-icon landscape'>\n\t\t\t\t<a href='https:\/\/www.itaipbc.org.mx\/itaipBC-2019\/itaipbc-y-uabc-informan-a-ninas-y-ninos-sobre-la-proteccion-de-datos-personales\/img_7535\/'><img loading=\"lazy\" decoding=\"async\" width=\"150\" height=\"150\" src=\"https:\/\/www.itaipbc.org.mx\/itaipBC-2019\/wp-content\/uploads\/2024\/04\/IMG_7535-150x150.jpg\" class=\"attachment-thumbnail size-thumbnail\" alt=\"\" \/><\/a>\n\t\t\t<\/dt><\/dl><dl class='gallery-item'>\n\t\t\t<dt class='gallery-icon landscape'>\n\t\t\t\t<a href='https:\/\/www.itaipbc.org.mx\/itaipBC-2019\/itaipbc-y-uabc-informan-a-ninas-y-ninos-sobre-la-proteccion-de-datos-personales\/c72342a4-ad68-4c5a-9cfd-897c4fbc7bc3\/'><img loading=\"lazy\" decoding=\"async\" width=\"150\" height=\"150\" src=\"https:\/\/www.itaipbc.org.mx\/itaipBC-2019\/wp-content\/uploads\/2024\/04\/c72342a4-ad68-4c5a-9cfd-897c4fbc7bc3-150x150.jpg\" class=\"attachment-thumbnail size-thumbnail\" alt=\"\" \/><\/a>\n\t\t\t<\/dt><\/dl><dl class='gallery-item'>\n\t\t\t<dt class='gallery-icon landscape'>\n\t\t\t\t<a href='https:\/\/www.itaipbc.org.mx\/itaipBC-2019\/itaipbc-y-uabc-informan-a-ninas-y-ninos-sobre-la-proteccion-de-datos-personales\/img_7527\/'><img loading=\"lazy\" decoding=\"async\" width=\"150\" height=\"150\" src=\"https:\/\/www.itaipbc.org.mx\/itaipBC-2019\/wp-content\/uploads\/2024\/04\/IMG_7527-150x150.jpg\" class=\"attachment-thumbnail size-thumbnail\" alt=\"\" \/><\/a>\n\t\t\t<\/dt><\/dl><br style=\"clear: both\" \/><dl class='gallery-item'>\n\t\t\t<dt class='gallery-icon landscape'>\n\t\t\t\t<a href='https:\/\/www.itaipbc.org.mx\/itaipBC-2019\/itaipbc-y-uabc-informan-a-ninas-y-ninos-sobre-la-proteccion-de-datos-personales\/7d54acfd-8d31-44c5-b847-605acb537bf1\/'><img loading=\"lazy\" decoding=\"async\" width=\"150\" height=\"150\" src=\"https:\/\/www.itaipbc.org.mx\/itaipBC-2019\/wp-content\/uploads\/2024\/04\/7d54acfd-8d31-44c5-b847-605acb537bf1-150x150.jpg\" class=\"attachment-thumbnail size-thumbnail\" alt=\"\" \/><\/a>\n\t\t\t<\/dt><\/dl><dl class='gallery-item'>\n\t\t\t<dt class='gallery-icon landscape'>\n\t\t\t\t<a href='https:\/\/www.itaipbc.org.mx\/itaipBC-2019\/itaipbc-y-uabc-informan-a-ninas-y-ninos-sobre-la-proteccion-de-datos-personales\/332be829-c7b6-4b20-a962-5cfcf0815ccc\/'><img loading=\"lazy\" decoding=\"async\" width=\"150\" height=\"150\" src=\"https:\/\/www.itaipbc.org.mx\/itaipBC-2019\/wp-content\/uploads\/2024\/04\/332be829-c7b6-4b20-a962-5cfcf0815ccc-150x150.jpg\" class=\"attachment-thumbnail size-thumbnail\" alt=\"\" \/><\/a>\n\t\t\t<\/dt><\/dl><dl class='gallery-item'>\n\t\t\t<dt class='gallery-icon landscape'>\n\t\t\t\t<a href='https:\/\/www.itaipbc.org.mx\/itaipBC-2019\/itaipbc-y-uabc-informan-a-ninas-y-ninos-sobre-la-proteccion-de-datos-personales\/bfa88c4d-8ff6-4066-bb87-3a480b391320\/'><img loading=\"lazy\" decoding=\"async\" width=\"150\" height=\"150\" src=\"https:\/\/www.itaipbc.org.mx\/itaipBC-2019\/wp-content\/uploads\/2024\/04\/bfa88c4d-8ff6-4066-bb87-3a480b391320-150x150.jpg\" class=\"attachment-thumbnail size-thumbnail\" alt=\"\" \/><\/a>\n\t\t\t<\/dt><\/dl><br style=\"clear: both\" \/>\n\t\t<\/div>\n\n<p>Dicho concurso consta de tres etapas: estatal, regional y nacional; las ni\u00f1as y ni\u00f1os que participen, deber\u00e1n tener entre 10 y 12 a\u00f1os, realizar un video donde expliquen la importancia de la protecci\u00f3n de sus datos personales.<\/p>\n<p>Para mayores informes, consulta la convocatoria en la siguiente p\u00e1gina de internet <a href=\"https:\/\/concurso.inai.org.mx\/plenoninos\/\">https:\/\/concurso.inai.org.mx\/plenoninos\/<\/a><\/p>\n<p>Dicho evento que cont\u00f3 con m\u00e1s de 800 ni\u00f1as y ni\u00f1os asistentes, reuni\u00f3 a diversas instituciones p\u00fablicas en la pista atl\u00e9tica de la UABC, Campus Mexicali, con la finalidad de celebrar a la ni\u00f1ez bajacaliforniana y, a su vez, conocieran que servicios ofrecen a la ciudadan\u00eda y la importancia de su creaci\u00f3n.<\/p>\n<p>Estuvieron presentes la Presidenta del Consejo Consultivo del ITAIPBC, Dra. Ana Edith Canales Murillo y el Integrante del Consejo, Mtro. Fernando Manuel Castro Figueroa.<\/p>\n","protected":false},"excerpt":{"rendered":"<p>ITAIPBC Y UABC INFORMAN A NI\u00d1AS Y NI\u00d1OS SOBRE LA PROTECCI\u00d3N DE DATOS PERSONALES El Instituto de Transparencia, Acceso a la Informaci\u00f3n P\u00fablica y Protecci\u00f3n de Datos Personales del Estado de Baja California (ITAIPBC), particip\u00f3 en el festival infantil \u201cPeque\u00f1o Gran Cimarr\u00f3n\u201d, organizado por la Universidad Aut\u00f3noma de Baja California (UABC), a trav\u00e9s de su [&hellip;]<\/p>\n","protected":false},"author":8,"featured_media":12130,"comment_status":"open","ping_status":"open","sticky":false,"template":"","format":"standard","meta":{"footnotes":""},"categories":[1],"tags":[156,93,90,114],"class_list":["post-12131","post","type-post","status-publish","format-standard","has-post-thumbnail","hentry","category-noticias","tag-datos-personales","tag-inai","tag-transparencia","tag-uabc"],"yoast_head":"<!-- This site is optimized with the Yoast SEO plugin v26.5 - https:\/\/yoast.com\/wordpress\/plugins\/seo\/ -->\n<title>ITAIPBC Y UABC INFORMAN A NI\u00d1AS Y NI\u00d1OS SOBRE LA PROTECCI\u00d3N DE DATOS PERSONALES - ItaipBC<\/title>\n<meta name=\"robots\" content=\"index, follow, max-snippet:-1, max-image-preview:large, max-video-preview:-1\" \/>\n<link rel=\"canonical\" href=\"https:\/\/www.itaipbc.org.mx\/itaipBC-2019\/itaipbc-y-uabc-informan-a-ninas-y-ninos-sobre-la-proteccion-de-datos-personales\/\" \/>\n<meta property=\"og:locale\" content=\"es_ES\" \/>\n<meta property=\"og:type\" content=\"article\" \/>\n<meta property=\"og:title\" content=\"ITAIPBC Y UABC INFORMAN A NI\u00d1AS Y NI\u00d1OS SOBRE LA PROTECCI\u00d3N DE DATOS PERSONALES - ItaipBC\" \/>\n<meta property=\"og:description\" content=\"ITAIPBC Y UABC INFORMAN A NI\u00d1AS Y NI\u00d1OS SOBRE LA PROTECCI\u00d3N DE DATOS PERSONALES El Instituto de Transparencia, Acceso a la Informaci\u00f3n P\u00fablica y Protecci\u00f3n de Datos Personales del Estado de Baja California (ITAIPBC), particip\u00f3 en el festival infantil \u201cPeque\u00f1o Gran Cimarr\u00f3n\u201d, organizado por la Universidad Aut\u00f3noma de Baja California (UABC), a trav\u00e9s de su [&hellip;]\" \/>\n<meta property=\"og:url\" content=\"https:\/\/www.itaipbc.org.mx\/itaipBC-2019\/itaipbc-y-uabc-informan-a-ninas-y-ninos-sobre-la-proteccion-de-datos-personales\/\" \/>\n<meta property=\"og:site_name\" content=\"ItaipBC\" \/>\n<meta property=\"article:published_time\" content=\"2024-04-30T17:28:20+00:00\" \/>\n<meta property=\"article:modified_time\" content=\"2024-05-01T23:26:06+00:00\" \/>\n<meta property=\"og:image\" content=\"https:\/\/www.itaipbc.org.mx\/itaipBC-2019\/wp-content\/uploads\/2024\/04\/IMG_7547.jpg\" \/>\n\t<meta property=\"og:image:width\" content=\"1636\" \/>\n\t<meta property=\"og:image:height\" content=\"1100\" \/>\n\t<meta property=\"og:image:type\" content=\"image\/jpeg\" \/>\n<meta name=\"author\" content=\"Anahi Prescencion\" \/>\n<meta name=\"twitter:card\" content=\"summary_large_image\" \/>\n<meta name=\"twitter:label1\" content=\"Escrito por\" \/>\n\t<meta name=\"twitter:data1\" content=\"Anahi Prescencion\" \/>\n\t<meta name=\"twitter:label2\" content=\"Tiempo de lectura\" \/>\n\t<meta name=\"twitter:data2\" content=\"3 minutos\" \/>\n<script type=\"application\/ld+json\" class=\"yoast-schema-graph\">{\"@context\":\"https:\/\/schema.org\",\"@graph\":[{\"@type\":\"Article\",\"@id\":\"https:\/\/www.itaipbc.org.mx\/itaipBC-2019\/itaipbc-y-uabc-informan-a-ninas-y-ninos-sobre-la-proteccion-de-datos-personales\/#article\",\"isPartOf\":{\"@id\":\"https:\/\/www.itaipbc.org.mx\/itaipBC-2019\/itaipbc-y-uabc-informan-a-ninas-y-ninos-sobre-la-proteccion-de-datos-personales\/\"},\"author\":{\"name\":\"Anahi Prescencion\",\"@id\":\"https:\/\/www.itaipbc.org.mx\/itaipBC-2019\/#\/schema\/person\/fe0517b8be1919f7dd71c9d01a6cdb08\"},\"headline\":\"ITAIPBC Y UABC INFORMAN A NI\u00d1AS Y NI\u00d1OS SOBRE LA PROTECCI\u00d3N DE DATOS PERSONALES\",\"datePublished\":\"2024-04-30T17:28:20+00:00\",\"dateModified\":\"2024-05-01T23:26:06+00:00\",\"mainEntityOfPage\":{\"@id\":\"https:\/\/www.itaipbc.org.mx\/itaipBC-2019\/itaipbc-y-uabc-informan-a-ninas-y-ninos-sobre-la-proteccion-de-datos-personales\/\"},\"wordCount\":426,\"commentCount\":0,\"publisher\":{\"@id\":\"https:\/\/www.itaipbc.org.mx\/itaipBC-2019\/#organization\"},\"image\":{\"@id\":\"https:\/\/www.itaipbc.org.mx\/itaipBC-2019\/itaipbc-y-uabc-informan-a-ninas-y-ninos-sobre-la-proteccion-de-datos-personales\/#primaryimage\"},\"thumbnailUrl\":\"https:\/\/www.itaipbc.org.mx\/itaipBC-2019\/wp-content\/uploads\/2024\/04\/IMG_7547.jpg\",\"keywords\":[\"DATOS PERSONALES\",\"INAI\",\"TRANSPARENCIA\",\"UABC\"],\"articleSection\":[\"Noticias\"],\"inLanguage\":\"es\",\"potentialAction\":[{\"@type\":\"CommentAction\",\"name\":\"Comment\",\"target\":[\"https:\/\/www.itaipbc.org.mx\/itaipBC-2019\/itaipbc-y-uabc-informan-a-ninas-y-ninos-sobre-la-proteccion-de-datos-personales\/#respond\"]}]},{\"@type\":\"WebPage\",\"@id\":\"https:\/\/www.itaipbc.org.mx\/itaipBC-2019\/itaipbc-y-uabc-informan-a-ninas-y-ninos-sobre-la-proteccion-de-datos-personales\/\",\"url\":\"https:\/\/www.itaipbc.org.mx\/itaipBC-2019\/itaipbc-y-uabc-informan-a-ninas-y-ninos-sobre-la-proteccion-de-datos-personales\/\",\"name\":\"ITAIPBC Y UABC INFORMAN A NI\u00d1AS Y NI\u00d1OS SOBRE LA PROTECCI\u00d3N DE DATOS PERSONALES - ItaipBC\",\"isPartOf\":{\"@id\":\"https:\/\/www.itaipbc.org.mx\/itaipBC-2019\/#website\"},\"primaryImageOfPage\":{\"@id\":\"https:\/\/www.itaipbc.org.mx\/itaipBC-2019\/itaipbc-y-uabc-informan-a-ninas-y-ninos-sobre-la-proteccion-de-datos-personales\/#primaryimage\"},\"image\":{\"@id\":\"https:\/\/www.itaipbc.org.mx\/itaipBC-2019\/itaipbc-y-uabc-informan-a-ninas-y-ninos-sobre-la-proteccion-de-datos-personales\/#primaryimage\"},\"thumbnailUrl\":\"https:\/\/www.itaipbc.org.mx\/itaipBC-2019\/wp-content\/uploads\/2024\/04\/IMG_7547.jpg\",\"datePublished\":\"2024-04-30T17:28:20+00:00\",\"dateModified\":\"2024-05-01T23:26:06+00:00\",\"breadcrumb\":{\"@id\":\"https:\/\/www.itaipbc.org.mx\/itaipBC-2019\/itaipbc-y-uabc-informan-a-ninas-y-ninos-sobre-la-proteccion-de-datos-personales\/#breadcrumb\"},\"inLanguage\":\"es\",\"potentialAction\":[{\"@type\":\"ReadAction\",\"target\":[\"https:\/\/www.itaipbc.org.mx\/itaipBC-2019\/itaipbc-y-uabc-informan-a-ninas-y-ninos-sobre-la-proteccion-de-datos-personales\/\"]}]},{\"@type\":\"ImageObject\",\"inLanguage\":\"es\",\"@id\":\"https:\/\/www.itaipbc.org.mx\/itaipBC-2019\/itaipbc-y-uabc-informan-a-ninas-y-ninos-sobre-la-proteccion-de-datos-personales\/#primaryimage\",\"url\":\"https:\/\/www.itaipbc.org.mx\/itaipBC-2019\/wp-content\/uploads\/2024\/04\/IMG_7547.jpg\",\"contentUrl\":\"https:\/\/www.itaipbc.org.mx\/itaipBC-2019\/wp-content\/uploads\/2024\/04\/IMG_7547.jpg\",\"width\":1636,\"height\":1100},{\"@type\":\"BreadcrumbList\",\"@id\":\"https:\/\/www.itaipbc.org.mx\/itaipBC-2019\/itaipbc-y-uabc-informan-a-ninas-y-ninos-sobre-la-proteccion-de-datos-personales\/#breadcrumb\",\"itemListElement\":[{\"@type\":\"ListItem\",\"position\":1,\"name\":\"Portada\",\"item\":\"https:\/\/www.itaipbc.org.mx\/itaipBC-2019\/\"},{\"@type\":\"ListItem\",\"position\":2,\"name\":\"ITAIPBC Y UABC INFORMAN A NI\u00d1AS Y NI\u00d1OS SOBRE LA PROTECCI\u00d3N DE DATOS PERSONALES\"}]},{\"@type\":\"WebSite\",\"@id\":\"https:\/\/www.itaipbc.org.mx\/itaipBC-2019\/#website\",\"url\":\"https:\/\/www.itaipbc.org.mx\/itaipBC-2019\/\",\"name\":\"ItaipBC\",\"description\":\"\",\"publisher\":{\"@id\":\"https:\/\/www.itaipbc.org.mx\/itaipBC-2019\/#organization\"},\"potentialAction\":[{\"@type\":\"SearchAction\",\"target\":{\"@type\":\"EntryPoint\",\"urlTemplate\":\"https:\/\/www.itaipbc.org.mx\/itaipBC-2019\/?s={search_term_string}\"},\"query-input\":{\"@type\":\"PropertyValueSpecification\",\"valueRequired\":true,\"valueName\":\"search_term_string\"}}],\"inLanguage\":\"es\"},{\"@type\":\"Organization\",\"@id\":\"https:\/\/www.itaipbc.org.mx\/itaipBC-2019\/#organization\",\"name\":\"Instituto de Transparencia Baja California\",\"url\":\"https:\/\/www.itaipbc.org.mx\/itaipBC-2019\/\",\"logo\":{\"@type\":\"ImageObject\",\"inLanguage\":\"es\",\"@id\":\"https:\/\/www.itaipbc.org.mx\/itaipBC-2019\/#\/schema\/logo\/image\/\",\"url\":\"http:\/\/www.itaipbc.org.mx\/itaipBC-2019\/wp-content\/uploads\/2020\/01\/ITAIPBC-Completo.png\",\"contentUrl\":\"http:\/\/www.itaipbc.org.mx\/itaipBC-2019\/wp-content\/uploads\/2020\/01\/ITAIPBC-Completo.png\",\"width\":750,\"height\":174,\"caption\":\"Instituto de Transparencia Baja California\"},\"image\":{\"@id\":\"https:\/\/www.itaipbc.org.mx\/itaipBC-2019\/#\/schema\/logo\/image\/\"}},{\"@type\":\"Person\",\"@id\":\"https:\/\/www.itaipbc.org.mx\/itaipBC-2019\/#\/schema\/person\/fe0517b8be1919f7dd71c9d01a6cdb08\",\"name\":\"Anahi Prescencion\",\"image\":{\"@type\":\"ImageObject\",\"inLanguage\":\"es\",\"@id\":\"https:\/\/www.itaipbc.org.mx\/itaipBC-2019\/#\/schema\/person\/image\/\",\"url\":\"https:\/\/secure.gravatar.com\/avatar\/2f6176908986880d9eb812e72116ebc8b491e070cabea8a491a62c7deac9b784?s=96&d=mm&r=g\",\"contentUrl\":\"https:\/\/secure.gravatar.com\/avatar\/2f6176908986880d9eb812e72116ebc8b491e070cabea8a491a62c7deac9b784?s=96&d=mm&r=g\",\"caption\":\"Anahi Prescencion\"},\"url\":\"https:\/\/www.itaipbc.org.mx\/itaipBC-2019\/author\/aimeemoran\/\"}]}<\/script>\n<!-- \/ Yoast SEO plugin. -->","yoast_head_json":{"title":"ITAIPBC Y UABC INFORMAN A NI\u00d1AS Y NI\u00d1OS SOBRE LA PROTECCI\u00d3N DE DATOS PERSONALES - ItaipBC","robots":{"index":"index","follow":"follow","max-snippet":"max-snippet:-1","max-image-preview":"max-image-preview:large","max-video-preview":"max-video-preview:-1"},"canonical":"https:\/\/www.itaipbc.org.mx\/itaipBC-2019\/itaipbc-y-uabc-informan-a-ninas-y-ninos-sobre-la-proteccion-de-datos-personales\/","og_locale":"es_ES","og_type":"article","og_title":"ITAIPBC Y UABC INFORMAN A NI\u00d1AS Y NI\u00d1OS SOBRE LA PROTECCI\u00d3N DE DATOS PERSONALES - ItaipBC","og_description":"ITAIPBC Y UABC INFORMAN A NI\u00d1AS Y NI\u00d1OS SOBRE LA PROTECCI\u00d3N DE DATOS PERSONALES El Instituto de Transparencia, Acceso a la Informaci\u00f3n P\u00fablica y Protecci\u00f3n de Datos Personales del Estado de Baja California (ITAIPBC), particip\u00f3 en el festival infantil \u201cPeque\u00f1o Gran Cimarr\u00f3n\u201d, organizado por la Universidad Aut\u00f3noma de Baja California (UABC), a trav\u00e9s de su [&hellip;]","og_url":"https:\/\/www.itaipbc.org.mx\/itaipBC-2019\/itaipbc-y-uabc-informan-a-ninas-y-ninos-sobre-la-proteccion-de-datos-personales\/","og_site_name":"ItaipBC","article_published_time":"2024-04-30T17:28:20+00:00","article_modified_time":"2024-05-01T23:26:06+00:00","og_image":[{"width":1636,"height":1100,"url":"https:\/\/www.itaipbc.org.mx\/itaipBC-2019\/wp-content\/uploads\/2024\/04\/IMG_7547.jpg","type":"image\/jpeg"}],"author":"Anahi Prescencion","twitter_card":"summary_large_image","twitter_misc":{"Escrito por":"Anahi Prescencion","Tiempo de lectura":"3 minutos"},"schema":{"@context":"https:\/\/schema.org","@graph":[{"@type":"Article","@id":"https:\/\/www.itaipbc.org.mx\/itaipBC-2019\/itaipbc-y-uabc-informan-a-ninas-y-ninos-sobre-la-proteccion-de-datos-personales\/#article","isPartOf":{"@id":"https:\/\/www.itaipbc.org.mx\/itaipBC-2019\/itaipbc-y-uabc-informan-a-ninas-y-ninos-sobre-la-proteccion-de-datos-personales\/"},"author":{"name":"Anahi Prescencion","@id":"https:\/\/www.itaipbc.org.mx\/itaipBC-2019\/#\/schema\/person\/fe0517b8be1919f7dd71c9d01a6cdb08"},"headline":"ITAIPBC Y UABC INFORMAN A NI\u00d1AS Y NI\u00d1OS SOBRE LA PROTECCI\u00d3N DE DATOS PERSONALES","datePublished":"2024-04-30T17:28:20+00:00","dateModified":"2024-05-01T23:26:06+00:00","mainEntityOfPage":{"@id":"https:\/\/www.itaipbc.org.mx\/itaipBC-2019\/itaipbc-y-uabc-informan-a-ninas-y-ninos-sobre-la-proteccion-de-datos-personales\/"},"wordCount":426,"commentCount":0,"publisher":{"@id":"https:\/\/www.itaipbc.org.mx\/itaipBC-2019\/#organization"},"image":{"@id":"https:\/\/www.itaipbc.org.mx\/itaipBC-2019\/itaipbc-y-uabc-informan-a-ninas-y-ninos-sobre-la-proteccion-de-datos-personales\/#primaryimage"},"thumbnailUrl":"https:\/\/www.itaipbc.org.mx\/itaipBC-2019\/wp-content\/uploads\/2024\/04\/IMG_7547.jpg","keywords":["DATOS PERSONALES","INAI","TRANSPARENCIA","UABC"],"articleSection":["Noticias"],"inLanguage":"es","potentialAction":[{"@type":"CommentAction","name":"Comment","target":["https:\/\/www.itaipbc.org.mx\/itaipBC-2019\/itaipbc-y-uabc-informan-a-ninas-y-ninos-sobre-la-proteccion-de-datos-personales\/#respond"]}]},{"@type":"WebPage","@id":"https:\/\/www.itaipbc.org.mx\/itaipBC-2019\/itaipbc-y-uabc-informan-a-ninas-y-ninos-sobre-la-proteccion-de-datos-personales\/","url":"https:\/\/www.itaipbc.org.mx\/itaipBC-2019\/itaipbc-y-uabc-informan-a-ninas-y-ninos-sobre-la-proteccion-de-datos-personales\/","name":"ITAIPBC Y UABC INFORMAN A NI\u00d1AS Y NI\u00d1OS SOBRE LA PROTECCI\u00d3N DE DATOS PERSONALES - ItaipBC","isPartOf":{"@id":"https:\/\/www.itaipbc.org.mx\/itaipBC-2019\/#website"},"primaryImageOfPage":{"@id":"https:\/\/www.itaipbc.org.mx\/itaipBC-2019\/itaipbc-y-uabc-informan-a-ninas-y-ninos-sobre-la-proteccion-de-datos-personales\/#primaryimage"},"image":{"@id":"https:\/\/www.itaipbc.org.mx\/itaipBC-2019\/itaipbc-y-uabc-informan-a-ninas-y-ninos-sobre-la-proteccion-de-datos-personales\/#primaryimage"},"thumbnailUrl":"https:\/\/www.itaipbc.org.mx\/itaipBC-2019\/wp-content\/uploads\/2024\/04\/IMG_7547.jpg","datePublished":"2024-04-30T17:28:20+00:00","dateModified":"2024-05-01T23:26:06+00:00","breadcrumb":{"@id":"https:\/\/www.itaipbc.org.mx\/itaipBC-2019\/itaipbc-y-uabc-informan-a-ninas-y-ninos-sobre-la-proteccion-de-datos-personales\/#breadcrumb"},"inLanguage":"es","potentialAction":[{"@type":"ReadAction","target":["https:\/\/www.itaipbc.org.mx\/itaipBC-2019\/itaipbc-y-uabc-informan-a-ninas-y-ninos-sobre-la-proteccion-de-datos-personales\/"]}]},{"@type":"ImageObject","inLanguage":"es","@id":"https:\/\/www.itaipbc.org.mx\/itaipBC-2019\/itaipbc-y-uabc-informan-a-ninas-y-ninos-sobre-la-proteccion-de-datos-personales\/#primaryimage","url":"https:\/\/www.itaipbc.org.mx\/itaipBC-2019\/wp-content\/uploads\/2024\/04\/IMG_7547.jpg","contentUrl":"https:\/\/www.itaipbc.org.mx\/itaipBC-2019\/wp-content\/uploads\/2024\/04\/IMG_7547.jpg","width":1636,"height":1100},{"@type":"BreadcrumbList","@id":"https:\/\/www.itaipbc.org.mx\/itaipBC-2019\/itaipbc-y-uabc-informan-a-ninas-y-ninos-sobre-la-proteccion-de-datos-personales\/#breadcrumb","itemListElement":[{"@type":"ListItem","position":1,"name":"Portada","item":"https:\/\/www.itaipbc.org.mx\/itaipBC-2019\/"},{"@type":"ListItem","position":2,"name":"ITAIPBC Y UABC INFORMAN A NI\u00d1AS Y NI\u00d1OS SOBRE LA PROTECCI\u00d3N DE DATOS PERSONALES"}]},{"@type":"WebSite","@id":"https:\/\/www.itaipbc.org.mx\/itaipBC-2019\/#website","url":"https:\/\/www.itaipbc.org.mx\/itaipBC-2019\/","name":"ItaipBC","description":"","publisher":{"@id":"https:\/\/www.itaipbc.org.mx\/itaipBC-2019\/#organization"},"potentialAction":[{"@type":"SearchAction","target":{"@type":"EntryPoint","urlTemplate":"https:\/\/www.itaipbc.org.mx\/itaipBC-2019\/?s={search_term_string}"},"query-input":{"@type":"PropertyValueSpecification","valueRequired":true,"valueName":"search_term_string"}}],"inLanguage":"es"},{"@type":"Organization","@id":"https:\/\/www.itaipbc.org.mx\/itaipBC-2019\/#organization","name":"Instituto de Transparencia Baja California","url":"https:\/\/www.itaipbc.org.mx\/itaipBC-2019\/","logo":{"@type":"ImageObject","inLanguage":"es","@id":"https:\/\/www.itaipbc.org.mx\/itaipBC-2019\/#\/schema\/logo\/image\/","url":"http:\/\/www.itaipbc.org.mx\/itaipBC-2019\/wp-content\/uploads\/2020\/01\/ITAIPBC-Completo.png","contentUrl":"http:\/\/www.itaipbc.org.mx\/itaipBC-2019\/wp-content\/uploads\/2020\/01\/ITAIPBC-Completo.png","width":750,"height":174,"caption":"Instituto de Transparencia Baja California"},"image":{"@id":"https:\/\/www.itaipbc.org.mx\/itaipBC-2019\/#\/schema\/logo\/image\/"}},{"@type":"Person","@id":"https:\/\/www.itaipbc.org.mx\/itaipBC-2019\/#\/schema\/person\/fe0517b8be1919f7dd71c9d01a6cdb08","name":"Anahi Prescencion","image":{"@type":"ImageObject","inLanguage":"es","@id":"https:\/\/www.itaipbc.org.mx\/itaipBC-2019\/#\/schema\/person\/image\/","url":"https:\/\/secure.gravatar.com\/avatar\/2f6176908986880d9eb812e72116ebc8b491e070cabea8a491a62c7deac9b784?s=96&d=mm&r=g","contentUrl":"https:\/\/secure.gravatar.com\/avatar\/2f6176908986880d9eb812e72116ebc8b491e070cabea8a491a62c7deac9b784?s=96&d=mm&r=g","caption":"Anahi Prescencion"},"url":"https:\/\/www.itaipbc.org.mx\/itaipBC-2019\/author\/aimeemoran\/"}]}},"_links":{"self":[{"href":"https:\/\/www.itaipbc.org.mx\/itaipBC-2019\/wp-json\/wp\/v2\/posts\/12131","targetHints":{"allow":["GET"]}}],"collection":[{"href":"https:\/\/www.itaipbc.org.mx\/itaipBC-2019\/wp-json\/wp\/v2\/posts"}],"about":[{"href":"https:\/\/www.itaipbc.org.mx\/itaipBC-2019\/wp-json\/wp\/v2\/types\/post"}],"author":[{"embeddable":true,"href":"https:\/\/www.itaipbc.org.mx\/itaipBC-2019\/wp-json\/wp\/v2\/users\/8"}],"replies":[{"embeddable":true,"href":"https:\/\/www.itaipbc.org.mx\/itaipBC-2019\/wp-json\/wp\/v2\/comments?post=12131"}],"version-history":[{"count":4,"href":"https:\/\/www.itaipbc.org.mx\/itaipBC-2019\/wp-json\/wp\/v2\/posts\/12131\/revisions"}],"predecessor-version":[{"id":12156,"href":"https:\/\/www.itaipbc.org.mx\/itaipBC-2019\/wp-json\/wp\/v2\/posts\/12131\/revisions\/12156"}],"wp:featuredmedia":[{"embeddable":true,"href":"https:\/\/www.itaipbc.org.mx\/itaipBC-2019\/wp-json\/wp\/v2\/media\/12130"}],"wp:attachment":[{"href":"https:\/\/www.itaipbc.org.mx\/itaipBC-2019\/wp-json\/wp\/v2\/media?parent=12131"}],"wp:term":[{"taxonomy":"category","embeddable":true,"href":"https:\/\/www.itaipbc.org.mx\/itaipBC-2019\/wp-json\/wp\/v2\/categories?post=12131"},{"taxonomy":"post_tag","embeddable":true,"href":"https:\/\/www.itaipbc.org.mx\/itaipBC-2019\/wp-json\/wp\/v2\/tags?post=12131"}],"curies":[{"name":"wp","href":"https:\/\/api.w.org\/{rel}","templated":true}]}}