{"id":11396,"date":"2023-11-23T15:25:41","date_gmt":"2023-11-23T23:25:41","guid":{"rendered":"https:\/\/www.itaipbc.org.mx\/itaipBC-2019\/itaipbc-y-congreso-de-baja-california-firman-convenio-de-colaboracion\/"},"modified":"2023-11-24T16:29:03","modified_gmt":"2023-11-25T00:29:03","slug":"itaipbc-y-congreso-de-baja-california-firman-convenio-de-colaboracion","status":"publish","type":"post","link":"https:\/\/www.itaipbc.org.mx\/itaipBC-2019\/itaipbc-y-congreso-de-baja-california-firman-convenio-de-colaboracion\/","title":{"rendered":"ITAIPBC Y CONGRESO DE BAJA CALIFORNIA FIRMAN CONVENIO DE COLABORACI\u00d3N"},"content":{"rendered":"<p><img loading=\"lazy\" decoding=\"async\" class=\"alignnone size-medium wp-image-11395\" src=\"https:\/\/www.itaipbc.org.mx\/itaipBC-2019\/wp-content\/uploads\/2023\/11\/Boletin-450x210.jpg\" alt=\"\" width=\"450\" height=\"210\" srcset=\"https:\/\/www.itaipbc.org.mx\/itaipBC-2019\/wp-content\/uploads\/2023\/11\/Boletin-450x210.jpg 450w, https:\/\/www.itaipbc.org.mx\/itaipBC-2019\/wp-content\/uploads\/2023\/11\/Boletin-1024x478.jpg 1024w, https:\/\/www.itaipbc.org.mx\/itaipBC-2019\/wp-content\/uploads\/2023\/11\/Boletin-768x358.jpg 768w, https:\/\/www.itaipbc.org.mx\/itaipBC-2019\/wp-content\/uploads\/2023\/11\/Boletin.jpg 1280w\" sizes=\"auto, (max-width: 450px) 100vw, 450px\" \/><\/p>\n<p><strong>ITAIPBC Y CONGRESO DE BAJA CALIFORNIA FIRMAN CONVENIO DE COLABORACI\u00d3N<\/strong><\/p>\n<ul>\n<li><strong>Donar\u00e1n programa #DECLARABC al Instituto.<\/strong><\/li>\n<\/ul>\n<p>En aras de reforzar acciones para mejorar las buenas pr\u00e1cticas en materia de transparencia y de rendici\u00f3n de cuentas, el <strong>Instituto de Transparencia, Acceso a la Informaci\u00f3n P\u00fablica y Protecci\u00f3n de Datos Personales del Estado de Baja California (ITAIPBC), <\/strong>celebr\u00f3 un convenio de colaboraci\u00f3n con el <strong>H. Congreso del Estado de Baja California<\/strong>, a fin de compartir el software <em>#DECLARABC<\/em> al organismo garante.<\/p>\n<p>En el evento, el <strong>Comisionado Presidente del ITAIPBC, Jos\u00e9 Francisco G\u00f3mez Mc Donough<\/strong>, asegur\u00f3 que dicho programa, creado por el Poder Legislativo, facilitar\u00e1 a las y los servidores p\u00fablicos el ejercicio de la declaraci\u00f3n patrimonial y de intereses, de acuerdo con lo que establece la Ley General de Responsabilidades Administrativas.<\/p>\n<p>\u201c\u2026 Con el fin de que las personas servidoras p\u00fablicas de ese Instituto est\u00e9n en posibilidad de llenar y presentar en forma electr\u00f3nica sus declaraciones de situaci\u00f3n patrimonial y de intereses de acuerdo a las disposiciones jur\u00eddicas aplicables\u201d, expresa en el convenio firmado.<\/p>\n<p><img loading=\"lazy\" decoding=\"async\" class=\"alignnone size-medium wp-image-11400\" src=\"https:\/\/www.itaipbc.org.mx\/itaipBC-2019\/wp-content\/uploads\/2023\/11\/fa4b19a4-3a7a-41f1-9f4b-da23a67cc8fc-450x338.jpg\" alt=\"\" width=\"450\" height=\"338\" srcset=\"https:\/\/www.itaipbc.org.mx\/itaipBC-2019\/wp-content\/uploads\/2023\/11\/fa4b19a4-3a7a-41f1-9f4b-da23a67cc8fc-450x338.jpg 450w, https:\/\/www.itaipbc.org.mx\/itaipBC-2019\/wp-content\/uploads\/2023\/11\/fa4b19a4-3a7a-41f1-9f4b-da23a67cc8fc-1024x768.jpg 1024w, https:\/\/www.itaipbc.org.mx\/itaipBC-2019\/wp-content\/uploads\/2023\/11\/fa4b19a4-3a7a-41f1-9f4b-da23a67cc8fc-768x576.jpg 768w, https:\/\/www.itaipbc.org.mx\/itaipBC-2019\/wp-content\/uploads\/2023\/11\/fa4b19a4-3a7a-41f1-9f4b-da23a67cc8fc-1536x1152.jpg 1536w, https:\/\/www.itaipbc.org.mx\/itaipBC-2019\/wp-content\/uploads\/2023\/11\/fa4b19a4-3a7a-41f1-9f4b-da23a67cc8fc-400x300.jpg 400w, https:\/\/www.itaipbc.org.mx\/itaipBC-2019\/wp-content\/uploads\/2023\/11\/fa4b19a4-3a7a-41f1-9f4b-da23a67cc8fc-800x600.jpg 800w, https:\/\/www.itaipbc.org.mx\/itaipBC-2019\/wp-content\/uploads\/2023\/11\/fa4b19a4-3a7a-41f1-9f4b-da23a67cc8fc-1200x900.jpg 1200w, https:\/\/www.itaipbc.org.mx\/itaipBC-2019\/wp-content\/uploads\/2023\/11\/fa4b19a4-3a7a-41f1-9f4b-da23a67cc8fc.jpg 1600w\" sizes=\"auto, (max-width: 450px) 100vw, 450px\" \/><\/p>\n<p>G\u00f3mez Mc Donough indic\u00f3 que el sistema electr\u00f3nico #DECLARABC fue desarrollado por la<strong> Unidad de Contralor\u00eda Interna<\/strong> con colaboraci\u00f3n con la<strong> Direcci\u00f3n de Administraci\u00f3n<\/strong> a trav\u00e9s del <strong>Departamento de Inform\u00e1tica del Congreso Estatal<\/strong>, el cual cumple con todos los requisitos, formatos y nomas que marca el <strong>Comit\u00e9 Coordinador del Sistema Nacional Anticorrupci\u00f3n (CCSNA)<\/strong>.<\/p>\n<p>Agreg\u00f3 que, el 24 de octubre del a\u00f1o actual, durante la <strong>Trig\u00e9sima Novena Sesi\u00f3n Ordinaria,<\/strong> el Pleno del Instituto aprob\u00f3 el <strong>Acuerdo AP-10-751<\/strong>, con el prop\u00f3sito de realizar la firma del convenio.<\/p>\n<p>En el evento estuvieron presentes, el Comisionado Propietario Luis Carlos Castro Vizcarra; Secretaria Ejecutiva, Lic. Jimena Jim\u00e9nez Mena y el Contralor Interno, Lic. Jes\u00fas Agust\u00edn Silva Ram\u00edrez.<\/p>\n<p>Por parte del Congreso: Diputado Presidente, Manuel Guerrero Luna; Diputada Alejandra Ang; Diputada Dunnia Montserrat Murillo L\u00f3pez y el Contralor Mtro. Hugo C\u00e9sar Amador N\u00fa\u00f1ez.<\/p>\n","protected":false},"excerpt":{"rendered":"<p>ITAIPBC Y CONGRESO DE BAJA CALIFORNIA FIRMAN CONVENIO DE COLABORACI\u00d3N Donar\u00e1n programa #DECLARABC al Instituto. En aras de reforzar acciones para mejorar las buenas pr\u00e1cticas en materia de transparencia y de rendici\u00f3n de cuentas, el Instituto de Transparencia, Acceso a la Informaci\u00f3n P\u00fablica y Protecci\u00f3n de Datos Personales del Estado de Baja California (ITAIPBC), celebr\u00f3 [&hellip;]<\/p>\n","protected":false},"author":8,"featured_media":11395,"comment_status":"open","ping_status":"open","sticky":false,"template":"","format":"standard","meta":{"footnotes":""},"categories":[1],"tags":[],"class_list":["post-11396","post","type-post","status-publish","format-standard","has-post-thumbnail","hentry","category-noticias"],"yoast_head":"<!-- This site is optimized with the Yoast SEO plugin v26.5 - https:\/\/yoast.com\/wordpress\/plugins\/seo\/ -->\n<title>ITAIPBC Y CONGRESO DE BAJA CALIFORNIA FIRMAN CONVENIO DE COLABORACI\u00d3N - ItaipBC<\/title>\n<meta name=\"robots\" content=\"index, follow, max-snippet:-1, max-image-preview:large, max-video-preview:-1\" \/>\n<link rel=\"canonical\" href=\"https:\/\/www.itaipbc.org.mx\/itaipBC-2019\/itaipbc-y-congreso-de-baja-california-firman-convenio-de-colaboracion\/\" \/>\n<meta property=\"og:locale\" content=\"es_ES\" \/>\n<meta property=\"og:type\" content=\"article\" \/>\n<meta property=\"og:title\" content=\"ITAIPBC Y CONGRESO DE BAJA CALIFORNIA FIRMAN CONVENIO DE COLABORACI\u00d3N - ItaipBC\" \/>\n<meta property=\"og:description\" content=\"ITAIPBC Y CONGRESO DE BAJA CALIFORNIA FIRMAN CONVENIO DE COLABORACI\u00d3N Donar\u00e1n programa #DECLARABC al Instituto. En aras de reforzar acciones para mejorar las buenas pr\u00e1cticas en materia de transparencia y de rendici\u00f3n de cuentas, el Instituto de Transparencia, Acceso a la Informaci\u00f3n P\u00fablica y Protecci\u00f3n de Datos Personales del Estado de Baja California (ITAIPBC), celebr\u00f3 [&hellip;]\" \/>\n<meta property=\"og:url\" content=\"https:\/\/www.itaipbc.org.mx\/itaipBC-2019\/itaipbc-y-congreso-de-baja-california-firman-convenio-de-colaboracion\/\" \/>\n<meta property=\"og:site_name\" content=\"ItaipBC\" \/>\n<meta property=\"article:published_time\" content=\"2023-11-23T23:25:41+00:00\" \/>\n<meta property=\"article:modified_time\" content=\"2023-11-25T00:29:03+00:00\" \/>\n<meta property=\"og:image\" content=\"https:\/\/www.itaipbc.org.mx\/itaipBC-2019\/wp-content\/uploads\/2023\/11\/Boletin.jpg\" \/>\n\t<meta property=\"og:image:width\" content=\"1280\" \/>\n\t<meta property=\"og:image:height\" content=\"597\" \/>\n\t<meta property=\"og:image:type\" content=\"image\/jpeg\" \/>\n<meta name=\"author\" content=\"Anahi Prescencion\" \/>\n<meta name=\"twitter:card\" content=\"summary_large_image\" \/>\n<meta name=\"twitter:label1\" content=\"Escrito por\" \/>\n\t<meta name=\"twitter:data1\" content=\"Anahi Prescencion\" \/>\n\t<meta name=\"twitter:label2\" content=\"Tiempo de lectura\" \/>\n\t<meta name=\"twitter:data2\" content=\"2 minutos\" \/>\n<script type=\"application\/ld+json\" class=\"yoast-schema-graph\">{\"@context\":\"https:\/\/schema.org\",\"@graph\":[{\"@type\":\"Article\",\"@id\":\"https:\/\/www.itaipbc.org.mx\/itaipBC-2019\/itaipbc-y-congreso-de-baja-california-firman-convenio-de-colaboracion\/#article\",\"isPartOf\":{\"@id\":\"https:\/\/www.itaipbc.org.mx\/itaipBC-2019\/itaipbc-y-congreso-de-baja-california-firman-convenio-de-colaboracion\/\"},\"author\":{\"name\":\"Anahi Prescencion\",\"@id\":\"https:\/\/www.itaipbc.org.mx\/itaipBC-2019\/#\/schema\/person\/fe0517b8be1919f7dd71c9d01a6cdb08\"},\"headline\":\"ITAIPBC Y CONGRESO DE BAJA CALIFORNIA FIRMAN CONVENIO DE COLABORACI\u00d3N\",\"datePublished\":\"2023-11-23T23:25:41+00:00\",\"dateModified\":\"2023-11-25T00:29:03+00:00\",\"mainEntityOfPage\":{\"@id\":\"https:\/\/www.itaipbc.org.mx\/itaipBC-2019\/itaipbc-y-congreso-de-baja-california-firman-convenio-de-colaboracion\/\"},\"wordCount\":354,\"commentCount\":0,\"publisher\":{\"@id\":\"https:\/\/www.itaipbc.org.mx\/itaipBC-2019\/#organization\"},\"image\":{\"@id\":\"https:\/\/www.itaipbc.org.mx\/itaipBC-2019\/itaipbc-y-congreso-de-baja-california-firman-convenio-de-colaboracion\/#primaryimage\"},\"thumbnailUrl\":\"https:\/\/www.itaipbc.org.mx\/itaipBC-2019\/wp-content\/uploads\/2023\/11\/Boletin.jpg\",\"articleSection\":[\"Noticias\"],\"inLanguage\":\"es\",\"potentialAction\":[{\"@type\":\"CommentAction\",\"name\":\"Comment\",\"target\":[\"https:\/\/www.itaipbc.org.mx\/itaipBC-2019\/itaipbc-y-congreso-de-baja-california-firman-convenio-de-colaboracion\/#respond\"]}]},{\"@type\":\"WebPage\",\"@id\":\"https:\/\/www.itaipbc.org.mx\/itaipBC-2019\/itaipbc-y-congreso-de-baja-california-firman-convenio-de-colaboracion\/\",\"url\":\"https:\/\/www.itaipbc.org.mx\/itaipBC-2019\/itaipbc-y-congreso-de-baja-california-firman-convenio-de-colaboracion\/\",\"name\":\"ITAIPBC Y CONGRESO DE BAJA CALIFORNIA FIRMAN CONVENIO DE COLABORACI\u00d3N - ItaipBC\",\"isPartOf\":{\"@id\":\"https:\/\/www.itaipbc.org.mx\/itaipBC-2019\/#website\"},\"primaryImageOfPage\":{\"@id\":\"https:\/\/www.itaipbc.org.mx\/itaipBC-2019\/itaipbc-y-congreso-de-baja-california-firman-convenio-de-colaboracion\/#primaryimage\"},\"image\":{\"@id\":\"https:\/\/www.itaipbc.org.mx\/itaipBC-2019\/itaipbc-y-congreso-de-baja-california-firman-convenio-de-colaboracion\/#primaryimage\"},\"thumbnailUrl\":\"https:\/\/www.itaipbc.org.mx\/itaipBC-2019\/wp-content\/uploads\/2023\/11\/Boletin.jpg\",\"datePublished\":\"2023-11-23T23:25:41+00:00\",\"dateModified\":\"2023-11-25T00:29:03+00:00\",\"breadcrumb\":{\"@id\":\"https:\/\/www.itaipbc.org.mx\/itaipBC-2019\/itaipbc-y-congreso-de-baja-california-firman-convenio-de-colaboracion\/#breadcrumb\"},\"inLanguage\":\"es\",\"potentialAction\":[{\"@type\":\"ReadAction\",\"target\":[\"https:\/\/www.itaipbc.org.mx\/itaipBC-2019\/itaipbc-y-congreso-de-baja-california-firman-convenio-de-colaboracion\/\"]}]},{\"@type\":\"ImageObject\",\"inLanguage\":\"es\",\"@id\":\"https:\/\/www.itaipbc.org.mx\/itaipBC-2019\/itaipbc-y-congreso-de-baja-california-firman-convenio-de-colaboracion\/#primaryimage\",\"url\":\"https:\/\/www.itaipbc.org.mx\/itaipBC-2019\/wp-content\/uploads\/2023\/11\/Boletin.jpg\",\"contentUrl\":\"https:\/\/www.itaipbc.org.mx\/itaipBC-2019\/wp-content\/uploads\/2023\/11\/Boletin.jpg\",\"width\":1280,\"height\":597},{\"@type\":\"BreadcrumbList\",\"@id\":\"https:\/\/www.itaipbc.org.mx\/itaipBC-2019\/itaipbc-y-congreso-de-baja-california-firman-convenio-de-colaboracion\/#breadcrumb\",\"itemListElement\":[{\"@type\":\"ListItem\",\"position\":1,\"name\":\"Portada\",\"item\":\"https:\/\/www.itaipbc.org.mx\/itaipBC-2019\/\"},{\"@type\":\"ListItem\",\"position\":2,\"name\":\"ITAIPBC Y CONGRESO DE BAJA CALIFORNIA FIRMAN CONVENIO DE COLABORACI\u00d3N\"}]},{\"@type\":\"WebSite\",\"@id\":\"https:\/\/www.itaipbc.org.mx\/itaipBC-2019\/#website\",\"url\":\"https:\/\/www.itaipbc.org.mx\/itaipBC-2019\/\",\"name\":\"ItaipBC\",\"description\":\"\",\"publisher\":{\"@id\":\"https:\/\/www.itaipbc.org.mx\/itaipBC-2019\/#organization\"},\"potentialAction\":[{\"@type\":\"SearchAction\",\"target\":{\"@type\":\"EntryPoint\",\"urlTemplate\":\"https:\/\/www.itaipbc.org.mx\/itaipBC-2019\/?s={search_term_string}\"},\"query-input\":{\"@type\":\"PropertyValueSpecification\",\"valueRequired\":true,\"valueName\":\"search_term_string\"}}],\"inLanguage\":\"es\"},{\"@type\":\"Organization\",\"@id\":\"https:\/\/www.itaipbc.org.mx\/itaipBC-2019\/#organization\",\"name\":\"Instituto de Transparencia Baja California\",\"url\":\"https:\/\/www.itaipbc.org.mx\/itaipBC-2019\/\",\"logo\":{\"@type\":\"ImageObject\",\"inLanguage\":\"es\",\"@id\":\"https:\/\/www.itaipbc.org.mx\/itaipBC-2019\/#\/schema\/logo\/image\/\",\"url\":\"http:\/\/www.itaipbc.org.mx\/itaipBC-2019\/wp-content\/uploads\/2020\/01\/ITAIPBC-Completo.png\",\"contentUrl\":\"http:\/\/www.itaipbc.org.mx\/itaipBC-2019\/wp-content\/uploads\/2020\/01\/ITAIPBC-Completo.png\",\"width\":750,\"height\":174,\"caption\":\"Instituto de Transparencia Baja California\"},\"image\":{\"@id\":\"https:\/\/www.itaipbc.org.mx\/itaipBC-2019\/#\/schema\/logo\/image\/\"}},{\"@type\":\"Person\",\"@id\":\"https:\/\/www.itaipbc.org.mx\/itaipBC-2019\/#\/schema\/person\/fe0517b8be1919f7dd71c9d01a6cdb08\",\"name\":\"Anahi Prescencion\",\"image\":{\"@type\":\"ImageObject\",\"inLanguage\":\"es\",\"@id\":\"https:\/\/www.itaipbc.org.mx\/itaipBC-2019\/#\/schema\/person\/image\/\",\"url\":\"https:\/\/secure.gravatar.com\/avatar\/2f6176908986880d9eb812e72116ebc8b491e070cabea8a491a62c7deac9b784?s=96&d=mm&r=g\",\"contentUrl\":\"https:\/\/secure.gravatar.com\/avatar\/2f6176908986880d9eb812e72116ebc8b491e070cabea8a491a62c7deac9b784?s=96&d=mm&r=g\",\"caption\":\"Anahi Prescencion\"},\"url\":\"https:\/\/www.itaipbc.org.mx\/itaipBC-2019\/author\/aimeemoran\/\"}]}<\/script>\n<!-- \/ Yoast SEO plugin. -->","yoast_head_json":{"title":"ITAIPBC Y CONGRESO DE BAJA CALIFORNIA FIRMAN CONVENIO DE COLABORACI\u00d3N - ItaipBC","robots":{"index":"index","follow":"follow","max-snippet":"max-snippet:-1","max-image-preview":"max-image-preview:large","max-video-preview":"max-video-preview:-1"},"canonical":"https:\/\/www.itaipbc.org.mx\/itaipBC-2019\/itaipbc-y-congreso-de-baja-california-firman-convenio-de-colaboracion\/","og_locale":"es_ES","og_type":"article","og_title":"ITAIPBC Y CONGRESO DE BAJA CALIFORNIA FIRMAN CONVENIO DE COLABORACI\u00d3N - ItaipBC","og_description":"ITAIPBC Y CONGRESO DE BAJA CALIFORNIA FIRMAN CONVENIO DE COLABORACI\u00d3N Donar\u00e1n programa #DECLARABC al Instituto. En aras de reforzar acciones para mejorar las buenas pr\u00e1cticas en materia de transparencia y de rendici\u00f3n de cuentas, el Instituto de Transparencia, Acceso a la Informaci\u00f3n P\u00fablica y Protecci\u00f3n de Datos Personales del Estado de Baja California (ITAIPBC), celebr\u00f3 [&hellip;]","og_url":"https:\/\/www.itaipbc.org.mx\/itaipBC-2019\/itaipbc-y-congreso-de-baja-california-firman-convenio-de-colaboracion\/","og_site_name":"ItaipBC","article_published_time":"2023-11-23T23:25:41+00:00","article_modified_time":"2023-11-25T00:29:03+00:00","og_image":[{"width":1280,"height":597,"url":"https:\/\/www.itaipbc.org.mx\/itaipBC-2019\/wp-content\/uploads\/2023\/11\/Boletin.jpg","type":"image\/jpeg"}],"author":"Anahi Prescencion","twitter_card":"summary_large_image","twitter_misc":{"Escrito por":"Anahi Prescencion","Tiempo de lectura":"2 minutos"},"schema":{"@context":"https:\/\/schema.org","@graph":[{"@type":"Article","@id":"https:\/\/www.itaipbc.org.mx\/itaipBC-2019\/itaipbc-y-congreso-de-baja-california-firman-convenio-de-colaboracion\/#article","isPartOf":{"@id":"https:\/\/www.itaipbc.org.mx\/itaipBC-2019\/itaipbc-y-congreso-de-baja-california-firman-convenio-de-colaboracion\/"},"author":{"name":"Anahi Prescencion","@id":"https:\/\/www.itaipbc.org.mx\/itaipBC-2019\/#\/schema\/person\/fe0517b8be1919f7dd71c9d01a6cdb08"},"headline":"ITAIPBC Y CONGRESO DE BAJA CALIFORNIA FIRMAN CONVENIO DE COLABORACI\u00d3N","datePublished":"2023-11-23T23:25:41+00:00","dateModified":"2023-11-25T00:29:03+00:00","mainEntityOfPage":{"@id":"https:\/\/www.itaipbc.org.mx\/itaipBC-2019\/itaipbc-y-congreso-de-baja-california-firman-convenio-de-colaboracion\/"},"wordCount":354,"commentCount":0,"publisher":{"@id":"https:\/\/www.itaipbc.org.mx\/itaipBC-2019\/#organization"},"image":{"@id":"https:\/\/www.itaipbc.org.mx\/itaipBC-2019\/itaipbc-y-congreso-de-baja-california-firman-convenio-de-colaboracion\/#primaryimage"},"thumbnailUrl":"https:\/\/www.itaipbc.org.mx\/itaipBC-2019\/wp-content\/uploads\/2023\/11\/Boletin.jpg","articleSection":["Noticias"],"inLanguage":"es","potentialAction":[{"@type":"CommentAction","name":"Comment","target":["https:\/\/www.itaipbc.org.mx\/itaipBC-2019\/itaipbc-y-congreso-de-baja-california-firman-convenio-de-colaboracion\/#respond"]}]},{"@type":"WebPage","@id":"https:\/\/www.itaipbc.org.mx\/itaipBC-2019\/itaipbc-y-congreso-de-baja-california-firman-convenio-de-colaboracion\/","url":"https:\/\/www.itaipbc.org.mx\/itaipBC-2019\/itaipbc-y-congreso-de-baja-california-firman-convenio-de-colaboracion\/","name":"ITAIPBC Y CONGRESO DE BAJA CALIFORNIA FIRMAN CONVENIO DE COLABORACI\u00d3N - ItaipBC","isPartOf":{"@id":"https:\/\/www.itaipbc.org.mx\/itaipBC-2019\/#website"},"primaryImageOfPage":{"@id":"https:\/\/www.itaipbc.org.mx\/itaipBC-2019\/itaipbc-y-congreso-de-baja-california-firman-convenio-de-colaboracion\/#primaryimage"},"image":{"@id":"https:\/\/www.itaipbc.org.mx\/itaipBC-2019\/itaipbc-y-congreso-de-baja-california-firman-convenio-de-colaboracion\/#primaryimage"},"thumbnailUrl":"https:\/\/www.itaipbc.org.mx\/itaipBC-2019\/wp-content\/uploads\/2023\/11\/Boletin.jpg","datePublished":"2023-11-23T23:25:41+00:00","dateModified":"2023-11-25T00:29:03+00:00","breadcrumb":{"@id":"https:\/\/www.itaipbc.org.mx\/itaipBC-2019\/itaipbc-y-congreso-de-baja-california-firman-convenio-de-colaboracion\/#breadcrumb"},"inLanguage":"es","potentialAction":[{"@type":"ReadAction","target":["https:\/\/www.itaipbc.org.mx\/itaipBC-2019\/itaipbc-y-congreso-de-baja-california-firman-convenio-de-colaboracion\/"]}]},{"@type":"ImageObject","inLanguage":"es","@id":"https:\/\/www.itaipbc.org.mx\/itaipBC-2019\/itaipbc-y-congreso-de-baja-california-firman-convenio-de-colaboracion\/#primaryimage","url":"https:\/\/www.itaipbc.org.mx\/itaipBC-2019\/wp-content\/uploads\/2023\/11\/Boletin.jpg","contentUrl":"https:\/\/www.itaipbc.org.mx\/itaipBC-2019\/wp-content\/uploads\/2023\/11\/Boletin.jpg","width":1280,"height":597},{"@type":"BreadcrumbList","@id":"https:\/\/www.itaipbc.org.mx\/itaipBC-2019\/itaipbc-y-congreso-de-baja-california-firman-convenio-de-colaboracion\/#breadcrumb","itemListElement":[{"@type":"ListItem","position":1,"name":"Portada","item":"https:\/\/www.itaipbc.org.mx\/itaipBC-2019\/"},{"@type":"ListItem","position":2,"name":"ITAIPBC Y CONGRESO DE BAJA CALIFORNIA FIRMAN CONVENIO DE COLABORACI\u00d3N"}]},{"@type":"WebSite","@id":"https:\/\/www.itaipbc.org.mx\/itaipBC-2019\/#website","url":"https:\/\/www.itaipbc.org.mx\/itaipBC-2019\/","name":"ItaipBC","description":"","publisher":{"@id":"https:\/\/www.itaipbc.org.mx\/itaipBC-2019\/#organization"},"potentialAction":[{"@type":"SearchAction","target":{"@type":"EntryPoint","urlTemplate":"https:\/\/www.itaipbc.org.mx\/itaipBC-2019\/?s={search_term_string}"},"query-input":{"@type":"PropertyValueSpecification","valueRequired":true,"valueName":"search_term_string"}}],"inLanguage":"es"},{"@type":"Organization","@id":"https:\/\/www.itaipbc.org.mx\/itaipBC-2019\/#organization","name":"Instituto de Transparencia Baja California","url":"https:\/\/www.itaipbc.org.mx\/itaipBC-2019\/","logo":{"@type":"ImageObject","inLanguage":"es","@id":"https:\/\/www.itaipbc.org.mx\/itaipBC-2019\/#\/schema\/logo\/image\/","url":"http:\/\/www.itaipbc.org.mx\/itaipBC-2019\/wp-content\/uploads\/2020\/01\/ITAIPBC-Completo.png","contentUrl":"http:\/\/www.itaipbc.org.mx\/itaipBC-2019\/wp-content\/uploads\/2020\/01\/ITAIPBC-Completo.png","width":750,"height":174,"caption":"Instituto de Transparencia Baja California"},"image":{"@id":"https:\/\/www.itaipbc.org.mx\/itaipBC-2019\/#\/schema\/logo\/image\/"}},{"@type":"Person","@id":"https:\/\/www.itaipbc.org.mx\/itaipBC-2019\/#\/schema\/person\/fe0517b8be1919f7dd71c9d01a6cdb08","name":"Anahi Prescencion","image":{"@type":"ImageObject","inLanguage":"es","@id":"https:\/\/www.itaipbc.org.mx\/itaipBC-2019\/#\/schema\/person\/image\/","url":"https:\/\/secure.gravatar.com\/avatar\/2f6176908986880d9eb812e72116ebc8b491e070cabea8a491a62c7deac9b784?s=96&d=mm&r=g","contentUrl":"https:\/\/secure.gravatar.com\/avatar\/2f6176908986880d9eb812e72116ebc8b491e070cabea8a491a62c7deac9b784?s=96&d=mm&r=g","caption":"Anahi Prescencion"},"url":"https:\/\/www.itaipbc.org.mx\/itaipBC-2019\/author\/aimeemoran\/"}]}},"_links":{"self":[{"href":"https:\/\/www.itaipbc.org.mx\/itaipBC-2019\/wp-json\/wp\/v2\/posts\/11396","targetHints":{"allow":["GET"]}}],"collection":[{"href":"https:\/\/www.itaipbc.org.mx\/itaipBC-2019\/wp-json\/wp\/v2\/posts"}],"about":[{"href":"https:\/\/www.itaipbc.org.mx\/itaipBC-2019\/wp-json\/wp\/v2\/types\/post"}],"author":[{"embeddable":true,"href":"https:\/\/www.itaipbc.org.mx\/itaipBC-2019\/wp-json\/wp\/v2\/users\/8"}],"replies":[{"embeddable":true,"href":"https:\/\/www.itaipbc.org.mx\/itaipBC-2019\/wp-json\/wp\/v2\/comments?post=11396"}],"version-history":[{"count":4,"href":"https:\/\/www.itaipbc.org.mx\/itaipBC-2019\/wp-json\/wp\/v2\/posts\/11396\/revisions"}],"predecessor-version":[{"id":11401,"href":"https:\/\/www.itaipbc.org.mx\/itaipBC-2019\/wp-json\/wp\/v2\/posts\/11396\/revisions\/11401"}],"wp:featuredmedia":[{"embeddable":true,"href":"https:\/\/www.itaipbc.org.mx\/itaipBC-2019\/wp-json\/wp\/v2\/media\/11395"}],"wp:attachment":[{"href":"https:\/\/www.itaipbc.org.mx\/itaipBC-2019\/wp-json\/wp\/v2\/media?parent=11396"}],"wp:term":[{"taxonomy":"category","embeddable":true,"href":"https:\/\/www.itaipbc.org.mx\/itaipBC-2019\/wp-json\/wp\/v2\/categories?post=11396"},{"taxonomy":"post_tag","embeddable":true,"href":"https:\/\/www.itaipbc.org.mx\/itaipBC-2019\/wp-json\/wp\/v2\/tags?post=11396"}],"curies":[{"name":"wp","href":"https:\/\/api.w.org\/{rel}","templated":true}]}}