{"id":10781,"date":"2023-07-15T13:36:18","date_gmt":"2023-07-15T20:36:18","guid":{"rendered":"https:\/\/www.itaipbc.org.mx\/itaipBC-2019\/aprueban-lineamientos-en-materia-de-transparencia-proactiva-proteccion-de-datos-personales-y-medidas-de-apremio\/"},"modified":"2023-07-29T17:41:36","modified_gmt":"2023-07-30T00:41:36","slug":"aprueban-lineamientos-en-materia-de-transparencia-proactiva-proteccion-de-datos-personales-y-medidas-de-apremio","status":"publish","type":"post","link":"https:\/\/www.itaipbc.org.mx\/itaipBC-2019\/aprueban-lineamientos-en-materia-de-transparencia-proactiva-proteccion-de-datos-personales-y-medidas-de-apremio\/","title":{"rendered":"APRUEBAN LINEAMIENTOS EN MATERIA DE TRANSPARENCIA PROACTIVA, PROTECCI\u00d3N DE DATOS PERSONALES Y MEDIDAS DE APREMIO"},"content":{"rendered":"<p><img loading=\"lazy\" decoding=\"async\" class=\"alignnone size-medium wp-image-10780\" src=\"https:\/\/www.itaipbc.org.mx\/itaipBC-2019\/wp-content\/uploads\/2023\/07\/comunicado-450x299.jpeg\" alt=\"\" width=\"450\" height=\"299\" srcset=\"https:\/\/www.itaipbc.org.mx\/itaipBC-2019\/wp-content\/uploads\/2023\/07\/comunicado-450x299.jpeg 450w, https:\/\/www.itaipbc.org.mx\/itaipBC-2019\/wp-content\/uploads\/2023\/07\/comunicado-768x511.jpeg 768w, https:\/\/www.itaipbc.org.mx\/itaipBC-2019\/wp-content\/uploads\/2023\/07\/comunicado.jpeg 1013w\" sizes=\"auto, (max-width: 450px) 100vw, 450px\" \/><\/p>\n<p><strong>APRUEBAN LINEAMIENTOS EN MATERIA DE TRANSPARENCIA PROACTIVA, PROTECCI\u00d3N DE DATOS PERSONALES Y MEDIDAS DE APREMIO<\/strong><\/p>\n<p><strong>\u00a0<\/strong>Durante la Vig\u00e9sima Sexta Sesi\u00f3n Ordinaria, el <strong>Pleno del Instituto de Transparencia, Acceso a la Informaci\u00f3n P\u00fablica y Protecci\u00f3n de Datos Personales del Estado de Baja California (ITAIPBC)<\/strong>, aprob\u00f3 diversos lineamientos, as\u00ed como un manual en materia de protecci\u00f3n de datos personales.<\/p>\n<p>El <strong>Comisionado Presidente del ITAIPBC, Jos\u00e9 Rodolfo Mu\u00f1oz Garc\u00ed<\/strong>a, coment\u00f3 que con el objetivo de brindar mayores herramientas que permitan a los Sujetos Obligados desarrollar mejor su trabajo de acuerdo a las atribuciones que les marca la ley, es que se aprobaron dichos instrumentos normativos.<\/p>\n<p><strong>Lineamientos para determinar los Cat\u00e1logos y Publicaci\u00f3n de Informaci\u00f3n de Inter\u00e9s P\u00fablico para los Sujetos Obligados del Estado de Baja California<\/strong>, directrices que deber\u00e1n observarse para identificar la informaci\u00f3n adicional que se publicar\u00e1 de manera obligatoria por considerarse de inter\u00e9s p\u00fablico, la cual ser\u00e1 requerida anualmente por la Coordinaci\u00f3n de Verificaci\u00f3n y Seguimiento y se publicar\u00e1 de manera obligatoria tras su aprobaci\u00f3n por el Pleno.<\/p>\n<p><strong>Lineamientos para la Emisi\u00f3n y Evaluaci\u00f3n de Pol\u00edticas de Transparencia Proactiva para los Sujetos Obligados del Estado de Baja California<\/strong>, en ellos se establecen las reglas y criterios para la emisi\u00f3n de las pol\u00edticas de transparencia proactiva referidas en los art\u00edculos 63, 64, 65 y 66, a efecto de que los sujetos obligados difundan en sus portales informaci\u00f3n adicional a las obligaciones comunes que marca la <em>Ley de Transparencia y Acceso a la Informaci\u00f3n P\u00fablica para el Estado de Baja California<\/em>.<\/p>\n<p><strong>Lineamientos que establecen el Procedimiento de Imposici\u00f3n, Ejecuci\u00f3n y Notificaci\u00f3n de las Medidas de Apremio Previstas en la Ley de Transparencia y Acceso a la Informaci\u00f3n P\u00fablica para el Estado de Baja California<\/strong>, en los cuales se establece el procedimiento a seguir para calificar la gravedad de las faltas, imposici\u00f3n, determinaci\u00f3n, ejecuci\u00f3n y notificaci\u00f3n de las medidas de apremio previstas en la <em>Ley de Transparencia y Acceso a la Informaci\u00f3n P\u00fablica para el Estado de Baja California<\/em>.<\/p>\n<p><strong>Lineamientos de Protecci\u00f3n de Datos Personales en Posesi\u00f3n de Sujetos Obligados del Estado de Baja California<\/strong>, dicha actualizaci\u00f3n consiste en adecuaciones con enfoque de g\u00e9nero en todo el documento; reestructuraci\u00f3n y orden del articulado; adecuaciones en el procedimiento para el ejercicio de derechos ARCOP, asimismo, se reglament\u00f3 el programa anual de verificaci\u00f3n de oficio y la obligaci\u00f3n de contar con un apartado virtual de protecci\u00f3n de datos personales.<\/p>\n<p><strong>Manual de Tramitaci\u00f3n de Solicitudes ARCOP, a trav\u00e9s de la Plataforma Nacional de Transparencia<\/strong>, el cual contiene el procedimiento de tramitaci\u00f3n de las solicitudes de datos personales a trav\u00e9s de la Plataforma Nacional de Transparencia, el cual se establece del 22 al 35 de la <em>Ley de Protecci\u00f3n de Datos Personales en Posesi\u00f3n de Sujetos Obligados para el Estado de Baja California<\/em>.<\/p>\n<p><strong>\u00a0<\/strong>Por \u00faltimo, el Presidente del \u00d3rgano Garante Local, coment\u00f3 que adem\u00e1s de la aprobaci\u00f3n de los documentos mencionados con anterioridad, tambi\u00e9n aprobaron la resoluci\u00f3n de 13 proyectos de recursos de revisi\u00f3n y 04 denuncias.<\/p>\n<p><strong>Video de la sesi\u00f3n completo <\/strong><\/p>\n<p><a href=\"https:\/\/www.youtube.com\/watch?v=nClXtdGnFoI&amp;ab_channel=ITAIPBC\">https:\/\/www.youtube.com\/watch?v=nClXtdGnFoI&amp;ab_channel=ITAIPBC<\/a><\/p>\n<p><strong>Consulta la informaci\u00f3n en el portal de internet <\/strong><\/p>\n<p><a href=\"https:\/\/www.itaipbc.org.mx\/itaipBC-2019\/\">https:\/\/www.itaipbc.org.mx\/itaipBC-2019\/<\/a><\/p>\n","protected":false},"excerpt":{"rendered":"<p>APRUEBAN LINEAMIENTOS EN MATERIA DE TRANSPARENCIA PROACTIVA, PROTECCI\u00d3N DE DATOS PERSONALES Y MEDIDAS DE APREMIO \u00a0Durante la Vig\u00e9sima Sexta Sesi\u00f3n Ordinaria, el Pleno del Instituto de Transparencia, Acceso a la Informaci\u00f3n P\u00fablica y Protecci\u00f3n de Datos Personales del Estado de Baja California (ITAIPBC), aprob\u00f3 diversos lineamientos, as\u00ed como un manual en materia de protecci\u00f3n de [&hellip;]<\/p>\n","protected":false},"author":8,"featured_media":10780,"comment_status":"open","ping_status":"open","sticky":false,"template":"","format":"standard","meta":{"footnotes":""},"categories":[1],"tags":[156,88,90],"class_list":["post-10781","post","type-post","status-publish","format-standard","has-post-thumbnail","hentry","category-noticias","tag-datos-personales","tag-itaipbc","tag-transparencia"],"yoast_head":"<!-- This site is optimized with the Yoast SEO plugin v26.5 - https:\/\/yoast.com\/wordpress\/plugins\/seo\/ -->\n<title>APRUEBAN LINEAMIENTOS EN MATERIA DE TRANSPARENCIA PROACTIVA, PROTECCI\u00d3N DE DATOS PERSONALES Y MEDIDAS DE APREMIO - ItaipBC<\/title>\n<meta name=\"robots\" content=\"index, follow, max-snippet:-1, max-image-preview:large, max-video-preview:-1\" \/>\n<link rel=\"canonical\" href=\"https:\/\/www.itaipbc.org.mx\/itaipBC-2019\/aprueban-lineamientos-en-materia-de-transparencia-proactiva-proteccion-de-datos-personales-y-medidas-de-apremio\/\" \/>\n<meta property=\"og:locale\" content=\"es_ES\" \/>\n<meta property=\"og:type\" content=\"article\" \/>\n<meta property=\"og:title\" content=\"APRUEBAN LINEAMIENTOS EN MATERIA DE TRANSPARENCIA PROACTIVA, PROTECCI\u00d3N DE DATOS PERSONALES Y MEDIDAS DE APREMIO - ItaipBC\" \/>\n<meta property=\"og:description\" content=\"APRUEBAN LINEAMIENTOS EN MATERIA DE TRANSPARENCIA PROACTIVA, PROTECCI\u00d3N DE DATOS PERSONALES Y MEDIDAS DE APREMIO \u00a0Durante la Vig\u00e9sima Sexta Sesi\u00f3n Ordinaria, el Pleno del Instituto de Transparencia, Acceso a la Informaci\u00f3n P\u00fablica y Protecci\u00f3n de Datos Personales del Estado de Baja California (ITAIPBC), aprob\u00f3 diversos lineamientos, as\u00ed como un manual en materia de protecci\u00f3n de [&hellip;]\" \/>\n<meta property=\"og:url\" content=\"https:\/\/www.itaipbc.org.mx\/itaipBC-2019\/aprueban-lineamientos-en-materia-de-transparencia-proactiva-proteccion-de-datos-personales-y-medidas-de-apremio\/\" \/>\n<meta property=\"og:site_name\" content=\"ItaipBC\" \/>\n<meta property=\"article:published_time\" content=\"2023-07-15T20:36:18+00:00\" \/>\n<meta property=\"article:modified_time\" content=\"2023-07-30T00:41:36+00:00\" \/>\n<meta property=\"og:image\" content=\"https:\/\/www.itaipbc.org.mx\/itaipBC-2019\/wp-content\/uploads\/2023\/07\/comunicado.jpeg\" \/>\n\t<meta property=\"og:image:width\" content=\"1013\" \/>\n\t<meta property=\"og:image:height\" content=\"674\" \/>\n\t<meta property=\"og:image:type\" content=\"image\/jpeg\" \/>\n<meta name=\"author\" content=\"Anahi Prescencion\" \/>\n<meta name=\"twitter:card\" content=\"summary_large_image\" \/>\n<meta name=\"twitter:label1\" content=\"Escrito por\" \/>\n\t<meta name=\"twitter:data1\" content=\"Anahi Prescencion\" \/>\n\t<meta name=\"twitter:label2\" content=\"Tiempo de lectura\" \/>\n\t<meta name=\"twitter:data2\" content=\"3 minutos\" \/>\n<script type=\"application\/ld+json\" class=\"yoast-schema-graph\">{\"@context\":\"https:\/\/schema.org\",\"@graph\":[{\"@type\":\"Article\",\"@id\":\"https:\/\/www.itaipbc.org.mx\/itaipBC-2019\/aprueban-lineamientos-en-materia-de-transparencia-proactiva-proteccion-de-datos-personales-y-medidas-de-apremio\/#article\",\"isPartOf\":{\"@id\":\"https:\/\/www.itaipbc.org.mx\/itaipBC-2019\/aprueban-lineamientos-en-materia-de-transparencia-proactiva-proteccion-de-datos-personales-y-medidas-de-apremio\/\"},\"author\":{\"name\":\"Anahi Prescencion\",\"@id\":\"https:\/\/www.itaipbc.org.mx\/itaipBC-2019\/#\/schema\/person\/fe0517b8be1919f7dd71c9d01a6cdb08\"},\"headline\":\"APRUEBAN LINEAMIENTOS EN MATERIA DE TRANSPARENCIA PROACTIVA, PROTECCI\u00d3N DE DATOS PERSONALES Y MEDIDAS DE APREMIO\",\"datePublished\":\"2023-07-15T20:36:18+00:00\",\"dateModified\":\"2023-07-30T00:41:36+00:00\",\"mainEntityOfPage\":{\"@id\":\"https:\/\/www.itaipbc.org.mx\/itaipBC-2019\/aprueban-lineamientos-en-materia-de-transparencia-proactiva-proteccion-de-datos-personales-y-medidas-de-apremio\/\"},\"wordCount\":589,\"commentCount\":0,\"publisher\":{\"@id\":\"https:\/\/www.itaipbc.org.mx\/itaipBC-2019\/#organization\"},\"image\":{\"@id\":\"https:\/\/www.itaipbc.org.mx\/itaipBC-2019\/aprueban-lineamientos-en-materia-de-transparencia-proactiva-proteccion-de-datos-personales-y-medidas-de-apremio\/#primaryimage\"},\"thumbnailUrl\":\"https:\/\/www.itaipbc.org.mx\/itaipBC-2019\/wp-content\/uploads\/2023\/07\/comunicado.jpeg\",\"keywords\":[\"DATOS PERSONALES\",\"ITAIPBC\",\"TRANSPARENCIA\"],\"articleSection\":[\"Noticias\"],\"inLanguage\":\"es\",\"potentialAction\":[{\"@type\":\"CommentAction\",\"name\":\"Comment\",\"target\":[\"https:\/\/www.itaipbc.org.mx\/itaipBC-2019\/aprueban-lineamientos-en-materia-de-transparencia-proactiva-proteccion-de-datos-personales-y-medidas-de-apremio\/#respond\"]}]},{\"@type\":\"WebPage\",\"@id\":\"https:\/\/www.itaipbc.org.mx\/itaipBC-2019\/aprueban-lineamientos-en-materia-de-transparencia-proactiva-proteccion-de-datos-personales-y-medidas-de-apremio\/\",\"url\":\"https:\/\/www.itaipbc.org.mx\/itaipBC-2019\/aprueban-lineamientos-en-materia-de-transparencia-proactiva-proteccion-de-datos-personales-y-medidas-de-apremio\/\",\"name\":\"APRUEBAN LINEAMIENTOS EN MATERIA DE TRANSPARENCIA PROACTIVA, PROTECCI\u00d3N DE DATOS PERSONALES Y MEDIDAS DE APREMIO - ItaipBC\",\"isPartOf\":{\"@id\":\"https:\/\/www.itaipbc.org.mx\/itaipBC-2019\/#website\"},\"primaryImageOfPage\":{\"@id\":\"https:\/\/www.itaipbc.org.mx\/itaipBC-2019\/aprueban-lineamientos-en-materia-de-transparencia-proactiva-proteccion-de-datos-personales-y-medidas-de-apremio\/#primaryimage\"},\"image\":{\"@id\":\"https:\/\/www.itaipbc.org.mx\/itaipBC-2019\/aprueban-lineamientos-en-materia-de-transparencia-proactiva-proteccion-de-datos-personales-y-medidas-de-apremio\/#primaryimage\"},\"thumbnailUrl\":\"https:\/\/www.itaipbc.org.mx\/itaipBC-2019\/wp-content\/uploads\/2023\/07\/comunicado.jpeg\",\"datePublished\":\"2023-07-15T20:36:18+00:00\",\"dateModified\":\"2023-07-30T00:41:36+00:00\",\"breadcrumb\":{\"@id\":\"https:\/\/www.itaipbc.org.mx\/itaipBC-2019\/aprueban-lineamientos-en-materia-de-transparencia-proactiva-proteccion-de-datos-personales-y-medidas-de-apremio\/#breadcrumb\"},\"inLanguage\":\"es\",\"potentialAction\":[{\"@type\":\"ReadAction\",\"target\":[\"https:\/\/www.itaipbc.org.mx\/itaipBC-2019\/aprueban-lineamientos-en-materia-de-transparencia-proactiva-proteccion-de-datos-personales-y-medidas-de-apremio\/\"]}]},{\"@type\":\"ImageObject\",\"inLanguage\":\"es\",\"@id\":\"https:\/\/www.itaipbc.org.mx\/itaipBC-2019\/aprueban-lineamientos-en-materia-de-transparencia-proactiva-proteccion-de-datos-personales-y-medidas-de-apremio\/#primaryimage\",\"url\":\"https:\/\/www.itaipbc.org.mx\/itaipBC-2019\/wp-content\/uploads\/2023\/07\/comunicado.jpeg\",\"contentUrl\":\"https:\/\/www.itaipbc.org.mx\/itaipBC-2019\/wp-content\/uploads\/2023\/07\/comunicado.jpeg\",\"width\":1013,\"height\":674},{\"@type\":\"BreadcrumbList\",\"@id\":\"https:\/\/www.itaipbc.org.mx\/itaipBC-2019\/aprueban-lineamientos-en-materia-de-transparencia-proactiva-proteccion-de-datos-personales-y-medidas-de-apremio\/#breadcrumb\",\"itemListElement\":[{\"@type\":\"ListItem\",\"position\":1,\"name\":\"Portada\",\"item\":\"https:\/\/www.itaipbc.org.mx\/itaipBC-2019\/\"},{\"@type\":\"ListItem\",\"position\":2,\"name\":\"APRUEBAN LINEAMIENTOS EN MATERIA DE TRANSPARENCIA PROACTIVA, PROTECCI\u00d3N DE DATOS PERSONALES Y MEDIDAS DE APREMIO\"}]},{\"@type\":\"WebSite\",\"@id\":\"https:\/\/www.itaipbc.org.mx\/itaipBC-2019\/#website\",\"url\":\"https:\/\/www.itaipbc.org.mx\/itaipBC-2019\/\",\"name\":\"ItaipBC\",\"description\":\"\",\"publisher\":{\"@id\":\"https:\/\/www.itaipbc.org.mx\/itaipBC-2019\/#organization\"},\"potentialAction\":[{\"@type\":\"SearchAction\",\"target\":{\"@type\":\"EntryPoint\",\"urlTemplate\":\"https:\/\/www.itaipbc.org.mx\/itaipBC-2019\/?s={search_term_string}\"},\"query-input\":{\"@type\":\"PropertyValueSpecification\",\"valueRequired\":true,\"valueName\":\"search_term_string\"}}],\"inLanguage\":\"es\"},{\"@type\":\"Organization\",\"@id\":\"https:\/\/www.itaipbc.org.mx\/itaipBC-2019\/#organization\",\"name\":\"Instituto de Transparencia Baja California\",\"url\":\"https:\/\/www.itaipbc.org.mx\/itaipBC-2019\/\",\"logo\":{\"@type\":\"ImageObject\",\"inLanguage\":\"es\",\"@id\":\"https:\/\/www.itaipbc.org.mx\/itaipBC-2019\/#\/schema\/logo\/image\/\",\"url\":\"http:\/\/www.itaipbc.org.mx\/itaipBC-2019\/wp-content\/uploads\/2020\/01\/ITAIPBC-Completo.png\",\"contentUrl\":\"http:\/\/www.itaipbc.org.mx\/itaipBC-2019\/wp-content\/uploads\/2020\/01\/ITAIPBC-Completo.png\",\"width\":750,\"height\":174,\"caption\":\"Instituto de Transparencia Baja California\"},\"image\":{\"@id\":\"https:\/\/www.itaipbc.org.mx\/itaipBC-2019\/#\/schema\/logo\/image\/\"}},{\"@type\":\"Person\",\"@id\":\"https:\/\/www.itaipbc.org.mx\/itaipBC-2019\/#\/schema\/person\/fe0517b8be1919f7dd71c9d01a6cdb08\",\"name\":\"Anahi Prescencion\",\"image\":{\"@type\":\"ImageObject\",\"inLanguage\":\"es\",\"@id\":\"https:\/\/www.itaipbc.org.mx\/itaipBC-2019\/#\/schema\/person\/image\/\",\"url\":\"https:\/\/secure.gravatar.com\/avatar\/2f6176908986880d9eb812e72116ebc8b491e070cabea8a491a62c7deac9b784?s=96&d=mm&r=g\",\"contentUrl\":\"https:\/\/secure.gravatar.com\/avatar\/2f6176908986880d9eb812e72116ebc8b491e070cabea8a491a62c7deac9b784?s=96&d=mm&r=g\",\"caption\":\"Anahi Prescencion\"},\"url\":\"https:\/\/www.itaipbc.org.mx\/itaipBC-2019\/author\/aimeemoran\/\"}]}<\/script>\n<!-- \/ Yoast SEO plugin. -->","yoast_head_json":{"title":"APRUEBAN LINEAMIENTOS EN MATERIA DE TRANSPARENCIA PROACTIVA, PROTECCI\u00d3N DE DATOS PERSONALES Y MEDIDAS DE APREMIO - ItaipBC","robots":{"index":"index","follow":"follow","max-snippet":"max-snippet:-1","max-image-preview":"max-image-preview:large","max-video-preview":"max-video-preview:-1"},"canonical":"https:\/\/www.itaipbc.org.mx\/itaipBC-2019\/aprueban-lineamientos-en-materia-de-transparencia-proactiva-proteccion-de-datos-personales-y-medidas-de-apremio\/","og_locale":"es_ES","og_type":"article","og_title":"APRUEBAN LINEAMIENTOS EN MATERIA DE TRANSPARENCIA PROACTIVA, PROTECCI\u00d3N DE DATOS PERSONALES Y MEDIDAS DE APREMIO - ItaipBC","og_description":"APRUEBAN LINEAMIENTOS EN MATERIA DE TRANSPARENCIA PROACTIVA, PROTECCI\u00d3N DE DATOS PERSONALES Y MEDIDAS DE APREMIO \u00a0Durante la Vig\u00e9sima Sexta Sesi\u00f3n Ordinaria, el Pleno del Instituto de Transparencia, Acceso a la Informaci\u00f3n P\u00fablica y Protecci\u00f3n de Datos Personales del Estado de Baja California (ITAIPBC), aprob\u00f3 diversos lineamientos, as\u00ed como un manual en materia de protecci\u00f3n de [&hellip;]","og_url":"https:\/\/www.itaipbc.org.mx\/itaipBC-2019\/aprueban-lineamientos-en-materia-de-transparencia-proactiva-proteccion-de-datos-personales-y-medidas-de-apremio\/","og_site_name":"ItaipBC","article_published_time":"2023-07-15T20:36:18+00:00","article_modified_time":"2023-07-30T00:41:36+00:00","og_image":[{"width":1013,"height":674,"url":"https:\/\/www.itaipbc.org.mx\/itaipBC-2019\/wp-content\/uploads\/2023\/07\/comunicado.jpeg","type":"image\/jpeg"}],"author":"Anahi Prescencion","twitter_card":"summary_large_image","twitter_misc":{"Escrito por":"Anahi Prescencion","Tiempo de lectura":"3 minutos"},"schema":{"@context":"https:\/\/schema.org","@graph":[{"@type":"Article","@id":"https:\/\/www.itaipbc.org.mx\/itaipBC-2019\/aprueban-lineamientos-en-materia-de-transparencia-proactiva-proteccion-de-datos-personales-y-medidas-de-apremio\/#article","isPartOf":{"@id":"https:\/\/www.itaipbc.org.mx\/itaipBC-2019\/aprueban-lineamientos-en-materia-de-transparencia-proactiva-proteccion-de-datos-personales-y-medidas-de-apremio\/"},"author":{"name":"Anahi Prescencion","@id":"https:\/\/www.itaipbc.org.mx\/itaipBC-2019\/#\/schema\/person\/fe0517b8be1919f7dd71c9d01a6cdb08"},"headline":"APRUEBAN LINEAMIENTOS EN MATERIA DE TRANSPARENCIA PROACTIVA, PROTECCI\u00d3N DE DATOS PERSONALES Y MEDIDAS DE APREMIO","datePublished":"2023-07-15T20:36:18+00:00","dateModified":"2023-07-30T00:41:36+00:00","mainEntityOfPage":{"@id":"https:\/\/www.itaipbc.org.mx\/itaipBC-2019\/aprueban-lineamientos-en-materia-de-transparencia-proactiva-proteccion-de-datos-personales-y-medidas-de-apremio\/"},"wordCount":589,"commentCount":0,"publisher":{"@id":"https:\/\/www.itaipbc.org.mx\/itaipBC-2019\/#organization"},"image":{"@id":"https:\/\/www.itaipbc.org.mx\/itaipBC-2019\/aprueban-lineamientos-en-materia-de-transparencia-proactiva-proteccion-de-datos-personales-y-medidas-de-apremio\/#primaryimage"},"thumbnailUrl":"https:\/\/www.itaipbc.org.mx\/itaipBC-2019\/wp-content\/uploads\/2023\/07\/comunicado.jpeg","keywords":["DATOS PERSONALES","ITAIPBC","TRANSPARENCIA"],"articleSection":["Noticias"],"inLanguage":"es","potentialAction":[{"@type":"CommentAction","name":"Comment","target":["https:\/\/www.itaipbc.org.mx\/itaipBC-2019\/aprueban-lineamientos-en-materia-de-transparencia-proactiva-proteccion-de-datos-personales-y-medidas-de-apremio\/#respond"]}]},{"@type":"WebPage","@id":"https:\/\/www.itaipbc.org.mx\/itaipBC-2019\/aprueban-lineamientos-en-materia-de-transparencia-proactiva-proteccion-de-datos-personales-y-medidas-de-apremio\/","url":"https:\/\/www.itaipbc.org.mx\/itaipBC-2019\/aprueban-lineamientos-en-materia-de-transparencia-proactiva-proteccion-de-datos-personales-y-medidas-de-apremio\/","name":"APRUEBAN LINEAMIENTOS EN MATERIA DE TRANSPARENCIA PROACTIVA, PROTECCI\u00d3N DE DATOS PERSONALES Y MEDIDAS DE APREMIO - ItaipBC","isPartOf":{"@id":"https:\/\/www.itaipbc.org.mx\/itaipBC-2019\/#website"},"primaryImageOfPage":{"@id":"https:\/\/www.itaipbc.org.mx\/itaipBC-2019\/aprueban-lineamientos-en-materia-de-transparencia-proactiva-proteccion-de-datos-personales-y-medidas-de-apremio\/#primaryimage"},"image":{"@id":"https:\/\/www.itaipbc.org.mx\/itaipBC-2019\/aprueban-lineamientos-en-materia-de-transparencia-proactiva-proteccion-de-datos-personales-y-medidas-de-apremio\/#primaryimage"},"thumbnailUrl":"https:\/\/www.itaipbc.org.mx\/itaipBC-2019\/wp-content\/uploads\/2023\/07\/comunicado.jpeg","datePublished":"2023-07-15T20:36:18+00:00","dateModified":"2023-07-30T00:41:36+00:00","breadcrumb":{"@id":"https:\/\/www.itaipbc.org.mx\/itaipBC-2019\/aprueban-lineamientos-en-materia-de-transparencia-proactiva-proteccion-de-datos-personales-y-medidas-de-apremio\/#breadcrumb"},"inLanguage":"es","potentialAction":[{"@type":"ReadAction","target":["https:\/\/www.itaipbc.org.mx\/itaipBC-2019\/aprueban-lineamientos-en-materia-de-transparencia-proactiva-proteccion-de-datos-personales-y-medidas-de-apremio\/"]}]},{"@type":"ImageObject","inLanguage":"es","@id":"https:\/\/www.itaipbc.org.mx\/itaipBC-2019\/aprueban-lineamientos-en-materia-de-transparencia-proactiva-proteccion-de-datos-personales-y-medidas-de-apremio\/#primaryimage","url":"https:\/\/www.itaipbc.org.mx\/itaipBC-2019\/wp-content\/uploads\/2023\/07\/comunicado.jpeg","contentUrl":"https:\/\/www.itaipbc.org.mx\/itaipBC-2019\/wp-content\/uploads\/2023\/07\/comunicado.jpeg","width":1013,"height":674},{"@type":"BreadcrumbList","@id":"https:\/\/www.itaipbc.org.mx\/itaipBC-2019\/aprueban-lineamientos-en-materia-de-transparencia-proactiva-proteccion-de-datos-personales-y-medidas-de-apremio\/#breadcrumb","itemListElement":[{"@type":"ListItem","position":1,"name":"Portada","item":"https:\/\/www.itaipbc.org.mx\/itaipBC-2019\/"},{"@type":"ListItem","position":2,"name":"APRUEBAN LINEAMIENTOS EN MATERIA DE TRANSPARENCIA PROACTIVA, PROTECCI\u00d3N DE DATOS PERSONALES Y MEDIDAS DE APREMIO"}]},{"@type":"WebSite","@id":"https:\/\/www.itaipbc.org.mx\/itaipBC-2019\/#website","url":"https:\/\/www.itaipbc.org.mx\/itaipBC-2019\/","name":"ItaipBC","description":"","publisher":{"@id":"https:\/\/www.itaipbc.org.mx\/itaipBC-2019\/#organization"},"potentialAction":[{"@type":"SearchAction","target":{"@type":"EntryPoint","urlTemplate":"https:\/\/www.itaipbc.org.mx\/itaipBC-2019\/?s={search_term_string}"},"query-input":{"@type":"PropertyValueSpecification","valueRequired":true,"valueName":"search_term_string"}}],"inLanguage":"es"},{"@type":"Organization","@id":"https:\/\/www.itaipbc.org.mx\/itaipBC-2019\/#organization","name":"Instituto de Transparencia Baja California","url":"https:\/\/www.itaipbc.org.mx\/itaipBC-2019\/","logo":{"@type":"ImageObject","inLanguage":"es","@id":"https:\/\/www.itaipbc.org.mx\/itaipBC-2019\/#\/schema\/logo\/image\/","url":"http:\/\/www.itaipbc.org.mx\/itaipBC-2019\/wp-content\/uploads\/2020\/01\/ITAIPBC-Completo.png","contentUrl":"http:\/\/www.itaipbc.org.mx\/itaipBC-2019\/wp-content\/uploads\/2020\/01\/ITAIPBC-Completo.png","width":750,"height":174,"caption":"Instituto de Transparencia Baja California"},"image":{"@id":"https:\/\/www.itaipbc.org.mx\/itaipBC-2019\/#\/schema\/logo\/image\/"}},{"@type":"Person","@id":"https:\/\/www.itaipbc.org.mx\/itaipBC-2019\/#\/schema\/person\/fe0517b8be1919f7dd71c9d01a6cdb08","name":"Anahi Prescencion","image":{"@type":"ImageObject","inLanguage":"es","@id":"https:\/\/www.itaipbc.org.mx\/itaipBC-2019\/#\/schema\/person\/image\/","url":"https:\/\/secure.gravatar.com\/avatar\/2f6176908986880d9eb812e72116ebc8b491e070cabea8a491a62c7deac9b784?s=96&d=mm&r=g","contentUrl":"https:\/\/secure.gravatar.com\/avatar\/2f6176908986880d9eb812e72116ebc8b491e070cabea8a491a62c7deac9b784?s=96&d=mm&r=g","caption":"Anahi Prescencion"},"url":"https:\/\/www.itaipbc.org.mx\/itaipBC-2019\/author\/aimeemoran\/"}]}},"_links":{"self":[{"href":"https:\/\/www.itaipbc.org.mx\/itaipBC-2019\/wp-json\/wp\/v2\/posts\/10781","targetHints":{"allow":["GET"]}}],"collection":[{"href":"https:\/\/www.itaipbc.org.mx\/itaipBC-2019\/wp-json\/wp\/v2\/posts"}],"about":[{"href":"https:\/\/www.itaipbc.org.mx\/itaipBC-2019\/wp-json\/wp\/v2\/types\/post"}],"author":[{"embeddable":true,"href":"https:\/\/www.itaipbc.org.mx\/itaipBC-2019\/wp-json\/wp\/v2\/users\/8"}],"replies":[{"embeddable":true,"href":"https:\/\/www.itaipbc.org.mx\/itaipBC-2019\/wp-json\/wp\/v2\/comments?post=10781"}],"version-history":[{"count":3,"href":"https:\/\/www.itaipbc.org.mx\/itaipBC-2019\/wp-json\/wp\/v2\/posts\/10781\/revisions"}],"predecessor-version":[{"id":10784,"href":"https:\/\/www.itaipbc.org.mx\/itaipBC-2019\/wp-json\/wp\/v2\/posts\/10781\/revisions\/10784"}],"wp:featuredmedia":[{"embeddable":true,"href":"https:\/\/www.itaipbc.org.mx\/itaipBC-2019\/wp-json\/wp\/v2\/media\/10780"}],"wp:attachment":[{"href":"https:\/\/www.itaipbc.org.mx\/itaipBC-2019\/wp-json\/wp\/v2\/media?parent=10781"}],"wp:term":[{"taxonomy":"category","embeddable":true,"href":"https:\/\/www.itaipbc.org.mx\/itaipBC-2019\/wp-json\/wp\/v2\/categories?post=10781"},{"taxonomy":"post_tag","embeddable":true,"href":"https:\/\/www.itaipbc.org.mx\/itaipBC-2019\/wp-json\/wp\/v2\/tags?post=10781"}],"curies":[{"name":"wp","href":"https:\/\/api.w.org\/{rel}","templated":true}]}}